{"id":737590,"date":"2025-04-24T20:24:34","date_gmt":"2025-04-24T18:24:34","guid":{"rendered":"https:\/\/www.hashtag.al\/?p=737590"},"modified":"2025-04-24T20:24:34","modified_gmt":"2025-04-24T18:24:34","slug":"kpa-rikthen-ne-detyre-prokurorin-bajram-brecani-rrezohet-vendimi-i-kpk-per-shkarkimin-e-tij","status":"publish","type":"post","link":"https:\/\/www.hashtag.al\/index.php\/2025\/04\/24\/kpa-rikthen-ne-detyre-prokurorin-bajram-brecani-rrezohet-vendimi-i-kpk-per-shkarkimin-e-tij\/","title":{"rendered":"KPA rikthen n\u00eb detyr\u00eb prokurorin Bajram Bre\u00e7ani, rr\u00ebzohet vendimi i KPK p\u00ebr shkarkimin e tij","gt_translate_keys":[{"key":"rendered","format":"text"}]},"content":{"rendered":"<p class=\"\" data-start=\"181\" data-end=\"436\"><span style=\"color: #000000;\"><img decoding=\"async\" src=\"https:\/\/www.hashtag.al\/wp-content\/uploads\/2024\/11\/KPA-770x401-1.jpg\" \/><\/span><\/p>\n<p class=\"\" data-start=\"181\" data-end=\"436\"><span style=\"color: #000000;\">Kolegji i Posa\u00e7\u00ebm i Apelimit (KPA) ka vendosur t\u00eb rikthej\u00eb n\u00eb detyr\u00eb prokurorin e Tiran\u00ebs, Bajram Bre\u00e7ani, duke rr\u00ebzuar vendimin e m\u00ebparsh\u00ebm t\u00eb Komisionit t\u00eb Pavarur t\u00eb Kualifikimit (KPK), i cili e kishte shkarkuar at\u00eb p\u00ebr probleme n\u00eb kriterin e pasuris\u00eb.<\/span><\/p>\n<p class=\"\" data-start=\"438\" data-end=\"815\"><span style=\"color: #000000;\">Vendimi i KPK-s\u00eb ishte marr\u00eb m\u00eb 6 shtator 2022, por Bre\u00e7ani e ankimoi at\u00eb n\u00eb KPA. Pas shqyrtimit t\u00eb \u00e7\u00ebshtjes nr. 47\/2022, trupi gjykues i Kolegjit, i p\u00ebrb\u00ebr\u00eb nga Ina Rama (kryesuese), Sokol \u00c7omo (relator), dhe an\u00ebtar\u00ebt Mimoza Tasi, Natasha Mulaj dhe Rezarta Schuetz, vendosi me shumic\u00eb votash ndryshimin e vendimit t\u00eb KPK-s\u00eb dhe konfirmimin n\u00eb detyr\u00eb t\u00eb prokurorit Bre\u00e7ani.<\/span><\/p>\n<p class=\"\" data-start=\"817\" data-end=\"1132\"><span style=\"color: #000000;\"><em>\u201cN\u00eb p\u00ebrfundim t\u00eb gjykimit n\u00eb dhom\u00eb k\u00ebshillimi, trupi gjykues vendosi: Ndryshimin e vendimit nr. 558, dat\u00eb 06.09.2022 t\u00eb Komisionit t\u00eb Pavarur t\u00eb Kualifikimit dhe konfirmimin n\u00eb detyr\u00eb t\u00eb subjektit t\u00eb rivler\u00ebsimit Bajram Bre\u00e7ani. Ky vendim \u00ebsht\u00eb p\u00ebrfundimtar dhe ka efekt t\u00eb menj\u00ebhersh\u00ebm\u201d,<\/em> thuhet n\u00eb njoftimin e KPA.<\/span><\/p>\n","protected":false,"gt_translate_keys":[{"key":"rendered","format":"html"}]},"excerpt":{"rendered":"<p>Kolegji i Posa\u00e7\u00ebm i Apelimit (KPA) ka vendosur t\u00eb rikthej\u00eb n\u00eb detyr\u00eb prokurorin e Tiran\u00ebs, Bajram Bre\u00e7ani, duke rr\u00ebzuar vendimin e m\u00ebparsh\u00ebm t\u00eb Komisionit t\u00eb Pavarur t\u00eb Kualifikimit (KPK), i cili e kishte shkarkuar at\u00eb p\u00ebr probleme n\u00eb kriterin e pasuris\u00eb. Vendimi i KPK-s\u00eb ishte marr\u00eb m\u00eb 6 shtator 2022, por Bre\u00e7ani e ankimoi at\u00eb [&hellip;]<\/p>\n","protected":false,"gt_translate_keys":[{"key":"rendered","format":"html"}]},"author":32,"featured_media":708488,"comment_status":"closed","ping_status":"open","sticky":false,"template":"","format":"standard","meta":{"footnotes":""},"categories":[65],"tags":[],"class_list":["post-737590","post","type-post","status-publish","format-standard","has-post-thumbnail","hentry","category-lajme"],"gt_translate_keys":[{"key":"link","format":"url"}],"_links":{"self":[{"href":"https:\/\/www.hashtag.al\/index.php\/wp-json\/wp\/v2\/posts\/737590","targetHints":{"allow":["GET"]}}],"collection":[{"href":"https:\/\/www.hashtag.al\/index.php\/wp-json\/wp\/v2\/posts"}],"about":[{"href":"https:\/\/www.hashtag.al\/index.php\/wp-json\/wp\/v2\/types\/post"}],"author":[{"embeddable":true,"href":"https:\/\/www.hashtag.al\/index.php\/wp-json\/wp\/v2\/users\/32"}],"replies":[{"embeddable":true,"href":"https:\/\/www.hashtag.al\/index.php\/wp-json\/wp\/v2\/comments?post=737590"}],"version-history":[{"count":99999,"href":"https:\/\/www.hashtag.al\/index.php\/wp-json\/wp\/v2\/posts\/737590\/revisions"}],"predecessor-version":[{"id":737591,"href":"https:\/\/www.hashtag.al\/index.php\/wp-json\/wp\/v2\/posts\/737590\/revisions\/737591"}],"wp:featuredmedia":[{"embeddable":true,"href":"https:\/\/www.hashtag.al\/index.php\/wp-json\/wp\/v2\/media\/708488"}],"wp:attachment":[{"href":"https:\/\/www.hashtag.al\/index.php\/wp-json\/wp\/v2\/media?parent=737590"}],"wp:term":[{"taxonomy":"category","embeddable":true,"href":"https:\/\/www.hashtag.al\/index.php\/wp-json\/wp\/v2\/categories?post=737590"},{"taxonomy":"post_tag","embeddable":true,"href":"https:\/\/www.hashtag.al\/index.php\/wp-json\/wp\/v2\/tags?post=737590"}],"curies":[{"name":"wp","href":"https:\/\/api.w.org\/{rel}","templated":true}]}}