{"id":737536,"date":"2025-04-24T17:19:34","date_gmt":"2025-04-24T15:19:34","guid":{"rendered":"https:\/\/www.hashtag.al\/?p=737536"},"modified":"2025-04-24T17:19:34","modified_gmt":"2025-04-24T15:19:34","slug":"rama-nga-belshi-te-rinjte-kane-mundesine-te-cojne-shqiperine-ne-be-me-tej-se-gjenerata-e-90-es","status":"publish","type":"post","link":"https:\/\/www.hashtag.al\/index.php\/2025\/04\/24\/rama-nga-belshi-te-rinjte-kane-mundesine-te-cojne-shqiperine-ne-be-me-tej-se-gjenerata-e-90-es\/","title":{"rendered":"Rama nga Belshi: T\u00eb rinjt\u00eb kan\u00eb mund\u00ebsin\u00eb t\u00eb \u00e7ojn\u00eb Shqip\u00ebrin\u00eb n\u00eb BE, m\u00eb tej se gjenerata e \u201990-\u00ebs","gt_translate_keys":[{"key":"rendered","format":"text"}]},"content":{"rendered":"<p><span style=\"color: #000000;\"><img loading=\"lazy\" decoding=\"async\" class=\"alignnone size-medium wp-image-737537\" src=\"https:\/\/www.hashtag.al\/wp-content\/uploads\/2025\/04\/Screenshot-2025-04-24-165457-300x163.png\" alt=\"\" width=\"300\" height=\"163\" srcset=\"https:\/\/www.hashtag.al\/wp-content\/uploads\/2025\/04\/Screenshot-2025-04-24-165457-300x163.png 300w, https:\/\/www.hashtag.al\/wp-content\/uploads\/2025\/04\/Screenshot-2025-04-24-165457.png 507w\" sizes=\"auto, (max-width: 300px) 100vw, 300px\" \/><\/span><\/p>\n<p><span style=\"color: #000000;\">Kryeministri Edi Rama zhvilloi sot nj\u00eb takim elektoral me t\u00eb rinjt\u00eb n\u00eb Belsh, ku theksoi rolin e r\u00ebnd\u00ebsish\u00ebm q\u00eb ka brezi i ri n\u00eb procesin e integrimit t\u00eb Shqip\u00ebris\u00eb n\u00eb Bashkimin Europian.<\/span><\/p>\n<p><span style=\"color: #000000;\">\u00a0Ai e cil\u00ebsoi k\u00ebt\u00eb mision si &#8220;historik&#8221; dhe i ftoi t\u00eb rinjt\u00eb t\u00eb angazhohen p\u00ebr t\u00eb b\u00ebr\u00eb realitet \u00ebndrr\u00ebn europiane.<\/span><\/p>\n<p><span style=\"color: #000000;\">Duke i cil\u00ebsuar t\u00eb rinjt\u00eb si \u201cpararoja e votuesve t\u00eb par\u00eb\u201d, Rama tha se ata jan\u00eb brezi q\u00eb mund t\u00eb b\u00ebj\u00eb nj\u00eb kap\u00ebrcim edhe m\u00eb t\u00eb madh se ai i gjenerat\u00ebs s\u00eb viteve \u201990, duke kaluar nga Shqip\u00ebria gjeografikisht n\u00eb Europ\u00eb, n\u00eb Shqip\u00ebrin\u00eb brenda BE-s\u00eb.<\/span><\/p>\n<p><span style=\"color: #000000;\"><em>\u201cI erdhi gjenerat\u00ebs s\u00eb re t\u00eb vitit 1990, dhe sot i ka ardhur gjenerat\u00ebs suaj. Por n\u00ebse gjenerata e vitit 1990 pati mund\u00ebsin\u00eb t\u00eb b\u00ebj\u00eb nj\u00eb kap\u00ebrcim t\u00eb madh nga diktatura n\u00eb liri, ju keni mund\u00ebsi t\u00eb b\u00ebni edhe nj\u00eb kap\u00ebrcim edhe m\u00eb t\u00eb madh\u201d,<\/em> deklaroi Rama.<\/span><\/p>\n<p><span style=\"color: #000000;\">Ai i ftoi t\u00eb rinjt\u00eb q\u00eb t\u00eb p\u00ebrfshihen aktivisht n\u00eb fushat\u00eb dhe t\u00eb jen\u00eb pjes\u00eb e procesit t\u00eb vendimmarrjes, duke e cil\u00ebsuar k\u00ebt\u00eb si nj\u00eb rast q\u00eb \u201cnuk vjen shpesh n\u00eb jet\u00eb\u201d dhe q\u00eb ka r\u00ebnd\u00ebsi jo vet\u00ebm p\u00ebr vendin, por ve\u00e7an\u00ebrisht p\u00ebr brezin e tyre.<\/span><\/p>\n<p><span style=\"color: #000000;\">Rama u shpreh se integrimi n\u00eb BE \u00ebsht\u00eb nj\u00eb mision q\u00eb i tejkalon individ\u00ebt dhe partit\u00eb:<\/span><\/p>\n<p><span style=\"color: #000000;\"><em>\u201cFitorja n\u00eb 11 maj nuk \u00ebsht\u00eb p\u00ebr mua, as p\u00ebr deputet\u00ebt apo qeverin\u00eb, por nj\u00eb fitore p\u00ebr p\u00ebrmbushjen e nj\u00eb misioni historik q\u00eb nuk \u00ebsht\u00eb i yni, por pjes\u00eb e t\u00eb cilit ne jemi. Mision i gjeneratave t\u00eb t\u00ebra.\u201d- <\/em>tha Rama.<\/span><\/p>\n","protected":false,"gt_translate_keys":[{"key":"rendered","format":"html"}]},"excerpt":{"rendered":"<p>Kryeministri Edi Rama zhvilloi sot nj\u00eb takim elektoral me t\u00eb rinjt\u00eb n\u00eb Belsh, ku theksoi rolin e r\u00ebnd\u00ebsish\u00ebm q\u00eb ka brezi i ri n\u00eb procesin e integrimit t\u00eb Shqip\u00ebris\u00eb n\u00eb Bashkimin Europian. \u00a0Ai e cil\u00ebsoi k\u00ebt\u00eb mision si &#8220;historik&#8221; dhe i ftoi t\u00eb rinjt\u00eb t\u00eb angazhohen p\u00ebr t\u00eb b\u00ebr\u00eb realitet \u00ebndrr\u00ebn europiane. Duke i cil\u00ebsuar [&hellip;]<\/p>\n","protected":false,"gt_translate_keys":[{"key":"rendered","format":"html"}]},"author":32,"featured_media":737537,"comment_status":"closed","ping_status":"open","sticky":false,"template":"","format":"standard","meta":{"footnotes":""},"categories":[65],"tags":[],"class_list":["post-737536","post","type-post","status-publish","format-standard","has-post-thumbnail","hentry","category-lajme"],"gt_translate_keys":[{"key":"link","format":"url"}],"_links":{"self":[{"href":"https:\/\/www.hashtag.al\/index.php\/wp-json\/wp\/v2\/posts\/737536","targetHints":{"allow":["GET"]}}],"collection":[{"href":"https:\/\/www.hashtag.al\/index.php\/wp-json\/wp\/v2\/posts"}],"about":[{"href":"https:\/\/www.hashtag.al\/index.php\/wp-json\/wp\/v2\/types\/post"}],"author":[{"embeddable":true,"href":"https:\/\/www.hashtag.al\/index.php\/wp-json\/wp\/v2\/users\/32"}],"replies":[{"embeddable":true,"href":"https:\/\/www.hashtag.al\/index.php\/wp-json\/wp\/v2\/comments?post=737536"}],"version-history":[{"count":99999,"href":"https:\/\/www.hashtag.al\/index.php\/wp-json\/wp\/v2\/posts\/737536\/revisions"}],"predecessor-version":[{"id":737538,"href":"https:\/\/www.hashtag.al\/index.php\/wp-json\/wp\/v2\/posts\/737536\/revisions\/737538"}],"wp:featuredmedia":[{"embeddable":true,"href":"https:\/\/www.hashtag.al\/index.php\/wp-json\/wp\/v2\/media\/737537"}],"wp:attachment":[{"href":"https:\/\/www.hashtag.al\/index.php\/wp-json\/wp\/v2\/media?parent=737536"}],"wp:term":[{"taxonomy":"category","embeddable":true,"href":"https:\/\/www.hashtag.al\/index.php\/wp-json\/wp\/v2\/categories?post=737536"},{"taxonomy":"post_tag","embeddable":true,"href":"https:\/\/www.hashtag.al\/index.php\/wp-json\/wp\/v2\/tags?post=737536"}],"curies":[{"name":"wp","href":"https:\/\/api.w.org\/{rel}","templated":true}]}}