{"id":737534,"date":"2025-04-24T16:56:40","date_gmt":"2025-04-24T14:56:40","guid":{"rendered":"https:\/\/www.hashtag.al\/?p=737534"},"modified":"2025-04-24T16:56:40","modified_gmt":"2025-04-24T14:56:40","slug":"i-denuar-per-fshehje-pasurie-gjkko-konfiskon-apartamentin-e-ish-kreut-te-kushtetueses-bashkim-dedja","status":"publish","type":"post","link":"https:\/\/www.hashtag.al\/index.php\/2025\/04\/24\/i-denuar-per-fshehje-pasurie-gjkko-konfiskon-apartamentin-e-ish-kreut-te-kushtetueses-bashkim-dedja\/","title":{"rendered":"I d\u00ebnuar p\u00ebr fshehje pasurie, GJKKO konfiskon apartamentin e ish-kreut t\u00eb Kushtetueses, Bashkim Dedja","gt_translate_keys":[{"key":"rendered","format":"text"}]},"content":{"rendered":"<p><span style=\"color: #000000;\"><img loading=\"lazy\" decoding=\"async\" class=\"alignnone size-medium wp-image-653822\" src=\"https:\/\/www.hashtag.al\/wp-content\/uploads\/2024\/02\/bashkim_dedja-1-300x183.jpg\" alt=\"\" width=\"300\" height=\"183\" srcset=\"https:\/\/www.hashtag.al\/wp-content\/uploads\/2024\/02\/bashkim_dedja-1-300x183.jpg 300w, https:\/\/www.hashtag.al\/wp-content\/uploads\/2024\/02\/bashkim_dedja-1.jpg 620w\" sizes=\"auto, (max-width: 300px) 100vw, 300px\" \/><\/span><\/p>\n<p><span style=\"color: #000000;\">GJKKO ka pranuar k\u00ebrkes\u00ebn e SPAK p\u00ebr konfiksimin e nj\u00eb apartamenti 60 m2 t\u00eb ish kreut t\u00eb Gjykat\u00ebs Kushtetuese, Bashkim Dedja.<\/span><\/p>\n<p><span style=\"color: #000000;\">Dedja u d\u00ebnua me 6 muaj nga burg nga Gjykata e Posa\u00e7me p\u00ebr fshehje dhe deklarim t\u00eb rrem\u00eb t\u00eb pasuris\u00eb m\u00eb 26 qershor t\u00eb vitit 2023, vendim i cili u la n\u00eb fuqi edhe nga Apeli i Posa\u00e7\u00ebm m\u00eb 13 shkurt t\u00eb k\u00ebtij viti.<\/span><\/p>\n<p><span style=\"color: #000000;\">SPAK e akuzon Dedjan se ka fshehur n\u00eb deklarimin e nj\u00eb apartament me sip\u00ebrfaqe 60 m2, e ndodhur n\u00eb zon\u00ebn Kryemedhenj, Nj\u00ebsia Administrative Golem Kavaj\u00eb. Dedja ka th\u00ebn\u00eb se ky apartament \u00ebsht\u00eb i v\u00ebllait t\u00eb tij dhe thjesht e ka pasur n\u00eb p\u00ebrdorim.<\/span><\/p>\n<p><span style=\"color: #000000;\">Bashkim Dedja \u00ebsht\u00eb i pari nga ish-gjyqtar\u00ebt dhe ish-prokuror\u00ebt e shkarkuar nga vettingu i d\u00ebnuar nga Gjykata e Posa\u00e7me Kund\u00ebr Krimit dhe Korrupsionit, nd\u00ebrsa t\u00eb tjer\u00eb ish-gjyqtar\u00eb dhe ish-prokuror\u00eb t\u00eb shkarkuar nga vettingu jan\u00eb ende n\u00ebn hetim.<\/span><\/p>\n<p><span style=\"color: #000000;\">Ish-kryetari i Gjykat\u00ebs Kushtetuese e kaloi shkallen e par\u00eb t\u00eb vettingut, por ishte shkalla e dyt\u00eb, Kolegji i Posa\u00e7\u00ebm i Apelimit q\u00eb e rr\u00ebzoi duke e larguar nga detyra.<\/span><\/p>\n<p><img decoding=\"async\" src=\"https:\/\/shqiptarja.com\/uploads\/ckeditor\/680a4d9bea03dScreenshot_12.png\" \/><\/p>\n","protected":false,"gt_translate_keys":[{"key":"rendered","format":"html"}]},"excerpt":{"rendered":"<p>GJKKO ka pranuar k\u00ebrkes\u00ebn e SPAK p\u00ebr konfiksimin e nj\u00eb apartamenti 60 m2 t\u00eb ish kreut t\u00eb Gjykat\u00ebs Kushtetuese, Bashkim Dedja. Dedja u d\u00ebnua me 6 muaj nga burg nga Gjykata e Posa\u00e7me p\u00ebr fshehje dhe deklarim t\u00eb rrem\u00eb t\u00eb pasuris\u00eb m\u00eb 26 qershor t\u00eb vitit 2023, vendim i cili u la n\u00eb fuqi edhe [&hellip;]<\/p>\n","protected":false,"gt_translate_keys":[{"key":"rendered","format":"html"}]},"author":32,"featured_media":653822,"comment_status":"closed","ping_status":"open","sticky":false,"template":"","format":"standard","meta":{"footnotes":""},"categories":[65],"tags":[],"class_list":["post-737534","post","type-post","status-publish","format-standard","has-post-thumbnail","hentry","category-lajme"],"gt_translate_keys":[{"key":"link","format":"url"}],"_links":{"self":[{"href":"https:\/\/www.hashtag.al\/index.php\/wp-json\/wp\/v2\/posts\/737534","targetHints":{"allow":["GET"]}}],"collection":[{"href":"https:\/\/www.hashtag.al\/index.php\/wp-json\/wp\/v2\/posts"}],"about":[{"href":"https:\/\/www.hashtag.al\/index.php\/wp-json\/wp\/v2\/types\/post"}],"author":[{"embeddable":true,"href":"https:\/\/www.hashtag.al\/index.php\/wp-json\/wp\/v2\/users\/32"}],"replies":[{"embeddable":true,"href":"https:\/\/www.hashtag.al\/index.php\/wp-json\/wp\/v2\/comments?post=737534"}],"version-history":[{"count":99999,"href":"https:\/\/www.hashtag.al\/index.php\/wp-json\/wp\/v2\/posts\/737534\/revisions"}],"predecessor-version":[{"id":737535,"href":"https:\/\/www.hashtag.al\/index.php\/wp-json\/wp\/v2\/posts\/737534\/revisions\/737535"}],"wp:featuredmedia":[{"embeddable":true,"href":"https:\/\/www.hashtag.al\/index.php\/wp-json\/wp\/v2\/media\/653822"}],"wp:attachment":[{"href":"https:\/\/www.hashtag.al\/index.php\/wp-json\/wp\/v2\/media?parent=737534"}],"wp:term":[{"taxonomy":"category","embeddable":true,"href":"https:\/\/www.hashtag.al\/index.php\/wp-json\/wp\/v2\/categories?post=737534"},{"taxonomy":"post_tag","embeddable":true,"href":"https:\/\/www.hashtag.al\/index.php\/wp-json\/wp\/v2\/tags?post=737534"}],"curies":[{"name":"wp","href":"https:\/\/api.w.org\/{rel}","templated":true}]}}