{"id":737457,"date":"2025-04-24T09:25:30","date_gmt":"2025-04-24T07:25:30","guid":{"rendered":"https:\/\/www.hashtag.al\/?p=737457"},"modified":"2025-04-24T09:25:30","modified_gmt":"2025-04-24T07:25:30","slug":"ne-te-gjitha-aspektet-ka-progres-ne-te-gjitha-zonat-e-vendit-prandaj-kerkojme-mandatin-e-4-rama","status":"publish","type":"post","link":"https:\/\/www.hashtag.al\/index.php\/2025\/04\/24\/ne-te-gjitha-aspektet-ka-progres-ne-te-gjitha-zonat-e-vendit-prandaj-kerkojme-mandatin-e-4-rama\/","title":{"rendered":"&#8220;N\u00eb t\u00eb gjitha aspektet ka progres, n\u00eb t\u00eb gjitha zonat e vendit, prandaj k\u00ebrkojm\u00eb mandatin e 4&#8221;- Rama","gt_translate_keys":[{"key":"rendered","format":"text"}]},"content":{"rendered":"<p><span style=\"color: #000000;\"><em><img loading=\"lazy\" decoding=\"async\" class=\"aligncenter size-full wp-image-737458\" src=\"https:\/\/www.hashtag.al\/wp-content\/uploads\/2025\/04\/Screenshot-2025-04-24-091126.png\" alt=\"\" width=\"1332\" height=\"743\" srcset=\"https:\/\/www.hashtag.al\/wp-content\/uploads\/2025\/04\/Screenshot-2025-04-24-091126.png 1332w, https:\/\/www.hashtag.al\/wp-content\/uploads\/2025\/04\/Screenshot-2025-04-24-091126-300x167.png 300w, https:\/\/www.hashtag.al\/wp-content\/uploads\/2025\/04\/Screenshot-2025-04-24-091126-1024x571.png 1024w, https:\/\/www.hashtag.al\/wp-content\/uploads\/2025\/04\/Screenshot-2025-04-24-091126-768x428.png 768w\" sizes=\"auto, (max-width: 1332px) 100vw, 1332px\" \/><\/em><\/span><\/p>\n<p class=\"\" data-start=\"103\" data-end=\"448\"><span style=\"color: #000000;\">Kryeministri Edi Rama zhvilloi nj\u00eb bashk\u00ebbisedim live me ndjek\u00ebsit n\u00eb kuad\u00ebr t\u00eb rubrik\u00ebs \u201cSy m\u00eb sy\u201d, ku iu p\u00ebrgjigj pyetjeve dhe kritikave t\u00eb publikut. Ai komentoi situat\u00ebn politike dhe komunikimin me median, duke theksuar se k\u00ebrkesa p\u00ebr nj\u00eb mandat t\u00eb kat\u00ebrt vjen si rezultat i asaj q\u00eb e cil\u00ebsoi progres n\u00eb t\u00eb gjitha zonat dhe sektor\u00ebt e vendit.<\/span><\/p>\n<p class=\"\" data-start=\"450\" data-end=\"750\"><span style=\"color: #000000;\">Sipas Ram\u00ebs, n\u00eb vend ekziston nj\u00eb klim\u00eb e lart\u00eb lirie p\u00ebr t\u00eb shprehur kritika, ndon\u00ebse sipas tij, kjo reflekton nj\u00eb \u201cd\u00ebshp\u00ebrim t\u00eb madh\u201d nga kund\u00ebrshtar\u00ebt politik\u00eb dhe n\u00eb media.\u00a0<\/span><\/p>\n<p class=\"\" data-start=\"752\" data-end=\"1033\"><span style=\"color: #000000;\">Kryeministri komentoi edhe debatet e fundit p\u00ebr gjuh\u00ebn e p\u00ebrdorur n\u00eb komunikim publik, duke p\u00ebrmendur rastin e termit \u201cautiz\u00ebm politik\u201d. Ai theksoi se termi \u00ebsht\u00eb i njohur n\u00eb literatur\u00ebn akademike, por pranoi se \u00ebsht\u00eb i pap\u00ebrshtatsh\u00ebm dhe se ka k\u00ebrkuar ndjes\u00eb p\u00ebr p\u00ebrdorimin e tij.<\/span><\/p>\n<p><span style=\"color: #000000;\"><em>\u201cJemi n\u00eb kushtet kur ka d\u00ebshp\u00ebrim t\u00eb madh n\u00eb an\u00ebn tjet\u00ebr, q\u00eb reflektohet edhe n\u00eb pasaqyrat e k\u00ebnetes mediatike sepse n\u00eb k\u00ebt\u00eb vend ku ka shum\u00eb ankesa dhe pretendime se jetohet n\u00eb nj\u00eb auokraci, faktikisht nuk lihet gj\u00eb pa th\u00ebn\u00eb p\u00ebr mua, qeverin\u00eb dhe\u00a0PS. <\/em><\/span><\/p>\n<p><span style=\"color: #000000;\"><em>Madje edhe p\u00ebr vet\u00eb popullin. S\u00eb fundmi n\u00eb k\u00ebto pasqyra konsiderohet i s\u00ebmur\u00eb. N\u00eb t\u00eb gjitha aspektet ka progress, n\u00eb t\u00eb gjitha zonat e vensdit, n\u00eb t\u00eb gjith\u00eb sektor\u00ebt. <\/em><\/span><\/p>\n<p><span style=\"color: #000000;\"><em>Patjet\u00ebr q\u00eb ka ende shum\u00eb p\u00ebr t\u00eb b\u00ebr\u00eb prandaj k\u00ebrkojm\u00eb mandatin e 4. N\u00eb k\u00ebt\u00eb d\u00ebshp\u00ebrim t\u00eb madh ka element t\u00eb tjer\u00eb. Nj\u00eb \u00ebsht\u00eb se flitet p\u00ebr gjuh\u00ebn time, q\u00eb paskam th\u00ebn\u00eb dhe b\u00ebr\u00eb gj\u00ebra q\u00eb askush nuk i b\u00ebn.<\/em><\/span><\/p>\n<p><span style=\"color: #000000;\"><em> Cilat jan\u00eb k\u00ebto?<\/em><\/span><\/p>\n<p><span style=\"color: #000000;\"><em> Un\u00eb akoma nuk e kuptoj se n\u00eb cil\u00ebn nga gj\u00ebrat q\u00eb kam th\u00ebn\u00eb kam b\u00ebr\u00eb gj\u00ebseni tjet\u00ebr p\u00ebrvecse kam komunikuar hapur me poublikun. <\/em><\/span><\/p>\n<p><span style=\"color: #000000;\"><em>Ka vet\u00ebm nj\u00eb gj\u00eb p\u00ebr t\u00eb cil\u00ebn kam k\u00ebrkuar ndjes\u00eb, por ka qen\u00eb gabim pa dashje. Autizmi politik \u00ebsht\u00eb nj\u00eb term i p\u00ebrdorur n\u00eb literatur\u00ebn politike dhe akademike. <\/em><\/span><\/p>\n<p><span style=\"color: #000000;\"><em>Nuk \u00ebsht\u00eb di\u00e7ka e krijuar p\u00ebr t\u00eb fyer apo l\u00ebnduar ask\u00ebnd, por me shum\u00eb t\u00eb drejt\u00eb, u desh t\u00eb gaboja q\u00eb ta m\u00ebsoja, prej disa koh\u00ebsh konsiderohet i pap\u00ebrshtatsh\u00ebm. <\/em><\/span><\/p>\n<p><span style=\"color: #000000;\"><em>Doli padashje duke folur, dhe i gjendur n\u00eb kushtet kur ndjeva se mund t\u00eb kem l\u00ebnduar prind\u00ebr t\u00eb f\u00ebmij\u00ebve autik\u00eb, k\u00ebrkova ndjes\u00eb. Patjet\u00ebr q\u00eb nuk \u00ebsht\u00eb hera e par\u00eb q\u00eb gaboj.<\/em><\/span><\/p>\n<p><span style=\"color: #000000;\"><em> Kam b\u00ebr\u00eb edhe n\u00eb ndonj\u00eb rast tjet\u00ebr at\u00eb q\u00eb duhet t\u00eb b\u00ebj\u00eb dikush q\u00eb gabon, t\u00eb k\u00ebrkoj ndjes\u00eb. Ma gjeni dot nj\u00eb tjet\u00ebr udh\u00ebheq\u00ebs politik shqiptar q\u00eb ka k\u00ebrkuar ndjes\u00eb\u201d,<\/em> tha Rama.<\/span><\/p>\n","protected":false,"gt_translate_keys":[{"key":"rendered","format":"html"}]},"excerpt":{"rendered":"<p>Kryeministri Edi Rama zhvilloi nj\u00eb bashk\u00ebbisedim live me ndjek\u00ebsit n\u00eb kuad\u00ebr t\u00eb rubrik\u00ebs \u201cSy m\u00eb sy\u201d, ku iu p\u00ebrgjigj pyetjeve dhe kritikave t\u00eb publikut. Ai komentoi situat\u00ebn politike dhe komunikimin me median, duke theksuar se k\u00ebrkesa p\u00ebr nj\u00eb mandat t\u00eb kat\u00ebrt vjen si rezultat i asaj q\u00eb e cil\u00ebsoi progres n\u00eb t\u00eb gjitha zonat dhe [&hellip;]<\/p>\n","protected":false,"gt_translate_keys":[{"key":"rendered","format":"html"}]},"author":49,"featured_media":737458,"comment_status":"closed","ping_status":"open","sticky":false,"template":"","format":"standard","meta":{"footnotes":""},"categories":[65],"tags":[],"class_list":["post-737457","post","type-post","status-publish","format-standard","has-post-thumbnail","hentry","category-lajme"],"gt_translate_keys":[{"key":"link","format":"url"}],"_links":{"self":[{"href":"https:\/\/www.hashtag.al\/index.php\/wp-json\/wp\/v2\/posts\/737457","targetHints":{"allow":["GET"]}}],"collection":[{"href":"https:\/\/www.hashtag.al\/index.php\/wp-json\/wp\/v2\/posts"}],"about":[{"href":"https:\/\/www.hashtag.al\/index.php\/wp-json\/wp\/v2\/types\/post"}],"author":[{"embeddable":true,"href":"https:\/\/www.hashtag.al\/index.php\/wp-json\/wp\/v2\/users\/49"}],"replies":[{"embeddable":true,"href":"https:\/\/www.hashtag.al\/index.php\/wp-json\/wp\/v2\/comments?post=737457"}],"version-history":[{"count":99999,"href":"https:\/\/www.hashtag.al\/index.php\/wp-json\/wp\/v2\/posts\/737457\/revisions"}],"predecessor-version":[{"id":737459,"href":"https:\/\/www.hashtag.al\/index.php\/wp-json\/wp\/v2\/posts\/737457\/revisions\/737459"}],"wp:featuredmedia":[{"embeddable":true,"href":"https:\/\/www.hashtag.al\/index.php\/wp-json\/wp\/v2\/media\/737458"}],"wp:attachment":[{"href":"https:\/\/www.hashtag.al\/index.php\/wp-json\/wp\/v2\/media?parent=737457"}],"wp:term":[{"taxonomy":"category","embeddable":true,"href":"https:\/\/www.hashtag.al\/index.php\/wp-json\/wp\/v2\/categories?post=737457"},{"taxonomy":"post_tag","embeddable":true,"href":"https:\/\/www.hashtag.al\/index.php\/wp-json\/wp\/v2\/tags?post=737457"}],"curies":[{"name":"wp","href":"https:\/\/api.w.org\/{rel}","templated":true}]}}