{"id":737455,"date":"2025-04-24T09:06:52","date_gmt":"2025-04-24T07:06:52","guid":{"rendered":"https:\/\/www.hashtag.al\/?p=737455"},"modified":"2025-04-24T09:06:52","modified_gmt":"2025-04-24T07:06:52","slug":"zelensky-viziton-sot-afriken-e-jugut","status":"publish","type":"post","link":"https:\/\/www.hashtag.al\/index.php\/2025\/04\/24\/zelensky-viziton-sot-afriken-e-jugut\/","title":{"rendered":"Zelensky viziton sot Afrik\u00ebn e Jugut","gt_translate_keys":[{"key":"rendered","format":"text"}]},"content":{"rendered":"<p class=\"\" data-start=\"88\" data-end=\"335\"><span style=\"color: #000000;\"><img loading=\"lazy\" decoding=\"async\" class=\"aligncenter size-full wp-image-673788\" src=\"https:\/\/www.hashtag.al\/wp-content\/uploads\/2024\/05\/1715086305_zelensky.jpg\" alt=\"\" width=\"780\" height=\"440\" srcset=\"https:\/\/www.hashtag.al\/wp-content\/uploads\/2024\/05\/1715086305_zelensky.jpg 780w, https:\/\/www.hashtag.al\/wp-content\/uploads\/2024\/05\/1715086305_zelensky-300x169.jpg 300w, https:\/\/www.hashtag.al\/wp-content\/uploads\/2024\/05\/1715086305_zelensky-768x433.jpg 768w\" sizes=\"auto, (max-width: 780px) 100vw, 780px\" \/><\/span><\/p>\n<p class=\"\" data-start=\"88\" data-end=\"335\"><span style=\"color: #000000;\">Presidenti i Ukrain\u00ebs, Volodymyr Zelensky, ndodhet sot n\u00eb Afrik\u00ebn e Jugut n\u00eb kuad\u00ebr t\u00eb vizit\u00ebs s\u00eb tij t\u00eb par\u00eb zyrtare n\u00eb kontinentin afrikan q\u00eb prej marrjes s\u00eb detyr\u00ebs n\u00eb vitin 2019, p\u00ebrjashtuar nj\u00eb ndales\u00eb t\u00eb shkurt\u00ebr n\u00eb Cape Verde n\u00eb vitin 2023.<\/span><\/p>\n<p class=\"\" data-start=\"337\" data-end=\"510\"><span style=\"color: #000000;\">Gjat\u00eb vizit\u00ebs, Zelensky do t\u00eb takohet me Presidentin e Afrik\u00ebs s\u00eb Jugut, Cyril Ramaphosa, si dhe me p\u00ebrfaq\u00ebsues politik\u00eb, civil\u00eb dhe student\u00eb nga vende t\u00eb ndryshme afrikane.<\/span><\/p>\n<p class=\"\" data-start=\"512\" data-end=\"723\"><span style=\"color: #000000;\">\u201c\u00cbsht\u00eb thelb\u00ebsore p\u00ebr t\u00eb sjell\u00eb nj\u00eb paqe t\u00eb drejt\u00eb m\u00eb af\u00ebr. Ne po punojm\u00eb p\u00ebr t\u00eb siguruar q\u00eb vendet e G20 t\u00eb angazhohen n\u00eb m\u00ebnyr\u00eb aktive n\u00eb p\u00ebrpjekjet diplomatike,\u201d shkroi Zelensky n\u00eb nj\u00eb postim n\u00eb platform\u00ebn X.<\/span><\/p>\n<p class=\"\" data-start=\"725\" data-end=\"907\"><span style=\"color: #000000;\">Takimi zyrtar mes dy president\u00ebve do t\u00eb zhvillohet n\u00eb or\u00ebn 11:00 me koh\u00ebn lokale (10:00 BST), nd\u00ebrsa n\u00eb or\u00ebn 13:15 (12:15 BST) pritet t\u00eb mbahet nj\u00eb konferenc\u00eb p\u00ebr shtyp e p\u00ebrbashk\u00ebt.<a href=\"https:\/\/www.bbc.com\/news\/live\/cvg7jnywn5dt\"><span style=\"color: #0000ff;\"><strong>\/BBC<\/strong><\/span><\/a><\/span><\/p>\n","protected":false,"gt_translate_keys":[{"key":"rendered","format":"html"}]},"excerpt":{"rendered":"<p>Presidenti i Ukrain\u00ebs, Volodymyr Zelensky, ndodhet sot n\u00eb Afrik\u00ebn e Jugut n\u00eb kuad\u00ebr t\u00eb vizit\u00ebs s\u00eb tij t\u00eb par\u00eb zyrtare n\u00eb kontinentin afrikan q\u00eb prej marrjes s\u00eb detyr\u00ebs n\u00eb vitin 2019, p\u00ebrjashtuar nj\u00eb ndales\u00eb t\u00eb shkurt\u00ebr n\u00eb Cape Verde n\u00eb vitin 2023. Gjat\u00eb vizit\u00ebs, Zelensky do t\u00eb takohet me Presidentin e Afrik\u00ebs s\u00eb Jugut, Cyril [&hellip;]<\/p>\n","protected":false,"gt_translate_keys":[{"key":"rendered","format":"html"}]},"author":49,"featured_media":673788,"comment_status":"closed","ping_status":"open","sticky":false,"template":"","format":"standard","meta":{"footnotes":""},"categories":[6],"tags":[],"class_list":["post-737455","post","type-post","status-publish","format-standard","has-post-thumbnail","hentry","category-nderkombetare"],"gt_translate_keys":[{"key":"link","format":"url"}],"_links":{"self":[{"href":"https:\/\/www.hashtag.al\/index.php\/wp-json\/wp\/v2\/posts\/737455","targetHints":{"allow":["GET"]}}],"collection":[{"href":"https:\/\/www.hashtag.al\/index.php\/wp-json\/wp\/v2\/posts"}],"about":[{"href":"https:\/\/www.hashtag.al\/index.php\/wp-json\/wp\/v2\/types\/post"}],"author":[{"embeddable":true,"href":"https:\/\/www.hashtag.al\/index.php\/wp-json\/wp\/v2\/users\/49"}],"replies":[{"embeddable":true,"href":"https:\/\/www.hashtag.al\/index.php\/wp-json\/wp\/v2\/comments?post=737455"}],"version-history":[{"count":99999,"href":"https:\/\/www.hashtag.al\/index.php\/wp-json\/wp\/v2\/posts\/737455\/revisions"}],"predecessor-version":[{"id":737456,"href":"https:\/\/www.hashtag.al\/index.php\/wp-json\/wp\/v2\/posts\/737455\/revisions\/737456"}],"wp:featuredmedia":[{"embeddable":true,"href":"https:\/\/www.hashtag.al\/index.php\/wp-json\/wp\/v2\/media\/673788"}],"wp:attachment":[{"href":"https:\/\/www.hashtag.al\/index.php\/wp-json\/wp\/v2\/media?parent=737455"}],"wp:term":[{"taxonomy":"category","embeddable":true,"href":"https:\/\/www.hashtag.al\/index.php\/wp-json\/wp\/v2\/categories?post=737455"},{"taxonomy":"post_tag","embeddable":true,"href":"https:\/\/www.hashtag.al\/index.php\/wp-json\/wp\/v2\/tags?post=737455"}],"curies":[{"name":"wp","href":"https:\/\/api.w.org\/{rel}","templated":true}]}}