{"id":737394,"date":"2025-04-23T20:42:52","date_gmt":"2025-04-23T18:42:52","guid":{"rendered":"https:\/\/www.hashtag.al\/?p=737394"},"modified":"2025-04-23T20:42:58","modified_gmt":"2025-04-23T18:42:58","slug":"trump-paralajmeron-zelensky-n-prano-paqen-ose-mund-te-humbasesh-gjithe-vendin","status":"publish","type":"post","link":"https:\/\/www.hashtag.al\/index.php\/2025\/04\/23\/trump-paralajmeron-zelensky-n-prano-paqen-ose-mund-te-humbasesh-gjithe-vendin\/","title":{"rendered":"Trump paralajm\u00ebron Zelensky-n: Prano paqen ose mund &#8220;t\u00eb humbas\u00ebsh gjith\u00eb vendin&#8221;","gt_translate_keys":[{"key":"rendered","format":"text"}]},"content":{"rendered":"<p><a href=\"https:\/\/www.hashtag.al\/index.php\/2025\/04\/23\/trump-paralajmeron-zelensky-n-prano-paqen-ose-mund-te-humbasesh-gjithe-vendin\/trumpzelensky-5\/\" rel=\"attachment wp-att-737395\"><img loading=\"lazy\" decoding=\"async\" class=\"aligncenter size-full wp-image-737395\" src=\"https:\/\/www.hashtag.al\/wp-content\/uploads\/2025\/04\/trumpzelensky.jpg\" alt=\"\" width=\"2000\" height=\"1000\" srcset=\"https:\/\/www.hashtag.al\/wp-content\/uploads\/2025\/04\/trumpzelensky.jpg 2000w, https:\/\/www.hashtag.al\/wp-content\/uploads\/2025\/04\/trumpzelensky-300x150.jpg 300w, https:\/\/www.hashtag.al\/wp-content\/uploads\/2025\/04\/trumpzelensky-1024x512.jpg 1024w, https:\/\/www.hashtag.al\/wp-content\/uploads\/2025\/04\/trumpzelensky-768x384.jpg 768w, https:\/\/www.hashtag.al\/wp-content\/uploads\/2025\/04\/trumpzelensky-1536x768.jpg 1536w\" sizes=\"auto, (max-width: 2000px) 100vw, 2000px\" \/><\/a><\/p>\n<p><span style=\"color: #000000;\">Presidenti Trump b\u00ebri \u200b\u200bnj\u00eb paralajm\u00ebrim t\u00eb ashp\u00ebr p\u00ebr presidentin ukrainas Zelensky t\u00eb m\u00ebrkur\u00ebn, duke th\u00ebn\u00eb se udh\u00ebheq\u00ebsi i Kievit ishte n\u00eb nj\u00eb gjendje &#8220;t\u00eb v\u00ebshtir\u00eb&#8221; dhe &#8220;ose do arrihet\u00a0 paqja ose ai mund t\u00eb luftoj\u00eb edhe p\u00ebr tre vjet t\u00eb tjera para se t\u00eb humbas\u00eb gjith\u00eb vendin&#8221;.<\/span><\/p>\n<p><span style=\"color: #000000;\">Trump iu p\u00ebrgjigj Zelensky-t\u00a0 i cii tha gazetar\u00ebve t\u00eb mart\u00ebn se \u201cUkraina nuk do e njoh\u00eb ligj\u00ebrisht pushtimin rus t\u00eb Krimes\u00eb\u201d &#8211; pjes\u00eb ky\u00e7e e nj\u00eb plani paqeje t\u00eb propozuar nga SHBA-ja, q\u00eb po diskutohej t\u00eb m\u00ebrkur\u00ebn n\u00eb Lond\u00ebr dhe nj\u00eb kusht q\u00eb ka qen\u00eb prej koh\u00ebsh nj\u00eb vij\u00eb e kuqe p\u00ebr Kievin, shkruan <span style=\"color: #0000ff;\"><a style=\"color: #0000ff;\" href=\"https:\/\/nypost.com\/2025\/04\/23\/us-news\/trump-gives-zelensky-dire-warning-on-russia-ukraine-war-accept-peace-or-risk-losing-the-whole-country\/\">NY Post<\/a>.<\/span><\/span><\/p>\n<p><span style=\"color: #000000;\"><em>\u201cKjo deklarat\u00eb \u00ebsht\u00eb shum\u00eb e d\u00ebmshme p\u00ebr Negociatat e Paqes me Rusin\u00eb, pasi Krimea u humb vite m\u00eb par\u00eb n\u00ebn kujdesin e Presidentit Barack Hussein Obama dhe nuk \u00ebsht\u00eb tashm\u00eb nj\u00eb pik\u00eb diskutimi,\u201d<\/em> tha presidenti n\u00eb Truth Social.<\/span><\/p>\n<p><span style=\"color: #000000;\"><em>\u201cAskush nuk po i k\u00ebrkon Zelensky-t t\u00eb njoh\u00eb Krimen\u00eb si territor rus, por, n\u00ebse ai d\u00ebshiron Krimen\u00eb, pse nuk luftuan p\u00ebr t\u00eb nj\u00ebmb\u00ebdhjet\u00eb vjet m\u00eb par\u00eb, kur ajo iu dor\u00ebzua Rusis\u00eb pa u shkrepur asnj\u00eb arm\u00eb?\u201d<\/em><\/span><\/p>\n<p><span style=\"color: #000000;\">Trump nj\u00eb dekad\u00eb m\u00eb par\u00eb kritikoi Obam\u00ebn p\u00ebr mosnd\u00ebrhyrje kur Rusia aneksoi Krimen\u00eb. Kievi ka punuar q\u00eb nga viti 2014 p\u00ebr t\u00eb rikthyer territorin dhe p\u00ebr t\u00eb d\u00ebbuar rus\u00ebt nga Ukraina lindore.<\/span><\/p>\n<p><span style=\"color: #000000;\">Tani, SHBA-ja po propozon njohjen formale t\u00eb gadishullit t\u00eb Detit t\u00eb Zi si territor rus, q\u00eb do t\u00eb p\u00ebrfaq\u00ebsonte nj\u00eb ndryshim t\u00eb madh n\u00eb politik\u00ebn e jashtme amerikane, tha nj\u00eb zyrtar i lart\u00eb i administrat\u00ebs p\u00ebr The Post.<\/span><\/p>\n<p><span style=\"color: #000000;\"><em>&#8220;Ekziston nj\u00eb doktrin\u00eb atje e quajtur Deklarata e Welles, q\u00eb shkon prapa n\u00eb vitin 1940, q\u00eb thot\u00eb se Shtetet e Bashkuara nuk do pranojn\u00eb pushtimin e nj\u00eb toke t\u00eb huaj nga nj\u00eb komb tjet\u00ebr,&#8221;<\/em> tha zyrtari.<\/span><\/p>\n<p><span style=\"color: #000000;\"><em>\u201cNe nuk themi se ky \u00ebsht\u00eb rezultati juaj, por ne e pranojm\u00eb faktin q\u00eb \u00ebsht\u00eb aneksuar fizikisht, por ju nuk e keni pron\u00ebsin\u00eb e tok\u00ebs n\u00eb t\u00eb cil\u00ebn jeni\u201d.<\/em><\/span><\/p>\n<p><span style=\"color: #000000;\">Kjo doktrin\u00eb, e shpallur 85 vjet m\u00eb par\u00eb, u krijua p\u00ebr t\u00eb kund\u00ebrshtuar aneksimin e Estonis\u00eb, Letonis\u00eb dhe Lituanis\u00eb nga Bashkimi Sovjetik.<\/span><br \/>\n<span style=\"color: #000000;\">Nj\u00eb zyrtar amerikan k\u00ebmb\u00ebnguli p\u00ebr The Post t\u00eb Premten se SHBA-ja nuk e ka hequr &#8220;fare&#8221; angazhimin e saj ndaj doktrin\u00ebs, megjith\u00ebse kjo do ndryshonte n\u00ebse plani i paqes i Trump miratohej.<\/span><\/p>\n<p><span style=\"color: #000000;\"><strong>\u00c7far\u00eb marrin Rusia dhe Ukraina n\u00eb marr\u00ebveshjen p\u00ebrfundimtare t\u00eb paqes t\u00eb propzuar nga Trump<\/strong><\/span><\/p>\n<p><span style=\"color: #ff0000;\"><strong><em>Rusia<\/em><\/strong><\/span><\/p>\n<ul>\n<li><span style=\"color: #000000;\">Njohja zyrtare e SHBA-s\u00eb e gadishullit t\u00eb Krimes\u00eb t\u00eb Ukrain\u00ebs si territor rus<\/span><\/li>\n<li><span style=\"color: #000000;\">Njohja \u201cde fakto\u201d e pushtimit nga Rusia t\u00eb kat\u00ebr rajoneve n\u00eb Ukrain\u00ebn lindore, q\u00eb do t\u00eb thot\u00eb se SHBA-ja do pranonte se Moska kontrollon rajonet e Luhansk, Donetsk, Kherson dhe Zaporizhzhia, nd\u00ebrsa zyrtarisht i konsideronte ato tok\u00eb ukrainase.<\/span><\/li>\n<li><span style=\"color: #000000;\">Nj\u00eb zotim se SHBA-ja nuk do e mb\u00ebshtes\u00eb an\u00ebtar\u00ebsimin e Ukrain\u00ebs n\u00eb NATO.<\/span><\/li>\n<li><span style=\"color: #000000;\">Heqja e sanksioneve ndaj Rusis\u00eb<\/span><\/li>\n<li><span style=\"color: #000000;\">Mund\u00ebsi p\u00ebr m\u00eb shum\u00eb bashk\u00ebpunim ekonomik me SHBA-n\u00eb, ve\u00e7an\u00ebrisht n\u00eb fush\u00ebn e energjis\u00eb dhe industris\u00eb.<\/span><\/li>\n<\/ul>\n<p><span style=\"color: #ff0000;\"><strong><em>Ukraina<\/em><\/strong><\/span><\/p>\n<ul>\n<li><span style=\"color: #000000;\">Ndihma nga forcat ushtarake evropiane si &#8220;nj\u00eb garanci e fort\u00eb sigurie&#8221; pas nj\u00eb arm\u00ebpushimi. SHBA-ja nuk do p\u00ebrfshihej n\u00eb k\u00ebt\u00eb mas\u00eb.<\/span><\/li>\n<li><span style=\"color: #000000;\">Rusia do kthente nj\u00eb pjes\u00eb t\u00eb vog\u00ebl t\u00eb rajonit t\u00eb Kharkiv-it t\u00eb Ukrain\u00ebs, i pushtuar aktualisht nga Moska.<\/span><\/li>\n<li><span style=\"color: #000000;\">T\u00eb drejtat e lundrimit n\u00eb lumin Dnieper, i cili kalon p\u00ebrgjat\u00eb vijave t\u00eb frontit.<\/span><\/li>\n<li><span style=\"color: #000000;\">Ndihma n\u00eb rind\u00ebrtimin e pasluft\u00ebs, megjith\u00ebse \u00ebsht\u00eb e paqart\u00eb se nga do vinte ai financim.<\/span><\/li>\n<\/ul>\n<p><span style=\"color: #000000;\"><span style=\"color: #ff0000;\"><strong>VINI RE<\/strong><\/span>: Ky shkrim \u00ebsht\u00eb pron\u00ebsi intelektuale e <a href=\"https:\/\/nypost.com\/2025\/04\/23\/us-news\/trump-gives-zelensky-dire-warning-on-russia-ukraine-war-accept-peace-or-risk-losing-the-whole-country\/\"><span style=\"color: #0000ff;\">NY Post<\/span><\/a><\/span><\/p>\n<p><span style=\"color: #000000;\">P\u00ebrgatiti p\u00ebr <span style=\"color: #0000ff;\">Hashtag.al,<\/span> Klodian Manjani<\/span><\/p>\n","protected":false,"gt_translate_keys":[{"key":"rendered","format":"html"}]},"excerpt":{"rendered":"<p>Presidenti Trump b\u00ebri \u200b\u200bnj\u00eb paralajm\u00ebrim t\u00eb ashp\u00ebr p\u00ebr presidentin ukrainas Zelensky t\u00eb m\u00ebrkur\u00ebn, duke th\u00ebn\u00eb se udh\u00ebheq\u00ebsi i Kievit ishte n\u00eb nj\u00eb gjendje &#8220;t\u00eb v\u00ebshtir\u00eb&#8221; dhe &#8220;ose do arrihet\u00a0 paqja ose ai mund t\u00eb luftoj\u00eb edhe p\u00ebr tre vjet t\u00eb tjera para se t\u00eb humbas\u00eb gjith\u00eb vendin&#8221;. Trump iu p\u00ebrgjigj Zelensky-t\u00a0 i cii tha gazetar\u00ebve [&hellip;]<\/p>\n","protected":false,"gt_translate_keys":[{"key":"rendered","format":"html"}]},"author":51,"featured_media":737395,"comment_status":"closed","ping_status":"open","sticky":false,"template":"","format":"standard","meta":{"footnotes":""},"categories":[53],"tags":[],"class_list":["post-737394","post","type-post","status-publish","format-standard","has-post-thumbnail","hentry","category-fast-foodi"],"gt_translate_keys":[{"key":"link","format":"url"}],"_links":{"self":[{"href":"https:\/\/www.hashtag.al\/index.php\/wp-json\/wp\/v2\/posts\/737394","targetHints":{"allow":["GET"]}}],"collection":[{"href":"https:\/\/www.hashtag.al\/index.php\/wp-json\/wp\/v2\/posts"}],"about":[{"href":"https:\/\/www.hashtag.al\/index.php\/wp-json\/wp\/v2\/types\/post"}],"author":[{"embeddable":true,"href":"https:\/\/www.hashtag.al\/index.php\/wp-json\/wp\/v2\/users\/51"}],"replies":[{"embeddable":true,"href":"https:\/\/www.hashtag.al\/index.php\/wp-json\/wp\/v2\/comments?post=737394"}],"version-history":[{"count":99999,"href":"https:\/\/www.hashtag.al\/index.php\/wp-json\/wp\/v2\/posts\/737394\/revisions"}],"predecessor-version":[{"id":737398,"href":"https:\/\/www.hashtag.al\/index.php\/wp-json\/wp\/v2\/posts\/737394\/revisions\/737398"}],"wp:featuredmedia":[{"embeddable":true,"href":"https:\/\/www.hashtag.al\/index.php\/wp-json\/wp\/v2\/media\/737395"}],"wp:attachment":[{"href":"https:\/\/www.hashtag.al\/index.php\/wp-json\/wp\/v2\/media?parent=737394"}],"wp:term":[{"taxonomy":"category","embeddable":true,"href":"https:\/\/www.hashtag.al\/index.php\/wp-json\/wp\/v2\/categories?post=737394"},{"taxonomy":"post_tag","embeddable":true,"href":"https:\/\/www.hashtag.al\/index.php\/wp-json\/wp\/v2\/tags?post=737394"}],"curies":[{"name":"wp","href":"https:\/\/api.w.org\/{rel}","templated":true}]}}