{"id":737343,"date":"2025-04-23T15:51:52","date_gmt":"2025-04-23T13:51:52","guid":{"rendered":"https:\/\/www.hashtag.al\/?p=737343"},"modified":"2025-04-23T15:51:52","modified_gmt":"2025-04-23T13:51:52","slug":"gjkko-le-ne-burg-erion-veliajn","status":"publish","type":"post","link":"https:\/\/www.hashtag.al\/index.php\/2025\/04\/23\/gjkko-le-ne-burg-erion-veliajn\/","title":{"rendered":"GJKKO l\u00eb n\u00eb burg Erion Veliajn","gt_translate_keys":[{"key":"rendered","format":"text"}]},"content":{"rendered":"<p><img loading=\"lazy\" decoding=\"async\" class=\"alignnone size-medium wp-image-729660\" src=\"https:\/\/www.hashtag.al\/wp-content\/uploads\/2025\/03\/1741722446_erionveliaj-300x169.jpg\" alt=\"\" width=\"300\" height=\"169\" srcset=\"https:\/\/www.hashtag.al\/wp-content\/uploads\/2025\/03\/1741722446_erionveliaj-300x169.jpg 300w, https:\/\/www.hashtag.al\/wp-content\/uploads\/2025\/03\/1741722446_erionveliaj-768x433.jpg 768w, https:\/\/www.hashtag.al\/wp-content\/uploads\/2025\/03\/1741722446_erionveliaj.jpg 780w\" sizes=\"auto, (max-width: 300px) 100vw, 300px\" \/><\/p>\n<p><span style=\"color: #000000;\">GJKKO ka l\u00ebn\u00eb n\u00eb burg kryetarin e bashkis\u00eb s\u00eb Tiran\u00ebs, Erion Veliaj, i cili ndodhet prapa hekurave q\u00eb prej dat\u00ebs 10 shkurt t\u00eb k\u00ebtij viti.<\/span><\/p>\n<p><span style=\"color: #000000;\">Gjykata ka hedhur posht\u00eb k\u00ebshtu revokimin per ndryshimin e mases per Erion Veliaj, por edhe per biznesmenin Elman Abule.<\/span><\/p>\n<p><span style=\"color: #000000;\">M\u00ebsohet se n\u00eb seanc\u00ebn e sotme Gjykata e Posa\u00e7me u njoh me informacionin dy mujor dhe veprimet hetimore t\u00eb kryera nga SPAK.<\/span><\/p>\n<p><span style=\"color: #000000;\">Prokuroria e Posa\u00e7me, nga ana e saj ka deklaruar se gjat\u00eb k\u00ebsaj kohe jan\u00eb kryer 114 veprime hetimore q\u00eb lidhen me dosjen ndaj Veliajt, duke p\u00ebrfshir\u00eb kontrollin e celular\u00ebve t\u00eb sekuestruar si dhe marrjen e d\u00ebshmis\u00eb.<\/span><\/p>\n<p><span style=\"color: #000000;\">Kryebashkiaku i Tiran\u00ebs, Erion Veliaj akuzohet \u201cKorrupsioni pasiv i funksionar\u00ebve t\u00eb lart\u00eb shtet\u00ebror\u00eb ose i t\u00eb zgjedhurve vendor\u00eb\u201d, kryer n\u00eb bashk\u00ebpunim (9 her\u00eb) dhe \u201cPastrimi i produkteve t\u00eb vepr\u00ebs penale ose veprimtaris\u00eb kriminale\u201d.<\/span><\/p>\n<p><span style=\"color: #000000;\">Gjithashtu akuzohet p\u00ebr \u201cfutjen e sendeve t\u00eb ndaluara n\u00eb qelit\u00eb e paraburgimit\u201d.<\/span><\/p>\n<p><span style=\"color: #000000;\">Kryebashkiaku i Tiran\u00ebs, \u00ebsht\u00eb arrestuar m\u00eb 10 shkurt 2025 nga Prokuroria e Posa\u00e7me kund\u00ebr Korrupsionit dhe Krimit t\u00eb Organizuar (SPAK) p\u00ebr akuzat e korrupsionit dhe pastrimit t\u00eb parave.<\/span><\/p>\n<p><span style=\"color: #000000;\">Sipas SPAK, Veliaj dhe bashk\u00ebshortja e tij, Ajola Xoxa, dyshohet se kan\u00eb krijuar nj\u00eb mekaniz\u00ebm p\u00ebr t\u00eb p\u00ebrfituar paligjshm\u00ebrisht fonde publike.<\/span><\/p>\n","protected":false,"gt_translate_keys":[{"key":"rendered","format":"html"}]},"excerpt":{"rendered":"<p>GJKKO ka l\u00ebn\u00eb n\u00eb burg kryetarin e bashkis\u00eb s\u00eb Tiran\u00ebs, Erion Veliaj, i cili ndodhet prapa hekurave q\u00eb prej dat\u00ebs 10 shkurt t\u00eb k\u00ebtij viti. Gjykata ka hedhur posht\u00eb k\u00ebshtu revokimin per ndryshimin e mases per Erion Veliaj, por edhe per biznesmenin Elman Abule. M\u00ebsohet se n\u00eb seanc\u00ebn e sotme Gjykata e Posa\u00e7me u njoh [&hellip;]<\/p>\n","protected":false,"gt_translate_keys":[{"key":"rendered","format":"html"}]},"author":32,"featured_media":729660,"comment_status":"closed","ping_status":"open","sticky":false,"template":"","format":"standard","meta":{"footnotes":""},"categories":[65],"tags":[],"class_list":["post-737343","post","type-post","status-publish","format-standard","has-post-thumbnail","hentry","category-lajme"],"gt_translate_keys":[{"key":"link","format":"url"}],"_links":{"self":[{"href":"https:\/\/www.hashtag.al\/index.php\/wp-json\/wp\/v2\/posts\/737343","targetHints":{"allow":["GET"]}}],"collection":[{"href":"https:\/\/www.hashtag.al\/index.php\/wp-json\/wp\/v2\/posts"}],"about":[{"href":"https:\/\/www.hashtag.al\/index.php\/wp-json\/wp\/v2\/types\/post"}],"author":[{"embeddable":true,"href":"https:\/\/www.hashtag.al\/index.php\/wp-json\/wp\/v2\/users\/32"}],"replies":[{"embeddable":true,"href":"https:\/\/www.hashtag.al\/index.php\/wp-json\/wp\/v2\/comments?post=737343"}],"version-history":[{"count":99999,"href":"https:\/\/www.hashtag.al\/index.php\/wp-json\/wp\/v2\/posts\/737343\/revisions"}],"predecessor-version":[{"id":737345,"href":"https:\/\/www.hashtag.al\/index.php\/wp-json\/wp\/v2\/posts\/737343\/revisions\/737345"}],"wp:featuredmedia":[{"embeddable":true,"href":"https:\/\/www.hashtag.al\/index.php\/wp-json\/wp\/v2\/media\/729660"}],"wp:attachment":[{"href":"https:\/\/www.hashtag.al\/index.php\/wp-json\/wp\/v2\/media?parent=737343"}],"wp:term":[{"taxonomy":"category","embeddable":true,"href":"https:\/\/www.hashtag.al\/index.php\/wp-json\/wp\/v2\/categories?post=737343"},{"taxonomy":"post_tag","embeddable":true,"href":"https:\/\/www.hashtag.al\/index.php\/wp-json\/wp\/v2\/tags?post=737343"}],"curies":[{"name":"wp","href":"https:\/\/api.w.org\/{rel}","templated":true}]}}