{"id":737195,"date":"2025-04-22T21:51:56","date_gmt":"2025-04-22T19:51:56","guid":{"rendered":"https:\/\/www.hashtag.al\/?p=737195"},"modified":"2025-04-22T21:51:56","modified_gmt":"2025-04-22T19:51:56","slug":"obsh-ja-nis-ristrukturimin-e-stafit-pas-shkurtimit-te-fondeve-nga-shba-ja","status":"publish","type":"post","link":"https:\/\/www.hashtag.al\/index.php\/2025\/04\/22\/obsh-ja-nis-ristrukturimin-e-stafit-pas-shkurtimit-te-fondeve-nga-shba-ja\/","title":{"rendered":"OBSH-ja nis ristrukturimin e stafit pas shkurtimit t\u00eb fondeve nga SHBA-ja","gt_translate_keys":[{"key":"rendered","format":"text"}]},"content":{"rendered":"<p><span style=\"color: #000000;\"><img decoding=\"async\" src=\"https:\/\/www.hashtag.al\/wp-content\/uploads\/2020\/02\/obsh.jpg\" \/><\/span><\/p>\n<p><span style=\"color: #000000;\">Kreu i Organizat\u00ebs Bot\u00ebrore t\u00eb Sh\u00ebndet\u00ebsis\u00eb (OBSH), Tedros Adhanom Ghebreyesus, pranoi t\u00eb mart\u00ebn se shkurtimet e fondeve nga SHBA-ja e kan\u00eb l\u00ebn\u00eb agjencin\u00eb e OKB-s\u00eb me nj\u00eb boshll\u00ebk t\u00eb madh n\u00eb buxhet, duke e detyruar at\u00eb t\u00eb shkurtoj\u00eb operacionet dhe t\u00eb pushoj\u00eb punonj\u00ebs, p\u00ebrcjell <span style=\"color: #0000ff;\"><a style=\"color: #0000ff;\" href=\"https:\/\/www.evropaelire.org\/a\/obsh-nis-ristrukturim-pas-shkurtimit-fonde-shba\/33392816.html\">Radio Evropa e Lir\u00eb<\/a><\/span>.<\/span><\/p>\n<p><span style=\"color: #000000;\">\u201cR\u00ebnia e papritur e t\u00eb ardhurave na ka l\u00ebn\u00eb me nj\u00eb boshll\u00ebk t\u00eb madh n\u00eb paga dhe pa zgjidhje tjet\u00ebr ve\u00e7se t\u00eb zvog\u00eblojm\u00eb p\u00ebrmas\u00ebn e pun\u00ebs dhe fuqis\u00eb pun\u00ebtore\u201d, u tha Ghebreyesus shteteve an\u00ebtare, sipas nj\u00eb transkripti t\u00eb fjalimit t\u00eb tij hap\u00ebs.<\/span><\/p>\n<p><span style=\"color: #000000;\">Agjencia e sh\u00ebndetit e Kombeve t\u00eb Bashkuara \u00ebsht\u00eb duke u p\u00ebrgatitur p\u00ebr t\u00ebrheqjen e plot\u00eb t\u00eb planifikuar t\u00eb Shteteve t\u00eb Bashkuara \u2014 tradicionalisht donatori i saj m\u00eb i madh \u2014 n\u00eb janarin e vitit t\u00eb ardhsh\u00ebm.<\/span><\/p>\n<p><span style=\"color: #000000;\">Nd\u00ebrkoh\u00eb, administrata e presidentit t\u00eb SHBA-s\u00eb, Donald Trump, ka refuzuar gjithashtu t\u00eb paguaj\u00eb kuotat e an\u00ebtar\u00ebsimit t\u00eb dakorduara \u2014 t\u00eb quajtura kontribute t\u00eb vler\u00ebsuara \u2014 p\u00ebr vitet 2024 dhe 2025, nd\u00ebrsa ka ngrir\u00eb pothuajse t\u00eb gjitha ndihmat e jashtme amerikane, p\u00ebrfshir\u00eb edhe ndihm\u00ebn masive p\u00ebr projektet sh\u00ebndet\u00ebsore n\u00eb mbar\u00eb bot\u00ebn.<\/span><\/p>\n<p><span style=\"color: #000000;\">Nj\u00eb num\u00ebr vendesh t\u00eb tjera gjithashtu kan\u00eb reduktuar shpenzimet e tyre p\u00ebr ndihm\u00eb t\u00eb huaj.<\/span><\/p>\n<p><span style=\"color: #000000;\">P\u00ebrball\u00eb k\u00ebsaj situate, OBSH-ja ka ka vendosur t\u00eb formoj\u00eb nj\u00eb struktur\u00eb t\u00eb re organizative, t\u00eb cil\u00ebn Tedros e paraqiti p\u00ebr stafin dhe shtetet an\u00ebtare t\u00eb mart\u00ebn.<\/span><\/p>\n<p><span style=\"color: #000000;\">\u201cRefuzimi i SHBA-s\u00eb p\u00ebr t\u00eb paguar kontributet e vler\u00ebsuara p\u00ebr 2024 dhe 2025, i kombinuar me reduktimet n\u00eb ndihm\u00ebn zyrtare p\u00ebr zhvillim nga disa vende t\u00eb tjera, do t\u00eb thot\u00eb se po p\u00ebrballemi me nj\u00eb boshll\u00ebk n\u00eb pagat p\u00ebr bienalin 2026\u201327 nga 560 deri n\u00eb 650 milion\u00eb dollar\u00eb,\u201d pranoi ai.<\/span><\/p>\n<p><span style=\"color: #000000;\">Skaji i posht\u00ebm i k\u00ebtij spektri \u201cp\u00ebrfaq\u00ebson rreth 25 p\u00ebr qind t\u00eb kostove aktuale t\u00eb stafit\u201d, tha ai, duke theksuar megjithat\u00eb se \u201ckjo nuk do t\u00eb thot\u00eb domosdoshm\u00ebrisht nj\u00eb shkurtim prej 25 p\u00ebr qind t\u00eb numrit t\u00eb pozitave\u201d.<\/span><\/p>\n<p><span style=\"color: #000000;\">Ai nuk tha se sa vende pune do t\u00eb humben, por theksoi se ndikimi m\u00eb i madh pritet t\u00eb ndihet n\u00eb selin\u00eb e organizat\u00ebs n\u00eb Gjenev\u00eb, dhe shtoi se \u201cne po fillojm\u00eb me reduktime n\u00eb menaxhimin e lart\u00eb\u201d.<\/span><\/p>\n<p><span style=\"color: #000000;\">\u201cPo e zvog\u00eblojm\u00eb ekipin drejtues t\u00eb lart\u00eb n\u00eb seli nga 12 n\u00eb 7, dhe numri i departamenteve do t\u00eb reduktohet m\u00eb shum\u00eb se p\u00ebrgjysm\u00eb, nga 76 n\u00eb 34,\u201d tha Tedros.<\/span><\/p>\n<p><span style=\"color: #000000;\">\u201cK\u00ebto jan\u00eb vendime shum\u00eb t\u00eb dhimbshme p\u00ebr t\u00eb gjith\u00eb ne.\u201d<\/span><\/p>\n","protected":false,"gt_translate_keys":[{"key":"rendered","format":"html"}]},"excerpt":{"rendered":"<p>Kreu i Organizat\u00ebs Bot\u00ebrore t\u00eb Sh\u00ebndet\u00ebsis\u00eb (OBSH), Tedros Adhanom Ghebreyesus, pranoi t\u00eb mart\u00ebn se shkurtimet e fondeve nga SHBA-ja e kan\u00eb l\u00ebn\u00eb agjencin\u00eb e OKB-s\u00eb me nj\u00eb boshll\u00ebk t\u00eb madh n\u00eb buxhet, duke e detyruar at\u00eb t\u00eb shkurtoj\u00eb operacionet dhe t\u00eb pushoj\u00eb punonj\u00ebs, p\u00ebrcjell Radio Evropa e Lir\u00eb. \u201cR\u00ebnia e papritur e t\u00eb ardhurave na [&hellip;]<\/p>\n","protected":false,"gt_translate_keys":[{"key":"rendered","format":"html"}]},"author":32,"featured_media":355971,"comment_status":"closed","ping_status":"open","sticky":false,"template":"","format":"standard","meta":{"footnotes":""},"categories":[6],"tags":[],"class_list":["post-737195","post","type-post","status-publish","format-standard","has-post-thumbnail","hentry","category-nderkombetare"],"gt_translate_keys":[{"key":"link","format":"url"}],"_links":{"self":[{"href":"https:\/\/www.hashtag.al\/index.php\/wp-json\/wp\/v2\/posts\/737195","targetHints":{"allow":["GET"]}}],"collection":[{"href":"https:\/\/www.hashtag.al\/index.php\/wp-json\/wp\/v2\/posts"}],"about":[{"href":"https:\/\/www.hashtag.al\/index.php\/wp-json\/wp\/v2\/types\/post"}],"author":[{"embeddable":true,"href":"https:\/\/www.hashtag.al\/index.php\/wp-json\/wp\/v2\/users\/32"}],"replies":[{"embeddable":true,"href":"https:\/\/www.hashtag.al\/index.php\/wp-json\/wp\/v2\/comments?post=737195"}],"version-history":[{"count":99999,"href":"https:\/\/www.hashtag.al\/index.php\/wp-json\/wp\/v2\/posts\/737195\/revisions"}],"predecessor-version":[{"id":737200,"href":"https:\/\/www.hashtag.al\/index.php\/wp-json\/wp\/v2\/posts\/737195\/revisions\/737200"}],"wp:featuredmedia":[{"embeddable":true,"href":"https:\/\/www.hashtag.al\/index.php\/wp-json\/wp\/v2\/media\/355971"}],"wp:attachment":[{"href":"https:\/\/www.hashtag.al\/index.php\/wp-json\/wp\/v2\/media?parent=737195"}],"wp:term":[{"taxonomy":"category","embeddable":true,"href":"https:\/\/www.hashtag.al\/index.php\/wp-json\/wp\/v2\/categories?post=737195"},{"taxonomy":"post_tag","embeddable":true,"href":"https:\/\/www.hashtag.al\/index.php\/wp-json\/wp\/v2\/tags?post=737195"}],"curies":[{"name":"wp","href":"https:\/\/api.w.org\/{rel}","templated":true}]}}