{"id":737194,"date":"2025-04-22T21:39:41","date_gmt":"2025-04-22T19:39:41","guid":{"rendered":"https:\/\/www.hashtag.al\/?p=737194"},"modified":"2025-04-22T21:39:47","modified_gmt":"2025-04-22T19:39:47","slug":"shehi-qytetaret-te-votojne-partite-e-reja-nese-duan-ndryshim-rama-e-berisha-jane-nje-grup","status":"publish","type":"post","link":"https:\/\/www.hashtag.al\/index.php\/2025\/04\/22\/shehi-qytetaret-te-votojne-partite-e-reja-nese-duan-ndryshim-rama-e-berisha-jane-nje-grup\/","title":{"rendered":"Shehi: Qytetar\u00ebt t\u00eb votojn\u00eb partit\u00eb e reja n\u00ebse duan ndryshim, Rama e Berisha jan\u00eb nj\u00eb grup","gt_translate_keys":[{"key":"rendered","format":"text"}]},"content":{"rendered":"<p><a href=\"https:\/\/www.hashtag.al\/index.php\/2025\/04\/22\/shehi-qytetaret-te-votojne-partite-e-reja-nese-duan-ndryshim-rama-e-berisha-jane-nje-grup\/shehi-12\/\" rel=\"attachment wp-att-737196\"><img loading=\"lazy\" decoding=\"async\" class=\"aligncenter size-full wp-image-737196\" src=\"https:\/\/www.hashtag.al\/wp-content\/uploads\/2025\/04\/shehi.png\" alt=\"\" width=\"1335\" height=\"670\" srcset=\"https:\/\/www.hashtag.al\/wp-content\/uploads\/2025\/04\/shehi.png 1335w, https:\/\/www.hashtag.al\/wp-content\/uploads\/2025\/04\/shehi-300x151.png 300w, https:\/\/www.hashtag.al\/wp-content\/uploads\/2025\/04\/shehi-1024x514.png 1024w, https:\/\/www.hashtag.al\/wp-content\/uploads\/2025\/04\/shehi-768x385.png 768w\" sizes=\"auto, (max-width: 1335px) 100vw, 1335px\" \/><\/a><\/p>\n<p><span style=\"color: #000000;\">Kreu i LZHK-s\u00eb Dashamir Shehi, pjes\u00eb e koalicionit Djathtas p\u00ebr Zhvillim, tha se synojn\u00eb t\u00eb marrin deputet\u00eb n\u00eb zgjedhjet e 11 majit, ku kan\u00eb kandidat\u00eb me integritet n\u00eb gjith\u00eb vendin. <\/span><\/p>\n<p><span style=\"color: #000000;\">Ai tha se parlamenti ka kaluar nga ai i doktor\u00ebve n\u00eb fillimet e tij n\u00eb at\u00eb t\u00eb zullumqar\u00ebve. Shehi tha gjithashtu se \u00ebsht\u00eb p\u00ebrpjekur t\u00eb bashkoj\u00eb partit\u00eb e vogla nd\u00ebrsa u b\u00ebri thirrje qytetar\u00ebve t\u00eb votojn\u00eb partit\u00eb e vogla n\u00ebse duan ndryshim dhe p\u00ebr t\u2019u hequr monopolin PS-s\u00eb e PD-s\u00eb.<\/span><\/p>\n<p><span style=\"color: #000000;\"><em>\u201cNe garojm\u00eb thuajse n\u00eb t\u00eb gjitha qytetet e m\u00ebdha. Ne nuk jemi t\u00eb zhurmshmit e fushat\u00ebs, nuk biem n\u00eb sy, por kemi mb\u00ebshtet\u00ebsit tan\u00eb. N\u00eb \u00e7do qark kemi kandidat\u00eb q\u00eb kan\u00eb qen\u00eb deputet\u00eb me integritet. Ne nuk i trembemi partive t\u00eb m\u00ebdha e jo m\u00eb t\u00eb vogla. Natyrisht, nuk kemi struktura t\u00eb forta dhe as lek\u00eb. K\u00ebto na mungojn\u00eb, por nuk dor\u00ebzohemi. N\u00eb \u201892 ishte parlamenti i doktor\u00ebve, kurse tani \u00ebsht\u00eb ai zullumqar\u00ebve, por mund t\u00eb b\u00ebhet edhe m\u00eb keq. Politika merrte nga t\u00eb gjitha fushat, nd\u00ebrsa sot nuk i njeh kush, mjafton t\u00eb sh\u00ebrbej\u00eb. Jam munduar t\u00eb bashkoj\u00eb forcat me partit\u00eb e tjera simotra, por egoja nuk i la. Ne kemi princip, me listat e hapura. Kishim disa t\u00eb p\u00ebrbashk\u00ebta, por nj\u00eb pjes\u00eb donin lista t\u00eb mbyllura. Ne u bashkuam dy grupe, t\u00eb tjer\u00ebt pan\u00eb interesat e veta. Ndoshta duke menduar se ne jemi t\u00eb rinj e na pengojn\u00eb k\u00ebta t\u00eb vjetrit.\u201d<\/em> &#8211; tha Shehi.<\/span><\/p>\n<p><span style=\"color: #000000;\">Deputeti i LZHK-s\u00eb tha se e keqja e madhe e vendit \u00ebsht\u00eb qeverisja por akuzoi Berish\u00ebn p\u00ebr bashk\u00ebpunim me kryeministrin Rama.<\/span><\/p>\n<p><span style=\"color: #000000;\"><em>\u201cQeverisja \u00ebsht\u00eb e keqja kryesore. Kjo q\u00eb b\u00ebjm\u00eb ne nuk prodhon vota, nuk \u00ebsht\u00eb populiste, por un\u00eb s\u2019e b\u00ebj dot, nuk dal dot nga vetja. Nuk g\u00ebnjej dot se jam n\u00ebpun\u00ebs i vjet\u00ebr. Premtoj ato q\u00eb mund t\u00eb b\u00ebhen. Shum\u00eb pak jemi q\u00eb e kemi nisur djathtas dhe kemi ecur djathtas. Ne po b\u00ebjm\u00eb k\u00ebt\u00eb luft\u00eb, \u00ebsht\u00eb malore por ia vlen. Ose ik dor\u00ebzohu te dy grupet e m\u00ebdha, q\u00eb n\u00eb fakt jan\u00eb nj\u00eb. Kjo \u00ebsht\u00eb nj\u00eb histori e vjet\u00ebr, kush nuk \u00ebsht\u00eb me Berish\u00ebn, \u00ebsht\u00eb me Ram\u00ebn. Nj\u00eb e treta e list\u00ebs s\u00eb Berish\u00ebs e ka b\u00ebr\u00eb nj\u00eb xhiro nga e majta. Ligji Zgjedhor, Amnistia, sulmi ndaj SPAK-ut kan\u00eb qen\u00eb Berisha e Ram\u00eb n\u00eb konkordanc\u00eb me nj\u00ebri-tjetrin.\u201d\u00ad<\/em> &#8211; shtoi Shehi.<\/span><\/p>\n","protected":false,"gt_translate_keys":[{"key":"rendered","format":"html"}]},"excerpt":{"rendered":"<p>Kreu i LZHK-s\u00eb Dashamir Shehi, pjes\u00eb e koalicionit Djathtas p\u00ebr Zhvillim, tha se synojn\u00eb t\u00eb marrin deputet\u00eb n\u00eb zgjedhjet e 11 majit, ku kan\u00eb kandidat\u00eb me integritet n\u00eb gjith\u00eb vendin. Ai tha se parlamenti ka kaluar nga ai i doktor\u00ebve n\u00eb fillimet e tij n\u00eb at\u00eb t\u00eb zullumqar\u00ebve. Shehi tha gjithashtu se \u00ebsht\u00eb p\u00ebrpjekur t\u00eb [&hellip;]<\/p>\n","protected":false,"gt_translate_keys":[{"key":"rendered","format":"html"}]},"author":51,"featured_media":737196,"comment_status":"closed","ping_status":"open","sticky":false,"template":"","format":"standard","meta":{"footnotes":""},"categories":[65],"tags":[],"class_list":["post-737194","post","type-post","status-publish","format-standard","has-post-thumbnail","hentry","category-lajme"],"gt_translate_keys":[{"key":"link","format":"url"}],"_links":{"self":[{"href":"https:\/\/www.hashtag.al\/index.php\/wp-json\/wp\/v2\/posts\/737194","targetHints":{"allow":["GET"]}}],"collection":[{"href":"https:\/\/www.hashtag.al\/index.php\/wp-json\/wp\/v2\/posts"}],"about":[{"href":"https:\/\/www.hashtag.al\/index.php\/wp-json\/wp\/v2\/types\/post"}],"author":[{"embeddable":true,"href":"https:\/\/www.hashtag.al\/index.php\/wp-json\/wp\/v2\/users\/51"}],"replies":[{"embeddable":true,"href":"https:\/\/www.hashtag.al\/index.php\/wp-json\/wp\/v2\/comments?post=737194"}],"version-history":[{"count":99999,"href":"https:\/\/www.hashtag.al\/index.php\/wp-json\/wp\/v2\/posts\/737194\/revisions"}],"predecessor-version":[{"id":737198,"href":"https:\/\/www.hashtag.al\/index.php\/wp-json\/wp\/v2\/posts\/737194\/revisions\/737198"}],"wp:featuredmedia":[{"embeddable":true,"href":"https:\/\/www.hashtag.al\/index.php\/wp-json\/wp\/v2\/media\/737196"}],"wp:attachment":[{"href":"https:\/\/www.hashtag.al\/index.php\/wp-json\/wp\/v2\/media?parent=737194"}],"wp:term":[{"taxonomy":"category","embeddable":true,"href":"https:\/\/www.hashtag.al\/index.php\/wp-json\/wp\/v2\/categories?post=737194"},{"taxonomy":"post_tag","embeddable":true,"href":"https:\/\/www.hashtag.al\/index.php\/wp-json\/wp\/v2\/tags?post=737194"}],"curies":[{"name":"wp","href":"https:\/\/api.w.org\/{rel}","templated":true}]}}