{"id":737061,"date":"2025-04-22T11:09:28","date_gmt":"2025-04-22T09:09:28","guid":{"rendered":"https:\/\/www.hashtag.al\/?p=737061"},"modified":"2025-04-22T11:09:28","modified_gmt":"2025-04-22T09:09:28","slug":"spak-nis-hetimet-sekuestron-dokumentet-e-kompanise-qe-ndertoi-tunelin-e-llogarase","status":"publish","type":"post","link":"https:\/\/www.hashtag.al\/index.php\/2025\/04\/22\/spak-nis-hetimet-sekuestron-dokumentet-e-kompanise-qe-ndertoi-tunelin-e-llogarase\/","title":{"rendered":"SPAK nis hetimet, sekuestron dokumentet e kompanis\u00eb q\u00eb nd\u00ebrtoi tunelin e Llogaras\u00eb","gt_translate_keys":[{"key":"rendered","format":"text"}]},"content":{"rendered":"<p class=\"\" data-start=\"155\" data-end=\"316\"><img loading=\"lazy\" decoding=\"async\" class=\"aligncenter size-full wp-image-693201\" src=\"https:\/\/www.hashtag.al\/wp-content\/uploads\/2024\/08\/Belinda-Balluku-tuneli-i-Llogarase-1.jpg\" alt=\"\" width=\"738\" height=\"483\" srcset=\"https:\/\/www.hashtag.al\/wp-content\/uploads\/2024\/08\/Belinda-Balluku-tuneli-i-Llogarase-1.jpg 738w, https:\/\/www.hashtag.al\/wp-content\/uploads\/2024\/08\/Belinda-Balluku-tuneli-i-Llogarase-1-300x196.jpg 300w\" sizes=\"auto, (max-width: 738px) 100vw, 738px\" \/><\/p>\n<p class=\"\" data-start=\"155\" data-end=\"316\"><span style=\"color: #000000;\">Prokuroria e Posa\u00e7me (SPAK)\u00a0ka sekuestruar dokumentacionin e kompanis\u00eb\u00a0\u201cHill International NV\u201d, e cila ka realizuar nd\u00ebrtimin e\u00a0tunelit t\u00eb Llogaras\u00eb.<\/span><\/p>\n<p class=\"\" data-start=\"318\" data-end=\"454\"><span style=\"color: #000000;\">Sipas raportimeve nga gazetarja\u00a0<a href=\"https:\/\/www.balkanweb.com\/lajmi-i-fundit-afera-e-ballukut-spak-nis-hetimet-sekuestron-dokumentet-e-tenderit-te-tunelit-te-llogarase\/#gsc.tab=0\"><span style=\"color: #0000ff;\"><strong>Klodiana Lala,<\/strong><\/span><\/a> urdhri p\u00ebr sekuestrimin e dokumenteve \u00ebsht\u00eb firmosur nga prokurori\u00a0Dritan Pren\u00e7i. <\/span><\/p>\n<p class=\"\" data-start=\"318\" data-end=\"454\"><span style=\"color: #000000;\">Ish zv. kryeministri Arben Ahmetaj ka hedhur akuza t\u00eb r\u00ebnda p\u00ebr k\u00ebt\u00eb tender, duke akuzuar Belinda Ballukun dhe kryeministrin Edi Rama p\u00ebr abuzime.<\/span><\/p>\n","protected":false,"gt_translate_keys":[{"key":"rendered","format":"html"}]},"excerpt":{"rendered":"<p>Prokuroria e Posa\u00e7me (SPAK)\u00a0ka sekuestruar dokumentacionin e kompanis\u00eb\u00a0\u201cHill International NV\u201d, e cila ka realizuar nd\u00ebrtimin e\u00a0tunelit t\u00eb Llogaras\u00eb. Sipas raportimeve nga gazetarja\u00a0Klodiana Lala, urdhri p\u00ebr sekuestrimin e dokumenteve \u00ebsht\u00eb firmosur nga prokurori\u00a0Dritan Pren\u00e7i. Ish zv. kryeministri Arben Ahmetaj ka hedhur akuza t\u00eb r\u00ebnda p\u00ebr k\u00ebt\u00eb tender, duke akuzuar Belinda Ballukun dhe kryeministrin Edi Rama p\u00ebr [&hellip;]<\/p>\n","protected":false,"gt_translate_keys":[{"key":"rendered","format":"html"}]},"author":49,"featured_media":693201,"comment_status":"closed","ping_status":"open","sticky":false,"template":"","format":"standard","meta":{"footnotes":""},"categories":[65],"tags":[],"class_list":["post-737061","post","type-post","status-publish","format-standard","has-post-thumbnail","hentry","category-lajme"],"gt_translate_keys":[{"key":"link","format":"url"}],"_links":{"self":[{"href":"https:\/\/www.hashtag.al\/index.php\/wp-json\/wp\/v2\/posts\/737061","targetHints":{"allow":["GET"]}}],"collection":[{"href":"https:\/\/www.hashtag.al\/index.php\/wp-json\/wp\/v2\/posts"}],"about":[{"href":"https:\/\/www.hashtag.al\/index.php\/wp-json\/wp\/v2\/types\/post"}],"author":[{"embeddable":true,"href":"https:\/\/www.hashtag.al\/index.php\/wp-json\/wp\/v2\/users\/49"}],"replies":[{"embeddable":true,"href":"https:\/\/www.hashtag.al\/index.php\/wp-json\/wp\/v2\/comments?post=737061"}],"version-history":[{"count":99999,"href":"https:\/\/www.hashtag.al\/index.php\/wp-json\/wp\/v2\/posts\/737061\/revisions"}],"predecessor-version":[{"id":737062,"href":"https:\/\/www.hashtag.al\/index.php\/wp-json\/wp\/v2\/posts\/737061\/revisions\/737062"}],"wp:featuredmedia":[{"embeddable":true,"href":"https:\/\/www.hashtag.al\/index.php\/wp-json\/wp\/v2\/media\/693201"}],"wp:attachment":[{"href":"https:\/\/www.hashtag.al\/index.php\/wp-json\/wp\/v2\/media?parent=737061"}],"wp:term":[{"taxonomy":"category","embeddable":true,"href":"https:\/\/www.hashtag.al\/index.php\/wp-json\/wp\/v2\/categories?post=737061"},{"taxonomy":"post_tag","embeddable":true,"href":"https:\/\/www.hashtag.al\/index.php\/wp-json\/wp\/v2\/tags?post=737061"}],"curies":[{"name":"wp","href":"https:\/\/api.w.org\/{rel}","templated":true}]}}