{"id":737051,"date":"2025-04-22T09:55:57","date_gmt":"2025-04-22T07:55:57","guid":{"rendered":"https:\/\/www.hashtag.al\/?p=737051"},"modified":"2025-04-22T09:55:57","modified_gmt":"2025-04-22T07:55:57","slug":"rama-do-ta-beja-1-mije-here-me-mire-opoziten-keta-dine-vetem-te-veteshkaterrohen","status":"publish","type":"post","link":"https:\/\/www.hashtag.al\/index.php\/2025\/04\/22\/rama-do-ta-beja-1-mije-here-me-mire-opoziten-keta-dine-vetem-te-veteshkaterrohen\/","title":{"rendered":"Rama: Do ta b\u00ebja 1 mij\u00eb her\u00eb m\u00eb mir\u00eb opozit\u00ebn, k\u00ebta din\u00eb vet\u00ebm t\u00eb vet\u00ebshkat\u00ebrrohen","gt_translate_keys":[{"key":"rendered","format":"text"}]},"content":{"rendered":"<section><img loading=\"lazy\" decoding=\"async\" class=\"aligncenter size-full wp-image-737052\" src=\"https:\/\/www.hashtag.al\/wp-content\/uploads\/2025\/04\/111.jpg\" alt=\"\" width=\"780\" height=\"440\" srcset=\"https:\/\/www.hashtag.al\/wp-content\/uploads\/2025\/04\/111.jpg 780w, https:\/\/www.hashtag.al\/wp-content\/uploads\/2025\/04\/111-300x169.jpg 300w, https:\/\/www.hashtag.al\/wp-content\/uploads\/2025\/04\/111-768x433.jpg 768w\" sizes=\"auto, (max-width: 780px) 100vw, 780px\" \/><\/p>\n<p class=\"\" data-start=\"201\" data-end=\"401\"><span style=\"color: #000000;\">Kryeministri\u00a0Edi Rama\u00a0ka shigjetuar opozit\u00ebn n\u00eb nj\u00eb deklarat\u00eb t\u00eb fundit, duke e akuzuar se \u00ebsht\u00eb e paaft\u00eb p\u00ebr t\u00eb b\u00ebr\u00eb opozit\u00eb t\u00eb mir\u00ebfillt\u00eb dhe se funksionon vet\u00ebm n\u00eb funksion t\u00eb vet\u00ebshkat\u00ebrrimit.<\/span><\/p>\n<p class=\"\" data-start=\"403\" data-end=\"591\"><span style=\"color: #000000;\">Rama u shpreh me tone ironike se, n\u00ebse do t\u00eb ishte n\u00eb rolin e opozit\u00ebs, do ta b\u00ebnte \u201c1 mij\u00eb her\u00eb m\u00eb mir\u00eb\u201d se drejtuesit aktual\u00eb t\u00eb Partis\u00eb Demokratike.<\/span><\/p>\n<p class=\"\" data-start=\"854\" data-end=\"1022\"><span style=\"color: #000000;\">Ai tha se opozita pritet t\u00eb regjistroj\u00eb humbjen m\u00eb t\u00eb thell\u00eb q\u00eb nga periudha pas vitit 1997.<\/span><\/p>\n<p><span style=\"color: #000000;\"><em>\u201cN\u00ebse do ta b\u00ebja un\u00eb opozit\u00ebn time, do ta b\u00ebja 1 mij\u00eb her\u00eb m\u00eb mir\u00eb se k\u00ebta. K\u00ebta nuk din\u00eb t\u00eb b\u00ebjn\u00eb opozit\u00eb, por din\u00eb vet\u00ebm t\u00eb vet\u00ebshkat\u00ebrrohen dhe n\u00eb vet\u00ebshkat\u00ebrrim e sip\u00ebr t\u00eb pengojn\u00eb sa t\u00eb munden Shqip\u00ebrin\u00eb dhe t\u2019u nxijn\u00eb jet\u00ebn njer\u00ebzve. Prandaj m\u00eb 11 Maj do t\u00eb marrin rezultatin m\u00eb t\u00eb keq q\u00eb nga \u201997 e k\u00ebtej\u201d,<\/em> tha Rama.<\/span><\/p>\n<\/section>\n<div class=\"under_related_share\"><\/div>\n","protected":false,"gt_translate_keys":[{"key":"rendered","format":"html"}]},"excerpt":{"rendered":"<p>Kryeministri\u00a0Edi Rama\u00a0ka shigjetuar opozit\u00ebn n\u00eb nj\u00eb deklarat\u00eb t\u00eb fundit, duke e akuzuar se \u00ebsht\u00eb e paaft\u00eb p\u00ebr t\u00eb b\u00ebr\u00eb opozit\u00eb t\u00eb mir\u00ebfillt\u00eb dhe se funksionon vet\u00ebm n\u00eb funksion t\u00eb vet\u00ebshkat\u00ebrrimit. Rama u shpreh me tone ironike se, n\u00ebse do t\u00eb ishte n\u00eb rolin e opozit\u00ebs, do ta b\u00ebnte \u201c1 mij\u00eb her\u00eb m\u00eb mir\u00eb\u201d se drejtuesit [&hellip;]<\/p>\n","protected":false,"gt_translate_keys":[{"key":"rendered","format":"html"}]},"author":49,"featured_media":737052,"comment_status":"closed","ping_status":"open","sticky":false,"template":"","format":"standard","meta":{"footnotes":""},"categories":[65],"tags":[],"class_list":["post-737051","post","type-post","status-publish","format-standard","has-post-thumbnail","hentry","category-lajme"],"gt_translate_keys":[{"key":"link","format":"url"}],"_links":{"self":[{"href":"https:\/\/www.hashtag.al\/index.php\/wp-json\/wp\/v2\/posts\/737051","targetHints":{"allow":["GET"]}}],"collection":[{"href":"https:\/\/www.hashtag.al\/index.php\/wp-json\/wp\/v2\/posts"}],"about":[{"href":"https:\/\/www.hashtag.al\/index.php\/wp-json\/wp\/v2\/types\/post"}],"author":[{"embeddable":true,"href":"https:\/\/www.hashtag.al\/index.php\/wp-json\/wp\/v2\/users\/49"}],"replies":[{"embeddable":true,"href":"https:\/\/www.hashtag.al\/index.php\/wp-json\/wp\/v2\/comments?post=737051"}],"version-history":[{"count":99999,"href":"https:\/\/www.hashtag.al\/index.php\/wp-json\/wp\/v2\/posts\/737051\/revisions"}],"predecessor-version":[{"id":737053,"href":"https:\/\/www.hashtag.al\/index.php\/wp-json\/wp\/v2\/posts\/737051\/revisions\/737053"}],"wp:featuredmedia":[{"embeddable":true,"href":"https:\/\/www.hashtag.al\/index.php\/wp-json\/wp\/v2\/media\/737052"}],"wp:attachment":[{"href":"https:\/\/www.hashtag.al\/index.php\/wp-json\/wp\/v2\/media?parent=737051"}],"wp:term":[{"taxonomy":"category","embeddable":true,"href":"https:\/\/www.hashtag.al\/index.php\/wp-json\/wp\/v2\/categories?post=737051"},{"taxonomy":"post_tag","embeddable":true,"href":"https:\/\/www.hashtag.al\/index.php\/wp-json\/wp\/v2\/tags?post=737051"}],"curies":[{"name":"wp","href":"https:\/\/api.w.org\/{rel}","templated":true}]}}