{"id":736921,"date":"2025-04-21T15:47:50","date_gmt":"2025-04-21T13:47:50","guid":{"rendered":"https:\/\/www.hashtag.al\/?p=736921"},"modified":"2025-04-21T15:47:50","modified_gmt":"2025-04-21T13:47:50","slug":"presidenti-i-salvadorit-bukele-propozon-shkembim-te-burgosurish-me-maduro-ne-kembim-te-venezuelianeve-te-deportuar","status":"publish","type":"post","link":"https:\/\/www.hashtag.al\/index.php\/2025\/04\/21\/presidenti-i-salvadorit-bukele-propozon-shkembim-te-burgosurish-me-maduro-ne-kembim-te-venezuelianeve-te-deportuar\/","title":{"rendered":"Presidenti i Salvadorit, Bukele, propozon shk\u00ebmbim t\u00eb burgosurish me Maduro n\u00eb k\u00ebmbim t\u00eb venezuelian\u00ebve t\u00eb deportuar","gt_translate_keys":[{"key":"rendered","format":"text"}]},"content":{"rendered":"<p><span style=\"color: #000000;\"><img loading=\"lazy\" decoding=\"async\" class=\"alignnone size-medium wp-image-736924\" src=\"https:\/\/www.hashtag.al\/wp-content\/uploads\/2025\/04\/Screenshot-2025-04-21-153749-300x174.png\" alt=\"\" width=\"300\" height=\"174\" srcset=\"https:\/\/www.hashtag.al\/wp-content\/uploads\/2025\/04\/Screenshot-2025-04-21-153749-300x174.png 300w, https:\/\/www.hashtag.al\/wp-content\/uploads\/2025\/04\/Screenshot-2025-04-21-153749-1024x594.png 1024w, https:\/\/www.hashtag.al\/wp-content\/uploads\/2025\/04\/Screenshot-2025-04-21-153749-768x445.png 768w, https:\/\/www.hashtag.al\/wp-content\/uploads\/2025\/04\/Screenshot-2025-04-21-153749-250x145.png 250w, https:\/\/www.hashtag.al\/wp-content\/uploads\/2025\/04\/Screenshot-2025-04-21-153749.png 1116w\" sizes=\"auto, (max-width: 300px) 100vw, 300px\" \/><\/span><\/p>\n<p><span style=\"color: #000000;\">Presidenti i Salvadorit, Nayib Bukele, propozoi t\u00eb diel\u00ebn realizimin e nj\u00eb shk\u00ebmbimi t\u00eb burgosurish me Venezuel\u00ebn, duke sugjeruar se do t\u00eb shk\u00ebmbente venezuelian\u00ebt e deportuar nga Shtetet e Bashkuara q\u00eb qeveria e tij i ka mbajtur n\u00eb burg, me at\u00eb q\u00eb ai i quajti &#8220;t\u00eb burgosur politik\u00eb&#8221; n\u00eb Venezuel\u00eb.<\/span><\/p>\n<p><span style=\"color: #000000;\">N\u00eb nj\u00eb postim n\u00eb platform\u00ebn sociale X, drejtuar presidentit t\u00eb Venezuel\u00ebs Nicol\u00e1s Maduro, Bukele p\u00ebrmendi nj\u00eb s\u00ebr\u00eb familjar\u00ebsh t\u00eb figurave t\u00eb larta t\u00eb opozit\u00ebs n\u00eb Venezuel\u00eb, gazetar\u00eb dhe aktivist\u00eb t\u00eb ndaluar gjat\u00eb fushat\u00ebs s\u00eb shtypjes s\u00eb zgjedhjeve nga qeveria e Venezuel\u00ebs vitin e kaluar.<\/span><\/p>\n<p><span style=\"color: #000000;\"><em>&#8220;Arsyeja e vetme pse ata jan\u00eb burgosur \u00ebsht\u00eb sepse jan\u00eb kund\u00ebrshtuar ndaj teje dhe mashtrimit t\u00ebnd elektoral,&#8221;<\/em> i shkroi Bukele Madur\u00ebs, p\u00ebrcjell <span style=\"color: #0000ff;\"><a style=\"color: #0000ff;\" href=\"https:\/\/apnews.com\/article\/el-salvador-bukele-maduro-venezuela-prisoners-6728d1df2445d85bd16c6ab8a85056a8\">AP<\/a><\/span>.<\/span><\/p>\n<p><span style=\"color: #000000;\"><em>&#8220;Megjithat\u00eb, dua t\u00eb propozoj nj\u00eb marr\u00ebveshje humanitare q\u00eb p\u00ebrfshin riatdhesimin e 100% t\u00eb 252 venezuelian\u00ebve t\u00eb deportuar, n\u00eb k\u00ebmbim t\u00eb lirimit dhe dor\u00ebzimit t\u00eb nj\u00eb numri identik (252) prej mij\u00ebra t\u00eb burgosurve politik\u00eb q\u00eb ti mban.&#8221;<\/em><\/span><\/p>\n<p><span style=\"color: #000000;\">Mes personave q\u00eb Bukele listoi ishin dh\u00ebndri i kandidatit t\u00eb m\u00ebparsh\u00ebm presidencial venezuelian Edmundo Gonz\u00e1lez, disa lider\u00eb politik\u00eb q\u00eb k\u00ebrkojn\u00eb azil n\u00eb ambasad\u00ebn argjentinase n\u00eb Venezuel\u00eb, si dhe, sipas tij, 50 shtetas t\u00eb ndaluar nga vende t\u00eb ndryshme t\u00eb bot\u00ebs.<\/span><\/p>\n<p><span style=\"color: #000000;\">Bukele p\u00ebrmendi gjithashtu edhe n\u00ebn\u00ebn e lideres opozitare Mar\u00eda Corina Machado, sht\u00ebpia e s\u00eb cil\u00ebs \u2013 sipas saj \u2013 u rrethua nga policia venezueliane n\u00eb janar.<\/span><\/p>\n","protected":false,"gt_translate_keys":[{"key":"rendered","format":"html"}]},"excerpt":{"rendered":"<p>Presidenti i Salvadorit, Nayib Bukele, propozoi t\u00eb diel\u00ebn realizimin e nj\u00eb shk\u00ebmbimi t\u00eb burgosurish me Venezuel\u00ebn, duke sugjeruar se do t\u00eb shk\u00ebmbente venezuelian\u00ebt e deportuar nga Shtetet e Bashkuara q\u00eb qeveria e tij i ka mbajtur n\u00eb burg, me at\u00eb q\u00eb ai i quajti &#8220;t\u00eb burgosur politik\u00eb&#8221; n\u00eb Venezuel\u00eb. N\u00eb nj\u00eb postim n\u00eb platform\u00ebn sociale [&hellip;]<\/p>\n","protected":false,"gt_translate_keys":[{"key":"rendered","format":"html"}]},"author":32,"featured_media":736924,"comment_status":"closed","ping_status":"open","sticky":false,"template":"","format":"standard","meta":{"footnotes":""},"categories":[6],"tags":[],"class_list":["post-736921","post","type-post","status-publish","format-standard","has-post-thumbnail","hentry","category-nderkombetare"],"gt_translate_keys":[{"key":"link","format":"url"}],"_links":{"self":[{"href":"https:\/\/www.hashtag.al\/index.php\/wp-json\/wp\/v2\/posts\/736921","targetHints":{"allow":["GET"]}}],"collection":[{"href":"https:\/\/www.hashtag.al\/index.php\/wp-json\/wp\/v2\/posts"}],"about":[{"href":"https:\/\/www.hashtag.al\/index.php\/wp-json\/wp\/v2\/types\/post"}],"author":[{"embeddable":true,"href":"https:\/\/www.hashtag.al\/index.php\/wp-json\/wp\/v2\/users\/32"}],"replies":[{"embeddable":true,"href":"https:\/\/www.hashtag.al\/index.php\/wp-json\/wp\/v2\/comments?post=736921"}],"version-history":[{"count":99999,"href":"https:\/\/www.hashtag.al\/index.php\/wp-json\/wp\/v2\/posts\/736921\/revisions"}],"predecessor-version":[{"id":736925,"href":"https:\/\/www.hashtag.al\/index.php\/wp-json\/wp\/v2\/posts\/736921\/revisions\/736925"}],"wp:featuredmedia":[{"embeddable":true,"href":"https:\/\/www.hashtag.al\/index.php\/wp-json\/wp\/v2\/media\/736924"}],"wp:attachment":[{"href":"https:\/\/www.hashtag.al\/index.php\/wp-json\/wp\/v2\/media?parent=736921"}],"wp:term":[{"taxonomy":"category","embeddable":true,"href":"https:\/\/www.hashtag.al\/index.php\/wp-json\/wp\/v2\/categories?post=736921"},{"taxonomy":"post_tag","embeddable":true,"href":"https:\/\/www.hashtag.al\/index.php\/wp-json\/wp\/v2\/tags?post=736921"}],"curies":[{"name":"wp","href":"https:\/\/api.w.org\/{rel}","templated":true}]}}