{"id":736713,"date":"2025-04-20T13:52:23","date_gmt":"2025-04-20T11:52:23","guid":{"rendered":"https:\/\/www.hashtag.al\/?p=736713"},"modified":"2025-04-20T13:52:23","modified_gmt":"2025-04-20T11:52:23","slug":"netanyahu-izraeli-nuk-ka-asnje-zgjedhje-pervecse-te-vazhdoje-luften-ne-gaza","status":"publish","type":"post","link":"https:\/\/www.hashtag.al\/index.php\/2025\/04\/20\/netanyahu-izraeli-nuk-ka-asnje-zgjedhje-pervecse-te-vazhdoje-luften-ne-gaza\/","title":{"rendered":"Netanyahu: Izraeli nuk ka \u201casnj\u00eb zgjedhje\u201d p\u00ebrve\u00e7se t\u00eb vazhdoj\u00eb luft\u00ebn n\u00eb Gaza","gt_translate_keys":[{"key":"rendered","format":"text"}]},"content":{"rendered":"<p><span style=\"color: #000000;\"><img loading=\"lazy\" decoding=\"async\" class=\"alignnone size-medium wp-image-732956\" src=\"https:\/\/www.hashtag.al\/wp-content\/uploads\/2025\/03\/netanyahu-curtain-afp.jpg-300x169.jpg\" alt=\"\" width=\"300\" height=\"169\" srcset=\"https:\/\/www.hashtag.al\/wp-content\/uploads\/2025\/03\/netanyahu-curtain-afp.jpg-300x169.jpg 300w, https:\/\/www.hashtag.al\/wp-content\/uploads\/2025\/03\/netanyahu-curtain-afp.jpg-1024x576.jpg 1024w, https:\/\/www.hashtag.al\/wp-content\/uploads\/2025\/03\/netanyahu-curtain-afp.jpg-768x432.jpg 768w, https:\/\/www.hashtag.al\/wp-content\/uploads\/2025\/03\/netanyahu-curtain-afp.jpg-1536x864.jpg 1536w, https:\/\/www.hashtag.al\/wp-content\/uploads\/2025\/03\/netanyahu-curtain-afp.jpg.jpg 1920w\" sizes=\"auto, (max-width: 300px) 100vw, 300px\" \/><\/span><\/p>\n<p><span style=\"color: #000000;\">Benjamin Netanyahu p\u00ebrs\u00ebriti t\u00eb shtun\u00ebn se Izraeli nuk ka &#8220;asnj\u00eb zgjedhje&#8221; p\u00ebrve\u00e7se t\u00eb vazhdoj\u00eb luft\u00ebn n\u00eb Gaza dhe se nuk do ta p\u00ebrfundoj\u00eb luft\u00ebn pa shkat\u00ebrruar Hamasin dhe pa liruar pengjet.<\/span><\/p>\n<p><span style=\"color: #000000;\">Kryeministri izraelit p\u00ebrs\u00ebriti gjithashtu zotimin e tij p\u00ebr t\u00eb mos lejuar q\u00eb Irani t\u00eb b\u00ebhet me arm\u00eb b\u00ebrthamore.<\/span><\/p>\n<p><span style=\"color: #000000;\">Netanyahu po p\u00ebrballet me presion n\u00eb rritje brenda vendit, jo vet\u00ebm nga familjar\u00ebt e pengjeve dhe p\u00ebrkrah\u00ebsit e tyre, por edhe nga rezervist\u00eb dhe ish-ushtarak\u00eb t\u00eb ushtris\u00eb izraelite q\u00eb v\u00ebn\u00eb n\u00eb dyshim vazhdimin e luft\u00ebs.<\/span><\/p>\n<p><span style=\"color: #000000;\">N\u00eb deklarat\u00ebn e tij, ai pretendoi se Hamasi kishte refuzuar propozimin m\u00eb t\u00eb fundit t\u00eb Izraelit p\u00ebr t\u00eb liruar gjysm\u00ebn e pengjeve n\u00eb k\u00ebmbim t\u00eb nj\u00eb arm\u00ebpushimi t\u00eb zgjatur.<\/span><\/p>\n<p><span style=\"color: #000000;\">Ai foli pasi sulmet ajrore izraelite vran\u00eb m\u00eb shum\u00eb se 90 persona n\u00eb 48 or\u00eb, sipas Ministris\u00eb s\u00eb Sh\u00ebndet\u00ebsis\u00eb n\u00eb Gaza, p\u00ebrcjell <span style=\"color: #0000ff;\"><a style=\"color: #0000ff;\" href=\"https:\/\/www.theguardian.com\/world\/2025\/apr\/19\/israel-has-no-choice-but-to-continue-fighting-in-gaza-says-netanyahu\">The Guardian.<\/a><\/span><\/span><\/p>\n<p><span style=\"color: #000000;\">Trupat izraelite kan\u00eb shtuar sulmet p\u00ebr t\u00eb ushtruar presion mbi Hamasin q\u00eb t\u00eb liroj\u00eb pengjet dhe t\u00eb \u00e7armatoset.<\/span><\/p>\n<p><span style=\"color: #000000;\">F\u00ebmij\u00eb dhe gra ishin mes 15 t\u00eb vrar\u00ebve gjat\u00eb nat\u00ebs, sipas stafit spitalor.<\/span><\/p>\n<p><span style=\"color: #000000;\">T\u00eb pakt\u00ebn 11 prej tyre u vran\u00eb n\u00eb qytetin jugor Khan Younis, disa n\u00eb nj\u00eb tend\u00eb n\u00eb zon\u00ebn e Muwasit ku q\u00ebndrojn\u00eb qindra mij\u00ebra t\u00eb zhvendosur, sipas punonj\u00ebsve t\u00eb spitalit. Izraeli e ka p\u00ebrcaktuar k\u00ebt\u00eb zon\u00eb si \u201czon\u00eb humanitare\u201d.<\/span><\/p>\n<p><span style=\"color: #000000;\">T\u00eb pik\u00eblluarit p\u00ebrqafonin dhe puthnin fytyrat e t\u00eb vdekurve. Nj\u00eb burr\u00eb p\u00ebrk\u00ebdheli ballin e nj\u00eb f\u00ebmije me gisht para se trupat t\u00eb futeshin n\u00eb qeset e zinxhirtuara. &#8220;Omar iku&#8230; do t\u00eb doja t\u00eb isha un\u00eb&#8221;, b\u00ebrtiti nj\u00eb v\u00eblla.<\/span><\/p>\n<p><span style=\"color: #000000;\">Kat\u00ebr persona t\u00eb tjer\u00eb u vran\u00eb n\u00eb Rafah, p\u00ebrfshir\u00eb nj\u00eb n\u00ebn\u00eb dhe vajz\u00ebn e saj, sipas Spitalit Evropian ku u d\u00ebrguan trupat.<\/span><\/p>\n<p><span style=\"color: #000000;\">M\u00eb von\u00eb gjat\u00eb s\u00eb shtun\u00ebs, nj\u00eb sulm ajror izraelit mbi nj\u00eb grup civil\u00ebsh n\u00eb per\u00ebndim t\u00eb Nuseirat, n\u00eb Gaz\u00ebn qendrore, vrau nj\u00eb person, sipas Spitalit al-Awda.<\/span><\/p>\n<p><span style=\"color: #000000;\">Ushtria izraelite deklaroi se kishte vrar\u00eb m\u00eb shum\u00eb se 40 militant\u00eb gjat\u00eb fundjav\u00ebs.<\/span><\/p>\n<p><span style=\"color: #000000;\">N\u00eb nj\u00eb zhvillim t\u00eb ndar\u00eb, ushtria konfirmoi se nj\u00eb ushtar izraelit ishte vrar\u00eb t\u00eb shtun\u00ebn n\u00eb Gaz\u00ebn veriore. Ky ishte ushtari i par\u00eb q\u00eb humb jet\u00ebn q\u00eb kur Izraeli rifilloi luft\u00ebn m\u00eb 18 mars.<\/span><\/p>\n<p><span style=\"color: #000000;\">Krahu i armatosur i Hamasit, Brigadat al-Qassam, deklaroi se kishte z\u00ebn\u00eb prit\u00eb forcave izraelite q\u00eb operonin n\u00eb lindje t\u00eb lagjes al-Tuffah n\u00eb qytetin e Gaz\u00ebs.<\/span><\/p>\n<p><span style=\"color: #000000;\">Izraeli ka premtuar t\u00eb intensifikoj\u00eb sulmet n\u00eb t\u00eb gjith\u00eb Gaz\u00ebn dhe t\u00eb mbaj\u00eb t\u00eb pushtuara p\u00ebrgjithmon\u00eb zona t\u00eb m\u00ebdha &#8220;t\u00eb siguris\u00eb&#8221; brenda k\u00ebtij territori t\u00eb vog\u00ebl bregdetar me m\u00eb shum\u00eb se 2 milion\u00eb banor\u00eb. Hamasi k\u00ebrkon q\u00eb forcat izraelite t\u00eb t\u00ebrhiqen plot\u00ebsisht nga territori.<\/span><\/p>\n<p><span style=\"color: #000000;\">Izraeli gjithashtu e ka mbajtur Gaz\u00ebn t\u00eb rrethuar p\u00ebr gjasht\u00eb jav\u00ebt e fundit, duke ndaluar p\u00ebrs\u00ebri hyrjen e ushqimeve dhe mallrave t\u00eb tjera.<\/span><\/p>\n<p><span style=\"color: #000000;\">Mij\u00ebra izraelit\u00eb mor\u00ebn pjes\u00eb n\u00eb protesta t\u00eb shtun\u00ebn mbr\u00ebma, duke k\u00ebrkuar nj\u00eb marr\u00ebveshje p\u00ebr t\u2019i dh\u00ebn\u00eb fund luft\u00ebs.<\/span><\/p>\n<p><span style=\"color: #000000;\"><em>\u201cB\u00ebni at\u00eb q\u00eb duhej ta kishit b\u00ebr\u00eb shum\u00eb m\u00eb par\u00eb. Sjellini t\u00eb gjith\u00eb tani! Dhe me nj\u00eb marr\u00ebveshje t\u00eb vetme. Dhe n\u00ebse kjo do t\u00eb thot\u00eb t\u00eb ndalet lufta, at\u00ebher\u00eb ndaleni luft\u00ebn<\/em>\u201d, tha Omer Shem Tov, nj\u00eb ish-peng, gjat\u00eb nj\u00eb tubimi n\u00eb Tel Aviv.<\/span><\/p>\n","protected":false,"gt_translate_keys":[{"key":"rendered","format":"html"}]},"excerpt":{"rendered":"<p>Benjamin Netanyahu p\u00ebrs\u00ebriti t\u00eb shtun\u00ebn se Izraeli nuk ka &#8220;asnj\u00eb zgjedhje&#8221; p\u00ebrve\u00e7se t\u00eb vazhdoj\u00eb luft\u00ebn n\u00eb Gaza dhe se nuk do ta p\u00ebrfundoj\u00eb luft\u00ebn pa shkat\u00ebrruar Hamasin dhe pa liruar pengjet. Kryeministri izraelit p\u00ebrs\u00ebriti gjithashtu zotimin e tij p\u00ebr t\u00eb mos lejuar q\u00eb Irani t\u00eb b\u00ebhet me arm\u00eb b\u00ebrthamore. Netanyahu po p\u00ebrballet me presion n\u00eb [&hellip;]<\/p>\n","protected":false,"gt_translate_keys":[{"key":"rendered","format":"html"}]},"author":32,"featured_media":732956,"comment_status":"closed","ping_status":"open","sticky":false,"template":"","format":"standard","meta":{"footnotes":""},"categories":[6],"tags":[],"class_list":["post-736713","post","type-post","status-publish","format-standard","has-post-thumbnail","hentry","category-nderkombetare"],"gt_translate_keys":[{"key":"link","format":"url"}],"_links":{"self":[{"href":"https:\/\/www.hashtag.al\/index.php\/wp-json\/wp\/v2\/posts\/736713","targetHints":{"allow":["GET"]}}],"collection":[{"href":"https:\/\/www.hashtag.al\/index.php\/wp-json\/wp\/v2\/posts"}],"about":[{"href":"https:\/\/www.hashtag.al\/index.php\/wp-json\/wp\/v2\/types\/post"}],"author":[{"embeddable":true,"href":"https:\/\/www.hashtag.al\/index.php\/wp-json\/wp\/v2\/users\/32"}],"replies":[{"embeddable":true,"href":"https:\/\/www.hashtag.al\/index.php\/wp-json\/wp\/v2\/comments?post=736713"}],"version-history":[{"count":99999,"href":"https:\/\/www.hashtag.al\/index.php\/wp-json\/wp\/v2\/posts\/736713\/revisions"}],"predecessor-version":[{"id":736714,"href":"https:\/\/www.hashtag.al\/index.php\/wp-json\/wp\/v2\/posts\/736713\/revisions\/736714"}],"wp:featuredmedia":[{"embeddable":true,"href":"https:\/\/www.hashtag.al\/index.php\/wp-json\/wp\/v2\/media\/732956"}],"wp:attachment":[{"href":"https:\/\/www.hashtag.al\/index.php\/wp-json\/wp\/v2\/media?parent=736713"}],"wp:term":[{"taxonomy":"category","embeddable":true,"href":"https:\/\/www.hashtag.al\/index.php\/wp-json\/wp\/v2\/categories?post=736713"},{"taxonomy":"post_tag","embeddable":true,"href":"https:\/\/www.hashtag.al\/index.php\/wp-json\/wp\/v2\/tags?post=736713"}],"curies":[{"name":"wp","href":"https:\/\/api.w.org\/{rel}","templated":true}]}}