{"id":736039,"date":"2025-04-16T18:31:34","date_gmt":"2025-04-16T16:31:34","guid":{"rendered":"https:\/\/www.hashtag.al\/?p=736039"},"modified":"2025-04-16T18:31:34","modified_gmt":"2025-04-16T16:31:34","slug":"berisha-prodhimet-serbe-kane-subvencione-8-here-me-shume-se-ne-shkak-ballkani-i-hapur","status":"publish","type":"post","link":"https:\/\/www.hashtag.al\/index.php\/2025\/04\/16\/berisha-prodhimet-serbe-kane-subvencione-8-here-me-shume-se-ne-shkak-ballkani-i-hapur\/","title":{"rendered":"Berisha: Prodhimet serbe kan\u00eb subvencione 8 her\u00eb m\u00eb shum\u00eb se ne, shkak Ballkani i Hapur","gt_translate_keys":[{"key":"rendered","format":"text"}]},"content":{"rendered":"<p class=\"\" data-start=\"0\" data-end=\"126\"><span style=\"color: #000000;\"><span class=\"relative -mx-px my-[-0.2rem] rounded px-px py-[0.2rem] transition-colors duration-100 ease-in-out\"><img decoding=\"async\" src=\"https:\/\/www.hashtag.al\/wp-content\/uploads\/2025\/04\/Screenshot-2025-04-16-153320.png\" \/><\/span><\/span><\/p>\n<p class=\"\" data-start=\"0\" data-end=\"126\"><span style=\"color: #000000;\"><span class=\"relative -mx-px my-[-0.2rem] rounded px-px py-[0.2rem] transition-colors duration-100 ease-in-out\">N\u00eb nj\u00eb takim elektoral t\u00eb mbajtur sot n\u00eb Vaqarr, kreu i Partis\u00eb Demokratike, Sali Berisha, prezantoi programin e tij p\u00ebr zhvillimin e fshatit dhe adresoi kritika t\u00eb forta ndaj qeveris\u00eb aktuale.<\/span> <span class=\"relative -mx-px my-[-0.2rem] rounded px-px py-[0.2rem] transition-colors duration-100 ease-in-out\">Ai theksoi se reforma territoriale ka d\u00ebmtuar r\u00ebnd\u00eb sh\u00ebrbimet p\u00ebr zonat rurale, duke premtuar rikthimin e investimeve n\u00eb infrastruktur\u00eb dhe sh\u00ebrbime baz\u00eb p\u00ebr fshatin.<\/span><\/span><\/p>\n<p><span style=\"color: #000000;\"><em>&#8220;Me reform\u00ebn territoriale, Rama i dha nj\u00eb goditje qeverisjes s\u00eb qytetar\u00ebve, e cila kishte misione t\u00eb r\u00ebndsishme p\u00ebr zhvillimin e zonave rurale. Gjat\u00eb viteve 2005-2013 ne kishim nj\u00eb raport me komunat e vendit: b\u00ebni ju projektet, ne t\u2019ju financojm\u00eb! Dhe funksionoi&#8221;,\u00a0<\/em>u shpreh Berisha.<\/span><\/p>\n<p class=\"\" data-start=\"128\" data-end=\"286\"><span style=\"color: #000000;\"><span class=\"relative -mx-px my-[-0.2rem] rounded px-px py-[0.2rem] transition-colors duration-100 ease-in-out\">Berisha u angazhua p\u00ebr pes\u00ebfishimin e subvencioneve p\u00ebr fermer\u00ebt, duke theksuar se \u00e7do vend i zhvilluar mb\u00ebshtet financiarisht prodhuesit e tij.<\/span> <span class=\"relative -mx-px my-[-0.2rem] rounded px-px py-[0.2rem] transition-colors duration-100 ease-in-out\">Ai akuzoi qeverin\u00eb p\u00ebr hapjen e tregut ndaj prodhimeve serbe, t\u00eb subvencionuara shum\u00eb m\u00eb tep\u00ebr se ato vendase, \u00e7ka ka \u00e7uar sipas tij n\u00eb falimentimin e fermer\u00ebve shqiptar\u00eb.<\/span><\/span><\/p>\n<p data-start=\"128\" data-end=\"286\"><span style=\"color: #000000;\">&#8220;Ky hapi kufijt\u00eb p\u00ebr Serbin\u00eb, p\u00ebr Ballkanin e Hapur. Prodhimet serbe, q\u00eb kan\u00eb subvencione 8 her\u00eb m\u00eb shum\u00eb se ne, normalisht q\u00eb do ken\u00eb prioritete. Kjo b\u00ebri q\u00eb malli i vendit t\u00eb kalbet dhe fermeri t\u00eb falimentoj\u00eb e t\u00eb largohet. Subvencionet do i rrisim me 5 her\u00eb,&#8221; tha nd\u00ebr t\u00eb tjera.<\/span><\/p>\n<p class=\"\" data-start=\"288\" data-end=\"407\"><span style=\"color: #000000;\"><span class=\"relative -mx-px my-[-0.2rem] rounded px-px py-[0.2rem] transition-colors duration-100 ease-in-out\">N\u00eb lidhje me pensionist\u00ebt, Berisha kritikoi qeverin\u00eb p\u00ebr nivelin e ul\u00ebt t\u00eb pensioneve n\u00eb Shqip\u00ebri, duke e krahasuar me vendet fqinje.<\/span> <span class=\"relative -mx-px my-[-0.2rem] rounded px-px py-[0.2rem] transition-colors duration-100 ease-in-out\">Ai premtoi rritjen e pensioneve n\u00eb 200 euro dhe ofrimin e nj\u00eb minimumi jetik p\u00ebr qytetar\u00ebt n\u00eb varf\u00ebri ekstreme.<\/span><\/span><\/p>\n","protected":false,"gt_translate_keys":[{"key":"rendered","format":"html"}]},"excerpt":{"rendered":"<p>N\u00eb nj\u00eb takim elektoral t\u00eb mbajtur sot n\u00eb Vaqarr, kreu i Partis\u00eb Demokratike, Sali Berisha, prezantoi programin e tij p\u00ebr zhvillimin e fshatit dhe adresoi kritika t\u00eb forta ndaj qeveris\u00eb aktuale. Ai theksoi se reforma territoriale ka d\u00ebmtuar r\u00ebnd\u00eb sh\u00ebrbimet p\u00ebr zonat rurale, duke premtuar rikthimin e investimeve n\u00eb infrastruktur\u00eb dhe sh\u00ebrbime baz\u00eb p\u00ebr fshatin. [&hellip;]<\/p>\n","protected":false,"gt_translate_keys":[{"key":"rendered","format":"html"}]},"author":32,"featured_media":736013,"comment_status":"closed","ping_status":"open","sticky":false,"template":"","format":"standard","meta":{"footnotes":""},"categories":[65],"tags":[],"class_list":["post-736039","post","type-post","status-publish","format-standard","has-post-thumbnail","hentry","category-lajme"],"gt_translate_keys":[{"key":"link","format":"url"}],"_links":{"self":[{"href":"https:\/\/www.hashtag.al\/index.php\/wp-json\/wp\/v2\/posts\/736039","targetHints":{"allow":["GET"]}}],"collection":[{"href":"https:\/\/www.hashtag.al\/index.php\/wp-json\/wp\/v2\/posts"}],"about":[{"href":"https:\/\/www.hashtag.al\/index.php\/wp-json\/wp\/v2\/types\/post"}],"author":[{"embeddable":true,"href":"https:\/\/www.hashtag.al\/index.php\/wp-json\/wp\/v2\/users\/32"}],"replies":[{"embeddable":true,"href":"https:\/\/www.hashtag.al\/index.php\/wp-json\/wp\/v2\/comments?post=736039"}],"version-history":[{"count":99999,"href":"https:\/\/www.hashtag.al\/index.php\/wp-json\/wp\/v2\/posts\/736039\/revisions"}],"predecessor-version":[{"id":736041,"href":"https:\/\/www.hashtag.al\/index.php\/wp-json\/wp\/v2\/posts\/736039\/revisions\/736041"}],"wp:featuredmedia":[{"embeddable":true,"href":"https:\/\/www.hashtag.al\/index.php\/wp-json\/wp\/v2\/media\/736013"}],"wp:attachment":[{"href":"https:\/\/www.hashtag.al\/index.php\/wp-json\/wp\/v2\/media?parent=736039"}],"wp:term":[{"taxonomy":"category","embeddable":true,"href":"https:\/\/www.hashtag.al\/index.php\/wp-json\/wp\/v2\/categories?post=736039"},{"taxonomy":"post_tag","embeddable":true,"href":"https:\/\/www.hashtag.al\/index.php\/wp-json\/wp\/v2\/tags?post=736039"}],"curies":[{"name":"wp","href":"https:\/\/api.w.org\/{rel}","templated":true}]}}