{"id":735840,"date":"2025-04-15T18:10:17","date_gmt":"2025-04-15T16:10:17","guid":{"rendered":"https:\/\/www.hashtag.al\/?p=735840"},"modified":"2025-04-15T18:10:17","modified_gmt":"2025-04-15T16:10:17","slug":"rama-per-turizmin-malor-shqiperia-do-jete-austria-dhe-zvicra-e-ballkanit","status":"publish","type":"post","link":"https:\/\/www.hashtag.al\/index.php\/2025\/04\/15\/rama-per-turizmin-malor-shqiperia-do-jete-austria-dhe-zvicra-e-ballkanit\/","title":{"rendered":"Rama p\u00ebr turizmin malor: Shqip\u00ebria do jet\u00eb Austria dhe Zvicra e Ballkanit","gt_translate_keys":[{"key":"rendered","format":"text"}]},"content":{"rendered":"<p><img loading=\"lazy\" decoding=\"async\" class=\"alignnone size-medium wp-image-735841\" src=\"https:\/\/www.hashtag.al\/wp-content\/uploads\/2025\/04\/1744730244_edirama-300x169.jpg\" alt=\"\" width=\"300\" height=\"169\" srcset=\"https:\/\/www.hashtag.al\/wp-content\/uploads\/2025\/04\/1744730244_edirama-300x169.jpg 300w, https:\/\/www.hashtag.al\/wp-content\/uploads\/2025\/04\/1744730244_edirama-768x433.jpg 768w, https:\/\/www.hashtag.al\/wp-content\/uploads\/2025\/04\/1744730244_edirama.jpg 780w\" sizes=\"auto, (max-width: 300px) 100vw, 300px\" \/><\/p>\n<p><span style=\"color: #000000;\">Kryesocialisti Edi Rama, gjat\u00eb prezantimit t\u00eb programit p\u00ebr infrastruktur\u00ebn \u2018Shqip\u00ebria 2030\u2019, \u00ebsht\u00eb ndalur tek v\u00ebmendja q\u00eb qeveria do t\u2019i jap\u00eb turizmit malor n\u00ebp\u00ebrmjet infrastruktur\u00ebs.<\/span><\/p>\n<p><span style=\"color: #000000;\">Sipas Ram\u00ebs, Shqip\u00ebria, pas turizmit detar, do t\u00eb ket\u00eb zhvillimin e saj n\u00eb turizmin malor, ku sipas tij do t\u00eb jet\u00eb nj\u00eb Austri dhe Zvic\u00ebr e Ballkanit.<\/span><\/p>\n<p><span style=\"color: #000000;\"><em>&#8220;Pasuria m\u00eb e posa\u00e7me e shqiptar\u00ebve n\u00eb aspektin e thesarit t\u00eb natyr\u00ebs, nuk \u00ebsht\u00eb kjo, por \u00ebsht\u00eb gjith\u00eb kjo q\u00eb \u00ebsht\u00eb k\u00ebtej brenda, dhe mbi t\u00eb gjitha jan\u00eb zonat malore t\u00eb Shqip\u00ebris\u00eb, qoft\u00eb n\u00eb verilindje dhe juglindje. Shqip\u00ebria do mund t\u00eb \u00e7liroj\u00eb konsumator\u00eb t\u00eb nivelit t\u00eb lart\u00eb t\u00eb turizmit. Ajo q\u00eb e b\u00ebn unike Shqip\u00ebrin\u00eb \u00ebsht\u00eb q\u00eb k\u00ebto dy i ka shum\u00eb af\u00ebr. Shqip\u00ebria \u00ebsht\u00eb shum\u00eb e vog\u00ebl, dy dete dhe ka 9 lumenj. Shqip\u00ebria \u00ebsht\u00eb shum\u00eb e vog\u00ebl dhe ka male af\u00ebr detit. K\u00ebtu \u00ebsht\u00eb rruga e Lur\u00ebs q\u00eb \u00ebsht\u00eb drejt p\u00ebrfundit. E gjith\u00eb kjo q\u00eb deti po i sjell Shqip\u00ebris\u00eb \u00ebsht\u00eb e r\u00ebnd\u00ebsishme. Por m\u00eb pas kjo do t\u00eb jet\u00eb themeli q\u00eb do nd\u00ebrtohet m\u00eb von\u00eb. Do jet\u00eb nj\u00eb Austri dhe Zvic\u00ebr e Ballkanit.&#8221;-<\/em>tha Rama.<\/span><\/p>\n","protected":false,"gt_translate_keys":[{"key":"rendered","format":"html"}]},"excerpt":{"rendered":"<p>Kryesocialisti Edi Rama, gjat\u00eb prezantimit t\u00eb programit p\u00ebr infrastruktur\u00ebn \u2018Shqip\u00ebria 2030\u2019, \u00ebsht\u00eb ndalur tek v\u00ebmendja q\u00eb qeveria do t\u2019i jap\u00eb turizmit malor n\u00ebp\u00ebrmjet infrastruktur\u00ebs. Sipas Ram\u00ebs, Shqip\u00ebria, pas turizmit detar, do t\u00eb ket\u00eb zhvillimin e saj n\u00eb turizmin malor, ku sipas tij do t\u00eb jet\u00eb nj\u00eb Austri dhe Zvic\u00ebr e Ballkanit. &#8220;Pasuria m\u00eb e posa\u00e7me [&hellip;]<\/p>\n","protected":false,"gt_translate_keys":[{"key":"rendered","format":"html"}]},"author":32,"featured_media":735841,"comment_status":"closed","ping_status":"open","sticky":false,"template":"","format":"standard","meta":{"footnotes":""},"categories":[65],"tags":[],"class_list":["post-735840","post","type-post","status-publish","format-standard","has-post-thumbnail","hentry","category-lajme"],"gt_translate_keys":[{"key":"link","format":"url"}],"_links":{"self":[{"href":"https:\/\/www.hashtag.al\/index.php\/wp-json\/wp\/v2\/posts\/735840","targetHints":{"allow":["GET"]}}],"collection":[{"href":"https:\/\/www.hashtag.al\/index.php\/wp-json\/wp\/v2\/posts"}],"about":[{"href":"https:\/\/www.hashtag.al\/index.php\/wp-json\/wp\/v2\/types\/post"}],"author":[{"embeddable":true,"href":"https:\/\/www.hashtag.al\/index.php\/wp-json\/wp\/v2\/users\/32"}],"replies":[{"embeddable":true,"href":"https:\/\/www.hashtag.al\/index.php\/wp-json\/wp\/v2\/comments?post=735840"}],"version-history":[{"count":99999,"href":"https:\/\/www.hashtag.al\/index.php\/wp-json\/wp\/v2\/posts\/735840\/revisions"}],"predecessor-version":[{"id":735842,"href":"https:\/\/www.hashtag.al\/index.php\/wp-json\/wp\/v2\/posts\/735840\/revisions\/735842"}],"wp:featuredmedia":[{"embeddable":true,"href":"https:\/\/www.hashtag.al\/index.php\/wp-json\/wp\/v2\/media\/735841"}],"wp:attachment":[{"href":"https:\/\/www.hashtag.al\/index.php\/wp-json\/wp\/v2\/media?parent=735840"}],"wp:term":[{"taxonomy":"category","embeddable":true,"href":"https:\/\/www.hashtag.al\/index.php\/wp-json\/wp\/v2\/categories?post=735840"},{"taxonomy":"post_tag","embeddable":true,"href":"https:\/\/www.hashtag.al\/index.php\/wp-json\/wp\/v2\/tags?post=735840"}],"curies":[{"name":"wp","href":"https:\/\/api.w.org\/{rel}","templated":true}]}}