{"id":735825,"date":"2025-04-15T16:44:36","date_gmt":"2025-04-15T14:44:36","guid":{"rendered":"https:\/\/www.hashtag.al\/?p=735825"},"modified":"2025-04-15T21:40:02","modified_gmt":"2025-04-15T19:40:02","slug":"administrata-e-trump-it-plan-per-te-pergjysmuar-buxhetin-e-departamentit-te-shtetit","status":"publish","type":"post","link":"https:\/\/www.hashtag.al\/index.php\/2025\/04\/15\/administrata-e-trump-it-plan-per-te-pergjysmuar-buxhetin-e-departamentit-te-shtetit\/","title":{"rendered":"Administrata e Trump-it, plan p\u00ebr t\u00eb p\u00ebrgjysmuar buxhetin e Departamentit t\u00eb Shtetit","gt_translate_keys":[{"key":"rendered","format":"text"}]},"content":{"rendered":"<p><span style=\"color: #000000;\"><img loading=\"lazy\" decoding=\"async\" class=\"aligncenter wp-image-735826 size-full\" src=\"https:\/\/www.hashtag.al\/wp-content\/uploads\/2025\/04\/Screenshot-2025-04-15-163342.png\" alt=\"\" width=\"747\" height=\"440\" srcset=\"https:\/\/www.hashtag.al\/wp-content\/uploads\/2025\/04\/Screenshot-2025-04-15-163342.png 747w, https:\/\/www.hashtag.al\/wp-content\/uploads\/2025\/04\/Screenshot-2025-04-15-163342-300x177.png 300w\" sizes=\"auto, (max-width: 747px) 100vw, 747px\" \/><\/span><\/p>\n<p><span style=\"color: #000000;\">Administrata e Donald Trump-it \u00ebsht\u00eb duke p\u00ebrgatitur nj\u00eb plan p\u00ebr t\u00eb p\u00ebrgjysmuar buxhetin e Departamentit t\u00eb Shtetit, \u00e7ka do t\u00eb ulte ndjesh\u00ebm shpenzimet nd\u00ebrkomb\u00ebtare t\u00eb SHBA-s\u00eb dhe mund t\u00eb \u00e7onte n\u00eb nd\u00ebrprerjen e financimit p\u00ebr NATO-n dhe Kombet e Bashkuara, sipas nj\u00eb memorandumi t\u00eb brendsh\u00ebm.<\/span><\/p>\n<p><span style=\"color: #000000;\">Memorandumi, i bazuar n\u00eb propozime p\u00ebr shkurtim t\u00eb shpenzimeve t\u00eb hartuara nga Zyra e Menaxhimit dhe Buxhetit e Sht\u00ebpis\u00eb s\u00eb Bardh\u00eb, parasheh q\u00eb buxheti i p\u00ebrgjithsh\u00ebm p\u00ebr Departamentin e Shtetit dhe USAID-in \u2013 agjencia kryesore p\u00ebr ndihm\u00ebn e jashtme, e cila \u00ebsht\u00eb shp\u00ebrb\u00ebr\u00eb gjer\u00ebsisht nga &#8220;Departamenti p\u00ebr Efi\u00e7enc\u00ebn e Qeveris\u00eb&#8221; (i njohur si Doge) i krijuar nga Elon Musk \u2013 t\u00eb ulet n\u00eb 28.4 miliard\u00eb dollar\u00eb.<\/span><\/p>\n<p><span style=\"color: #000000;\">Kjo p\u00ebrfaq\u00ebson nj\u00eb ulje prej 27 miliard\u00eb dollar\u00ebsh, ose 48%, nga buxheti i miratuar nga Kongresi p\u00ebr vitin 2025.<\/span><\/p>\n<p><span style=\"color: #000000;\">K\u00ebto shkurtimet do t\u00eb sillnin ulje drastike n\u00eb financimin p\u00ebr ndihm\u00ebn humanitare, sh\u00ebndetin global dhe organizatat nd\u00ebrkomb\u00ebtare, p\u00ebrcjell <span style=\"color: #0000ff;\"><a style=\"color: #0000ff;\" href=\"https:\/\/www.theguardian.com\/us-news\/2025\/apr\/14\/trump-white-house-state-department-budget?CMP=share_btn_url\">The Guardian.<\/a><\/span><\/span><\/p>\n<p><span style=\"color: #000000;\">Sipas memorandumit, programet e ndihm\u00ebs humanitare dhe financimi p\u00ebr sh\u00ebndetin global do t\u00eb shkurtoheshin p\u00ebrkat\u00ebsisht me 54% dhe 55%. Memorandumi u raportua fillimisht nga <em>The Washington Post<\/em>.<\/span><\/p>\n<p><span style=\"color: #000000;\">Po ashtu, dokumenti parashikon q\u00eb USAID-i, q\u00eb dikur ishte nj\u00eb agjenci e pavarur, t\u00eb integrohet plot\u00ebsisht n\u00eb struktur\u00ebn e Departamentit t\u00eb Shtetit.<\/span><\/p>\n<p><span style=\"color: #000000;\">Do t\u00eb ket\u00eb gjithashtu reduktime t\u00eb ndjeshme n\u00eb fuqin\u00eb pun\u00ebtore t\u00eb Departamentit t\u00eb Shtetit, e cila aktualisht num\u00ebron rreth 80,000 punonj\u00ebs.<\/span><\/p>\n<p><span style=\"color: #000000;\">Memorandumi propozon eliminimin e 90% t\u00eb mb\u00ebshtetjes p\u00ebr organizatat nd\u00ebrkomb\u00ebtare, p\u00ebrfshir\u00eb nd\u00ebrprerjen e financimit p\u00ebr rreth 20 organizata, mes tyre aleanca e NATO-s dhe OKB-ja.<\/span><\/p>\n<p><span style=\"color: #000000;\">Nd\u00ebrkoh\u00eb, financimi p\u00ebr Agjencin\u00eb Nd\u00ebrkomb\u00ebtare p\u00ebr Energjin\u00eb Atomike dhe Organizat\u00ebn Nd\u00ebrkomb\u00ebtare t\u00eb Aviacionit Civil do t\u00eb vazhdoj\u00eb, por mb\u00ebshtetja p\u00ebr misionet e ruajtjes s\u00eb paqes do t\u00eb nd\u00ebrpritet, me arsyetimin e &#8220;d\u00ebshtimeve t\u00eb fundit t\u00eb misioneve&#8221;, pa dh\u00ebn\u00eb detaje t\u00eb m\u00ebtejshme.<\/span><\/p>\n<p><span style=\"color: #000000;\">Shkurtimet do t\u00eb p\u00ebrfshijn\u00eb gjithashtu buxhetin e udh\u00ebtimeve t\u00eb sh\u00ebrbimit t\u00eb jasht\u00ebm dhe p\u00ebrfitimet p\u00ebr stafin diplomatik.<\/span><\/p>\n<p><span style=\"color: #000000;\">Nd\u00ebrkoh\u00eb, do t\u00eb nd\u00ebrpritet programi Fulbright, nj\u00eb burs\u00eb e krijuar nga Kongresi n\u00eb vitin 1946, q\u00eb ka mund\u00ebsuar shk\u00ebmbime arsimore dhe q\u00eb ka ndihmuar m\u00eb shum\u00eb se 40 lider\u00eb t\u00eb ardhsh\u00ebm shtet\u00ebror\u00eb apo qeveritar\u00eb.<\/span><\/p>\n<p><span style=\"color: #000000;\">Gjithashtu, do t\u00eb eliminohet edhe Byroja p\u00ebr Operacionet e Stabilizimit dhe Konfliktit, e cila synon t\u00eb parandaloj\u00eb dhe parashikoj\u00eb luft\u00ebra n\u00eb mbar\u00eb bot\u00ebn.<\/span><\/p>\n<p><span style=\"color: #000000;\">Megjithat\u00eb, k\u00ebto shkurtimet ende nuk jan\u00eb miratuar nga administrata dhe do t\u00eb duhet t\u00eb kalojn\u00eb n\u00eb Kongres, ku ka gjasa t\u00eb p\u00ebrballen me kund\u00ebrshtime t\u00eb forta, p\u00ebrfshir\u00eb edhe nga vet\u00eb republikan\u00ebt.<\/span><\/p>\n<p><span style=\"color: #000000;\">Memorandumi, i dat\u00ebs 10 prill, mban firm\u00ebn e Douglas Pitkin, drejtor i planifikimit dhe buxhetit n\u00eb Departamentin e Shtetit, dhe Peter Marocco, q\u00eb deri von\u00eb ishte drejtor i ndihm\u00ebs s\u00eb jashtme n\u00eb k\u00ebt\u00eb departament dhe z\u00ebvend\u00ebsdrejtor n\u00eb detyr\u00eb i USAID-it.<\/span><\/p>\n<p><span style=\"color: #000000;\">Sekretari i Shtetit, Marco Rubio \u2013 i cili deri m\u00eb tani ka mb\u00ebshtetur nj\u00eb rol aktiv t\u00eb SHBA-s\u00eb n\u00eb \u00e7\u00ebshtjet nd\u00ebrkomb\u00ebtare \u2013 ka afat deri t\u00eb mart\u00ebn p\u00ebr t\u00eb reaguar ndaj memorandumit.<\/span><\/p>\n<p><span style=\"color: #000000;\">Senatori demokrat Chris Van Hollen, an\u00ebtar i komisionit t\u00eb Senatit p\u00ebr marr\u00ebdh\u00ebnie me jasht\u00eb dhe p\u00ebr USAID-in, i quajti propozimet \u201cnj\u00eb buxhet jo serioz\u201d.<\/span><\/p>\n<p><span style=\"color: #000000;\"><em>\u201cParashikoj q\u00eb do t\u00eb p\u00ebrballet me nj\u00eb mur kund\u00ebrshtimi bipartizan<\/em>,\u201d i tha ai <em>Washington Post-it<\/em>.<\/span><\/p>\n<p><span style=\"color: #000000;\">Shoqata e Sh\u00ebrbimit t\u00eb Jasht\u00ebm Amerikan i k\u00ebrkoi Kongresit t\u00eb refuzoj\u00eb \u00e7do buxhet q\u00eb p\u00ebrfshin k\u00ebto shkurtimet, t\u00eb cilat i cil\u00ebsoi si \u201ct\u00eb pamenduara dhe t\u00eb rrezikshme\u201d. Sipas saj, k\u00ebto masa <em>\u201cdo t\u2019u jepnin m\u00eb shum\u00eb fuqi kund\u00ebrshtar\u00ebve si Kina dhe Rusia, t\u00eb gatsh\u00ebm t\u00eb mbushin boshll\u00ebkun e l\u00ebn\u00eb nga t\u00ebrheqja e SHBA-s\u00eb\u201d.<\/em><\/span><\/p>\n<p><span style=\"color: #0000ff;\">Dokumenti i plot\u00eb: (<a style=\"color: #0000ff;\" href=\"https:\/\/www.hashtag.al\/wp-content\/uploads\/2025\/04\/US-Memo-on-Budget-for-the-State-Department.pdf\">US Memo on Budget for the State Department)<\/a><\/span><\/p>\n","protected":false,"gt_translate_keys":[{"key":"rendered","format":"html"}]},"excerpt":{"rendered":"<p>Administrata e Donald Trump-it \u00ebsht\u00eb duke p\u00ebrgatitur nj\u00eb plan p\u00ebr t\u00eb p\u00ebrgjysmuar buxhetin e Departamentit t\u00eb Shtetit, \u00e7ka do t\u00eb ulte ndjesh\u00ebm shpenzimet nd\u00ebrkomb\u00ebtare t\u00eb SHBA-s\u00eb dhe mund t\u00eb \u00e7onte n\u00eb nd\u00ebrprerjen e financimit p\u00ebr NATO-n dhe Kombet e Bashkuara, sipas nj\u00eb memorandumi t\u00eb brendsh\u00ebm. Memorandumi, i bazuar n\u00eb propozime p\u00ebr shkurtim t\u00eb shpenzimeve t\u00eb [&hellip;]<\/p>\n","protected":false,"gt_translate_keys":[{"key":"rendered","format":"html"}]},"author":32,"featured_media":735826,"comment_status":"closed","ping_status":"open","sticky":false,"template":"","format":"standard","meta":{"footnotes":""},"categories":[22],"tags":[],"class_list":["post-735825","post","type-post","status-publish","format-standard","has-post-thumbnail","hentry","category-ballina"],"gt_translate_keys":[{"key":"link","format":"url"}],"_links":{"self":[{"href":"https:\/\/www.hashtag.al\/index.php\/wp-json\/wp\/v2\/posts\/735825","targetHints":{"allow":["GET"]}}],"collection":[{"href":"https:\/\/www.hashtag.al\/index.php\/wp-json\/wp\/v2\/posts"}],"about":[{"href":"https:\/\/www.hashtag.al\/index.php\/wp-json\/wp\/v2\/types\/post"}],"author":[{"embeddable":true,"href":"https:\/\/www.hashtag.al\/index.php\/wp-json\/wp\/v2\/users\/32"}],"replies":[{"embeddable":true,"href":"https:\/\/www.hashtag.al\/index.php\/wp-json\/wp\/v2\/comments?post=735825"}],"version-history":[{"count":99999,"href":"https:\/\/www.hashtag.al\/index.php\/wp-json\/wp\/v2\/posts\/735825\/revisions"}],"predecessor-version":[{"id":735880,"href":"https:\/\/www.hashtag.al\/index.php\/wp-json\/wp\/v2\/posts\/735825\/revisions\/735880"}],"wp:featuredmedia":[{"embeddable":true,"href":"https:\/\/www.hashtag.al\/index.php\/wp-json\/wp\/v2\/media\/735826"}],"wp:attachment":[{"href":"https:\/\/www.hashtag.al\/index.php\/wp-json\/wp\/v2\/media?parent=735825"}],"wp:term":[{"taxonomy":"category","embeddable":true,"href":"https:\/\/www.hashtag.al\/index.php\/wp-json\/wp\/v2\/categories?post=735825"},{"taxonomy":"post_tag","embeddable":true,"href":"https:\/\/www.hashtag.al\/index.php\/wp-json\/wp\/v2\/tags?post=735825"}],"curies":[{"name":"wp","href":"https:\/\/api.w.org\/{rel}","templated":true}]}}