{"id":735519,"date":"2025-04-14T09:35:58","date_gmt":"2025-04-14T07:35:58","guid":{"rendered":"https:\/\/www.hashtag.al\/?p=735519"},"modified":"2025-04-14T09:35:58","modified_gmt":"2025-04-14T07:35:58","slug":"bota-ka-nevoje-per-nje-europe-me-te-forte-presidenti-i-keshillit-evropian","status":"publish","type":"post","link":"https:\/\/www.hashtag.al\/index.php\/2025\/04\/14\/bota-ka-nevoje-per-nje-europe-me-te-forte-presidenti-i-keshillit-evropian\/","title":{"rendered":"&#8220;Bota ka nevoj\u00eb p\u00ebr nj\u00eb Europ\u00eb m\u00eb t\u00eb fort\u00eb\u201d \u2013 Presidenti i K\u00ebshillit Evropian","gt_translate_keys":[{"key":"rendered","format":"text"}]},"content":{"rendered":"<p class=\"\" data-start=\"232\" data-end=\"599\"><span style=\"color: #000000;\"><img loading=\"lazy\" decoding=\"async\" class=\"aligncenter wp-image-735520 size-full\" src=\"https:\/\/www.hashtag.al\/wp-content\/uploads\/2025\/04\/RAMA-2-4-768x413-1-e1744616091591.jpg\" alt=\"\" width=\"595\" height=\"412\" srcset=\"https:\/\/www.hashtag.al\/wp-content\/uploads\/2025\/04\/RAMA-2-4-768x413-1-e1744616091591.jpg 595w, https:\/\/www.hashtag.al\/wp-content\/uploads\/2025\/04\/RAMA-2-4-768x413-1-e1744616091591-300x208.jpg 300w\" sizes=\"auto, (max-width: 595px) 100vw, 595px\" \/><\/span><\/p>\n<p class=\"\" data-start=\"232\" data-end=\"599\"><span style=\"color: #000000;\">Presidenti i K\u00ebshillit Evropian, Antonio Costa, ka pritur kryeministrin Edi Rama n\u00eb Bruksel, duke e cil\u00ebsuar takimin si gjithmon\u00eb nj\u00eb k\u00ebnaq\u00ebsi p\u00ebr t\u00eb diskutuar dhe shk\u00ebmbyer ide. <\/span><\/p>\n<p class=\"\" data-start=\"232\" data-end=\"599\"><span style=\"color: #000000;\">Costa u shpreh i inkurajuar nga progresi i Shqip\u00ebris\u00eb n\u00eb rrug\u00ebn drejt an\u00ebtar\u00ebsimit n\u00eb Bashkimin Evropian, teksa u hap edhe grupkapitulli i radh\u00ebs n\u00eb negociatat e an\u00ebtar\u00ebsimit.<\/span><\/p>\n<p data-start=\"232\" data-end=\"599\"><span style=\"color: #000000;\"><em>&#8220;I g\u00ebzuar q\u00eb pres kryeministrin Rama, gjithmon\u00eb k\u00ebnaq\u00ebsi t\u00eb flasim e t\u00eb diskutojm\u00eb, e dyta, zgjerimi i BE drejt Ballkanit Per\u00ebndimor \u00ebsht\u00eb nj\u00eb investim i r\u00ebnd\u00ebsish\u00ebm gjeostrategjik p\u00ebr paqen e sigurin\u00eb.<\/em><\/span><\/p>\n<p data-start=\"232\" data-end=\"599\"><span style=\"color: #000000;\"><em> Inkurajuese t\u00eb shoh\u00ebsh progresin e Shqip\u00ebris\u00eb n\u00eb k\u00ebt\u00eb drejtim. \u00c7elet sot grupkapitulline radh\u00ebs.<\/em><\/span><\/p>\n<p data-start=\"232\" data-end=\"599\"><span style=\"color: #000000;\"><em>E r\u00ebnd\u00ebsishme t\u00eb jemi bashk\u00eb sepse bashk\u00eb jemi m\u00eb t\u00eb fort\u00eb dhe bota ka nevoj\u00eb p\u00ebr nj\u00eb Europ\u00eb m\u00eb t\u00eb fort\u00eb.&#8221;<\/em><\/span><\/p>\n","protected":false,"gt_translate_keys":[{"key":"rendered","format":"html"}]},"excerpt":{"rendered":"<p>Presidenti i K\u00ebshillit Evropian, Antonio Costa, ka pritur kryeministrin Edi Rama n\u00eb Bruksel, duke e cil\u00ebsuar takimin si gjithmon\u00eb nj\u00eb k\u00ebnaq\u00ebsi p\u00ebr t\u00eb diskutuar dhe shk\u00ebmbyer ide. Costa u shpreh i inkurajuar nga progresi i Shqip\u00ebris\u00eb n\u00eb rrug\u00ebn drejt an\u00ebtar\u00ebsimit n\u00eb Bashkimin Evropian, teksa u hap edhe grupkapitulli i radh\u00ebs n\u00eb negociatat e an\u00ebtar\u00ebsimit. &#8220;I [&hellip;]<\/p>\n","protected":false,"gt_translate_keys":[{"key":"rendered","format":"html"}]},"author":49,"featured_media":735520,"comment_status":"closed","ping_status":"open","sticky":false,"template":"","format":"standard","meta":{"footnotes":""},"categories":[65],"tags":[],"class_list":["post-735519","post","type-post","status-publish","format-standard","has-post-thumbnail","hentry","category-lajme"],"gt_translate_keys":[{"key":"link","format":"url"}],"_links":{"self":[{"href":"https:\/\/www.hashtag.al\/index.php\/wp-json\/wp\/v2\/posts\/735519","targetHints":{"allow":["GET"]}}],"collection":[{"href":"https:\/\/www.hashtag.al\/index.php\/wp-json\/wp\/v2\/posts"}],"about":[{"href":"https:\/\/www.hashtag.al\/index.php\/wp-json\/wp\/v2\/types\/post"}],"author":[{"embeddable":true,"href":"https:\/\/www.hashtag.al\/index.php\/wp-json\/wp\/v2\/users\/49"}],"replies":[{"embeddable":true,"href":"https:\/\/www.hashtag.al\/index.php\/wp-json\/wp\/v2\/comments?post=735519"}],"version-history":[{"count":99999,"href":"https:\/\/www.hashtag.al\/index.php\/wp-json\/wp\/v2\/posts\/735519\/revisions"}],"predecessor-version":[{"id":735521,"href":"https:\/\/www.hashtag.al\/index.php\/wp-json\/wp\/v2\/posts\/735519\/revisions\/735521"}],"wp:featuredmedia":[{"embeddable":true,"href":"https:\/\/www.hashtag.al\/index.php\/wp-json\/wp\/v2\/media\/735520"}],"wp:attachment":[{"href":"https:\/\/www.hashtag.al\/index.php\/wp-json\/wp\/v2\/media?parent=735519"}],"wp:term":[{"taxonomy":"category","embeddable":true,"href":"https:\/\/www.hashtag.al\/index.php\/wp-json\/wp\/v2\/categories?post=735519"},{"taxonomy":"post_tag","embeddable":true,"href":"https:\/\/www.hashtag.al\/index.php\/wp-json\/wp\/v2\/tags?post=735519"}],"curies":[{"name":"wp","href":"https:\/\/api.w.org\/{rel}","templated":true}]}}