{"id":735329,"date":"2025-04-12T19:52:33","date_gmt":"2025-04-12T17:52:33","guid":{"rendered":"https:\/\/www.hashtag.al\/?p=735329"},"modified":"2025-04-12T19:52:33","modified_gmt":"2025-04-12T17:52:33","slug":"sudani-njeh-pavaresine-e-kosoves","status":"publish","type":"post","link":"https:\/\/www.hashtag.al\/index.php\/2025\/04\/12\/sudani-njeh-pavaresine-e-kosoves\/","title":{"rendered":"Sudani njeh pavar\u00ebsin\u00eb e Kosov\u00ebs","gt_translate_keys":[{"key":"rendered","format":"text"}]},"content":{"rendered":"<p><span style=\"color: #000000;\"><img decoding=\"async\" src=\"https:\/\/www.hashtag.al\/wp-content\/uploads\/2025\/04\/9780143136132-20.jpg\" \/><\/span><\/p>\n<p><span style=\"color: #000000;\">Sudani, vend n\u00eb verilindje t\u00eb Afrik\u00ebs, e ka njohur pavar\u00ebsin\u00eb e Kosov\u00ebs t\u00eb shtun\u00ebn, njoftoi presidentja e vendit, Vjosa Osmani, raporton <span style=\"color: #0000ff;\"><a style=\"color: #0000ff;\" href=\"https:\/\/www.evropaelire.org\/a\/sudani-njeh-kosoven\/33383244.html\">Radio Evropa e Lir\u00eb<\/a><\/span>.<\/span><\/p>\n<p><span style=\"color: #000000;\">N\u00eb nj\u00eb njoftim n\u00eb X, Osmani tha se Kosova dhe Sudani jan\u00eb pajtuar p\u00ebr t\u00eb lidhur marr\u00ebdh\u00ebnie diplomatike.<\/span><\/p>\n<p><span style=\"color: #000000;\">\u201cKy \u00ebsht\u00eb fillimi i nj\u00eb partneriteti madh\u00ebshtor\u201d, shkroi Osmani.<\/span><\/p>\n<p><span style=\"color: #000000;\">Njohja nga Sudani \u00ebsht\u00eb e dyta p\u00ebr brenda jav\u00ebsh p\u00ebr Kosov\u00ebn, pasi nj\u00eb shtet tjet\u00ebr afrikan, Kenia e njohu at\u00eb n\u00eb fund t\u00eb marsit.<\/span><\/p>\n<p><span style=\"color: #000000;\">N\u00eb nj\u00eb video\u00a0p\u00ebrkrah ministrit t\u00eb Jasht\u00ebm t\u00eb Sudanit, Ali Yousuf al-Sharif, n\u00eb Forumin e Diplomacis\u00eb n\u00eb Antalia t\u00eb Turqis\u00eb, Osmani tha se u njoftua nga ai p\u00ebr vendimin e presidentit t\u00eb Sudanit p\u00ebr ta njohur Kosov\u00ebn dhe p\u00ebr t\u00eb lidhur marr\u00ebdh\u00ebnie mes dy vendeve.<\/span><\/p>\n<p><span style=\"color: #000000;\">Njohjet nga Kenia dhe Sudani vijn\u00eb pas nj\u00eb r\u00ebnie t\u00eb ritmit t\u00eb njohjeve t\u00eb Kosov\u00ebs n\u00eb vitet e fundit. Para tyre, shteti i fundit q\u00eb e njohu at\u00eb ishte Izraeli n\u00eb vitin 2021.<\/span><\/p>\n<p><span style=\"color: #000000;\">Sudani \u00ebsht\u00eb b\u00ebr\u00eb tani shteti i 119-t\u00eb q\u00eb e njeh Kosov\u00ebn, nj\u00eb vendim q\u00eb pritet ta zem\u00ebroj\u00eb Serbin\u00eb, e cila e lufton vazhdimisht pavar\u00ebsin\u00eb e fqinjit t\u00eb vet.<\/span><\/p>\n<p><span style=\"color: #000000;\">Serbia e d\u00ebnoi vendimin e Kenias p\u00ebr ta njohur Kosov\u00ebn dhe tha se ai mund t\u00eb ndikoj\u00eb edhe n\u00eb marr\u00ebdh\u00ebniet e Beogradit me shtetin afrikan.<\/span><\/p>\n<p><span style=\"color: #000000;\">Nj\u00eb ekspert kishte paralajm\u00ebruar p\u00ebr Radion Evropa e Lir\u00eb n\u00eb fund t\u00eb marsit se njohja nga Kenia do t\u00eb nxiste edhe shtete t\u00eb tjera afrikane ta marrin t\u00eb nj\u00ebjtin vendim.<\/span><\/p>\n<div class=\"clear\"><iframe class=\"flexible-iframe\" title=\"flexible-iframe\" src=\"https:\/\/www.evropaelire.org\/a\/sudani-njeh-kosoven\/33363249.html?layout=1&amp;platformType=self-embed\" data-gtm-yt-inspected-17=\"true\" data-mce-fragment=\"1\"><\/iframe><\/div>\n<div class=\"wsw__embed\">\n<div class=\"infgraphicsAttach\"><\/div>\n<\/div>\n<p><span style=\"color: #000000;\">G\u00ebzim Visoka, autor i librit\u00a0&#8220;\u00c7njohja e shteteve&#8221;, tha p\u00ebr REL-in m\u00eb 29 mars se, n\u00ebse institucionet angazhohen, kjo mund t\u00eb jet\u00eb nj\u00eb \u201cpik\u00eb kthese n\u00eb favor t\u00eb Kosov\u00ebs\u201d.<\/span><\/p>\n<p><span style=\"color: #000000;\">\u201cNjohja nga Kenia paraqet nj\u00eb mund\u00ebsi t\u00eb mir\u00eb p\u00ebr Qeverin\u00eb e Kosov\u00ebs, por edhe p\u00ebr aktor\u00ebt e tjer\u00eb t\u00eb angazhuar, q\u00eb t\u00eb rikthejn\u00eb vrullin dhe t\u00eb punojn\u00eb n\u00eb m\u00ebnyr\u00eb t\u00eb q\u00ebndrueshme dhe strategjike p\u00ebr t\u00eb p\u00ebrmbyllur procesin e njohjes nd\u00ebrkomb\u00ebtare t\u00eb Kosov\u00ebs\u201d, tha Visoka asokohe.<\/span><\/p>\n<p><span style=\"color: #000000;\">Sudani e njohu Kosov\u00ebn rreth tri jav\u00eb m\u00eb von\u00eb.<\/span><\/p>\n<p><span style=\"color: #000000;\">Visoka, profesor i Studimeve p\u00ebr Paqe dhe Konflikt n\u00eb Universitetin e Dublinit n\u00eb Irland\u00eb, parashikoi se Kosova duhet t\u00eb synoj\u00eb 10 deri n\u00eb 12 njohje brenda vitit.<\/span><\/p>\n<p><span style=\"color: #000000;\">Edhe presidenti i Serbis\u00eb, Aleksandar Vu\u00e7iq, kishte shprehur druajtjen e tij se njohja nga Kenia mund t\u00eb nxiste nj\u00eb trend t\u00eb njohjeve t\u00eb Kosov\u00ebs.<\/span><\/p>\n","protected":false,"gt_translate_keys":[{"key":"rendered","format":"html"}]},"excerpt":{"rendered":"<p>Sudani, vend n\u00eb verilindje t\u00eb Afrik\u00ebs, e ka njohur pavar\u00ebsin\u00eb e Kosov\u00ebs t\u00eb shtun\u00ebn, njoftoi presidentja e vendit, Vjosa Osmani, raporton Radio Evropa e Lir\u00eb. N\u00eb nj\u00eb njoftim n\u00eb X, Osmani tha se Kosova dhe Sudani jan\u00eb pajtuar p\u00ebr t\u00eb lidhur marr\u00ebdh\u00ebnie diplomatike. \u201cKy \u00ebsht\u00eb fillimi i nj\u00eb partneriteti madh\u00ebshtor\u201d, shkroi Osmani. Njohja nga Sudani [&hellip;]<\/p>\n","protected":false,"gt_translate_keys":[{"key":"rendered","format":"html"}]},"author":32,"featured_media":735330,"comment_status":"closed","ping_status":"open","sticky":false,"template":"","format":"standard","meta":{"footnotes":""},"categories":[149],"tags":[],"class_list":["post-735329","post","type-post","status-publish","format-standard","has-post-thumbnail","hentry","category-kosoverajon"],"gt_translate_keys":[{"key":"link","format":"url"}],"_links":{"self":[{"href":"https:\/\/www.hashtag.al\/index.php\/wp-json\/wp\/v2\/posts\/735329","targetHints":{"allow":["GET"]}}],"collection":[{"href":"https:\/\/www.hashtag.al\/index.php\/wp-json\/wp\/v2\/posts"}],"about":[{"href":"https:\/\/www.hashtag.al\/index.php\/wp-json\/wp\/v2\/types\/post"}],"author":[{"embeddable":true,"href":"https:\/\/www.hashtag.al\/index.php\/wp-json\/wp\/v2\/users\/32"}],"replies":[{"embeddable":true,"href":"https:\/\/www.hashtag.al\/index.php\/wp-json\/wp\/v2\/comments?post=735329"}],"version-history":[{"count":99999,"href":"https:\/\/www.hashtag.al\/index.php\/wp-json\/wp\/v2\/posts\/735329\/revisions"}],"predecessor-version":[{"id":735331,"href":"https:\/\/www.hashtag.al\/index.php\/wp-json\/wp\/v2\/posts\/735329\/revisions\/735331"}],"wp:featuredmedia":[{"embeddable":true,"href":"https:\/\/www.hashtag.al\/index.php\/wp-json\/wp\/v2\/media\/735330"}],"wp:attachment":[{"href":"https:\/\/www.hashtag.al\/index.php\/wp-json\/wp\/v2\/media?parent=735329"}],"wp:term":[{"taxonomy":"category","embeddable":true,"href":"https:\/\/www.hashtag.al\/index.php\/wp-json\/wp\/v2\/categories?post=735329"},{"taxonomy":"post_tag","embeddable":true,"href":"https:\/\/www.hashtag.al\/index.php\/wp-json\/wp\/v2\/tags?post=735329"}],"curies":[{"name":"wp","href":"https:\/\/api.w.org\/{rel}","templated":true}]}}