{"id":734947,"date":"2025-04-10T16:26:03","date_gmt":"2025-04-10T14:26:03","guid":{"rendered":"https:\/\/www.hashtag.al\/?p=734947"},"modified":"2025-04-10T16:26:03","modified_gmt":"2025-04-10T14:26:03","slug":"denoncimi-i-kellicit-policia-refuzon-te-zbatoje-urdhrin-e-spak-per-kontrollimin-e-tregut-te-suel-celes","status":"publish","type":"post","link":"https:\/\/www.hashtag.al\/index.php\/2025\/04\/10\/denoncimi-i-kellicit-policia-refuzon-te-zbatoje-urdhrin-e-spak-per-kontrollimin-e-tregut-te-suel-celes\/","title":{"rendered":"Denoncimi i K\u00eblli\u00e7it: Policia refuzon t\u00eb zbatoj\u00eb urdhrin e SPAK p\u00ebr kontrollimin e tregut t\u00eb Suel \u00c7el\u00ebs","gt_translate_keys":[{"key":"rendered","format":"text"}]},"content":{"rendered":"<p><img loading=\"lazy\" decoding=\"async\" class=\"alignnone size-medium wp-image-734948\" src=\"https:\/\/www.hashtag.al\/wp-content\/uploads\/2025\/04\/WhatsApp-Image-2025-04-10-at-15.34.03-1024x683-1-300x200.jpeg\" alt=\"\" width=\"300\" height=\"200\" srcset=\"https:\/\/www.hashtag.al\/wp-content\/uploads\/2025\/04\/WhatsApp-Image-2025-04-10-at-15.34.03-1024x683-1-300x200.jpeg 300w, https:\/\/www.hashtag.al\/wp-content\/uploads\/2025\/04\/WhatsApp-Image-2025-04-10-at-15.34.03-1024x683-1-768x512.jpeg 768w, https:\/\/www.hashtag.al\/wp-content\/uploads\/2025\/04\/WhatsApp-Image-2025-04-10-at-15.34.03-1024x683-1.jpeg 1024w\" sizes=\"auto, (max-width: 300px) 100vw, 300px\" \/><\/p>\n<p><span style=\"color: #000000;\">An\u00ebtari i Kryesis\u00eb s\u00eb PD-s\u00eb, Belind K\u00eblli\u00e7i, p\u00ebrmes nj\u00eb deklarate p\u00ebr shtyp, ka denoncuar Policin\u00eb e Shtetit duke th\u00ebn\u00eb se nuk po zbaton detyr\u00ebn.<\/span><\/p>\n<p><span style=\"color: #000000;\">Sipas K\u00eblli\u00e7it, Policia nuk ka zbatuar urdhrin e Prokuroris\u00eb s\u00eb Posa\u00e7me (SPAK) p\u00ebr kontrolle n\u00eb tregun e Suel \u00c7el\u00ebs, emrit t\u00eb njohur t\u00eb bot\u00ebs s\u00eb krimit.<\/span><\/p>\n<p><span style=\"color: #000000;\"><em>\u201cSot policia e Prod\u00ebs nuk ka zbatuar detyr\u00ebn si institucion i shtetit, por urdhrin e kreut t\u00eb narko-qeveris\u00eb, Edi Rama.<\/em><\/span><\/p>\n<p><span style=\"color: #000000;\"><em>Narko-drejtori ka refuzuar t\u00eb zbatoj\u00eb nj\u00eb urdh\u00ebr t\u00eb Prokuroris\u00eb s\u00eb Posa\u00e7me p\u00ebr t\u00eb kontrolluar tregun e Elbasanit, baz\u00ebn e aktiviteteve t\u00eb paligjshme t\u00eb band\u00ebs kryesore t\u00eb Ram\u00ebs dhe PS n\u00eb rajon, grupit t\u00eb Suel \u00c7el\u00ebs.<\/em><\/span><\/p>\n<p><span style=\"color: #000000;\"><em>Ky \u00ebsht\u00eb nj\u00eb veprim jo vet\u00ebm n\u00eb kund\u00ebrshtim me ligjin, por edhe d\u00ebshmi e dor\u00ebzimit t\u00eb shtetit n\u00eb duart e krimit t\u00eb organizuar\u201d,<\/em> shprehet ai.<\/span><\/p>\n<p>&nbsp;<\/p>\n<p><span style=\"color: #000000;\">Deklarata e plot\u00eb e Belind K\u00eblli\u00e7it:<\/span><\/p>\n<p><span style=\"color: #000000;\"><em>Sot policia e Prod\u00ebs nuk ka zbatuar detyr\u00ebn si institucion i shtetit, por urdhrin e kreut t\u00eb narko-qeveris\u00eb, Edi Rama.<\/em><\/span><\/p>\n<p><span style=\"color: #000000;\"><em>Narko-drejtori ka refuzuar t\u00eb zbatoj\u00eb nj\u00eb urdh\u00ebr t\u00eb Prokuroris\u00eb s\u00eb Posa\u00e7me p\u00ebr t\u00eb kontrolluar tregun e Elbasanit, baz\u00ebn e aktiviteteve t\u00eb paligjshme t\u00eb band\u00ebs kryesore t\u00eb Ram\u00ebs dhe PS n\u00eb rajon, grupit t\u00eb Suel \u00c7el\u00ebs.<\/em><\/span><\/p>\n<p><span style=\"color: #000000;\"><em>Ky \u00ebsht\u00eb nj\u00eb veprim jo vet\u00ebm n\u00eb kund\u00ebrshtim me ligjin, por edhe d\u00ebshmi e dor\u00ebzimit t\u00eb shtetit n\u00eb duart e krimit t\u00eb organizuar.<\/em><\/span><\/p>\n<p><span style=\"color: #000000;\"><em>Rama e shtyn dhe e frym\u00ebzon SPAK kur ka nevoj\u00eb, dhe i vihet kundra, e posht\u00ebron kur i prek interesat.<\/em><\/span><\/p>\n<p><span style=\"color: #000000;\"><em>Ky \u00ebsht\u00eb standardi i tij me drejt\u00ebsin\u00eb dhe Europ\u00ebn.<\/em><\/span><\/p>\n<p><span style=\"color: #000000;\"><em>M\u00eb shum\u00eb se kaq, kjo \u00ebsht\u00eb p\u00ebrpjekje e hapur e Edi Ram\u00ebs, q\u00eb me an\u00eb t\u00eb bandave t\u00eb kontrolloj\u00eb e vjedh\u00eb dhe k\u00ebto zgjedhje.<\/em><\/span><\/p>\n<p><span style=\"color: #000000;\"><em>I alarmuar nga q\u00ebndrimi i K\u00ebshillit t\u00eb Europ\u00ebs dhe Parlamentit Europian n\u00eb takimet me liderin e opozit\u00ebs Sali Berisha, Edi Rama po ruan t\u00eb paprekur infrastruktur\u00ebn kriminale t\u00eb grabitjes s\u00eb zgjedhjeve.<\/em><\/span><\/p>\n<p><span style=\"color: #000000;\"><em>Partia Demokratike u b\u00ebn thirrje aleat\u00ebve nd\u00ebrkomb\u00ebtar\u00eb t\u00eb reagojn\u00eb p\u00ebr k\u00ebt\u00eb faqe t\u00eb err\u00ebt ne librin e zi t\u00eb rekordeve t\u00eb Ram\u00ebs dhe qeveris\u00eb s\u00eb tij.<\/em><\/span><\/p>\n<p><span style=\"color: #000000;\"><em>Rama, q\u00eb ka bandit\u00ebt n\u00eb krah, ka popullin kund\u00ebr.<\/em><\/span><\/p>\n<p><span style=\"color: #000000;\"><em>M\u00eb 11 maj, t\u00eb kthejm\u00eb shtetin n\u00eb an\u00eb t\u00eb qytetarit dhe t\u00eb s\u00eb drejt\u00ebs dhe Ram\u00ebn ta hedhim n\u00eb koshin e plehrave t\u00eb historis\u00eb!<\/em><\/span><\/p>\n","protected":false,"gt_translate_keys":[{"key":"rendered","format":"html"}]},"excerpt":{"rendered":"<p>An\u00ebtari i Kryesis\u00eb s\u00eb PD-s\u00eb, Belind K\u00eblli\u00e7i, p\u00ebrmes nj\u00eb deklarate p\u00ebr shtyp, ka denoncuar Policin\u00eb e Shtetit duke th\u00ebn\u00eb se nuk po zbaton detyr\u00ebn. Sipas K\u00eblli\u00e7it, Policia nuk ka zbatuar urdhrin e Prokuroris\u00eb s\u00eb Posa\u00e7me (SPAK) p\u00ebr kontrolle n\u00eb tregun e Suel \u00c7el\u00ebs, emrit t\u00eb njohur t\u00eb bot\u00ebs s\u00eb krimit. \u201cSot policia e Prod\u00ebs nuk [&hellip;]<\/p>\n","protected":false,"gt_translate_keys":[{"key":"rendered","format":"html"}]},"author":32,"featured_media":734948,"comment_status":"closed","ping_status":"open","sticky":false,"template":"","format":"standard","meta":{"footnotes":""},"categories":[65],"tags":[],"class_list":["post-734947","post","type-post","status-publish","format-standard","has-post-thumbnail","hentry","category-lajme"],"gt_translate_keys":[{"key":"link","format":"url"}],"_links":{"self":[{"href":"https:\/\/www.hashtag.al\/index.php\/wp-json\/wp\/v2\/posts\/734947","targetHints":{"allow":["GET"]}}],"collection":[{"href":"https:\/\/www.hashtag.al\/index.php\/wp-json\/wp\/v2\/posts"}],"about":[{"href":"https:\/\/www.hashtag.al\/index.php\/wp-json\/wp\/v2\/types\/post"}],"author":[{"embeddable":true,"href":"https:\/\/www.hashtag.al\/index.php\/wp-json\/wp\/v2\/users\/32"}],"replies":[{"embeddable":true,"href":"https:\/\/www.hashtag.al\/index.php\/wp-json\/wp\/v2\/comments?post=734947"}],"version-history":[{"count":99999,"href":"https:\/\/www.hashtag.al\/index.php\/wp-json\/wp\/v2\/posts\/734947\/revisions"}],"predecessor-version":[{"id":734949,"href":"https:\/\/www.hashtag.al\/index.php\/wp-json\/wp\/v2\/posts\/734947\/revisions\/734949"}],"wp:featuredmedia":[{"embeddable":true,"href":"https:\/\/www.hashtag.al\/index.php\/wp-json\/wp\/v2\/media\/734948"}],"wp:attachment":[{"href":"https:\/\/www.hashtag.al\/index.php\/wp-json\/wp\/v2\/media?parent=734947"}],"wp:term":[{"taxonomy":"category","embeddable":true,"href":"https:\/\/www.hashtag.al\/index.php\/wp-json\/wp\/v2\/categories?post=734947"},{"taxonomy":"post_tag","embeddable":true,"href":"https:\/\/www.hashtag.al\/index.php\/wp-json\/wp\/v2\/tags?post=734947"}],"curies":[{"name":"wp","href":"https:\/\/api.w.org\/{rel}","templated":true}]}}