{"id":734847,"date":"2025-04-10T08:59:33","date_gmt":"2025-04-10T06:59:33","guid":{"rendered":"https:\/\/www.hashtag.al\/?p=734847"},"modified":"2025-04-10T09:12:00","modified_gmt":"2025-04-10T07:12:00","slug":"sherifi-do-zbrese-ne-qytet-rama-ironizon-lacivitan-do-shoshim-kush-do-zbrese-e-kush-do-bjere","status":"publish","type":"post","link":"https:\/\/www.hashtag.al\/index.php\/2025\/04\/10\/sherifi-do-zbrese-ne-qytet-rama-ironizon-lacivitan-do-shoshim-kush-do-zbrese-e-kush-do-bjere\/","title":{"rendered":"&#8220;Sherifi do zbres\u00eb n\u00eb qytet&#8221;- Rama ironizon LaCivitan: Do shohim kush do zbres\u00eb e kush do bjer\u00eb","gt_translate_keys":[{"key":"rendered","format":"text"}]},"content":{"rendered":"<p><span style=\"color: #000000;\"><img loading=\"lazy\" decoding=\"async\" class=\"aligncenter size-full wp-image-734848\" src=\"https:\/\/www.hashtag.al\/wp-content\/uploads\/2025\/04\/1744267135_edirama.jpg\" alt=\"\" width=\"780\" height=\"440\" srcset=\"https:\/\/www.hashtag.al\/wp-content\/uploads\/2025\/04\/1744267135_edirama.jpg 780w, https:\/\/www.hashtag.al\/wp-content\/uploads\/2025\/04\/1744267135_edirama-300x169.jpg 300w, https:\/\/www.hashtag.al\/wp-content\/uploads\/2025\/04\/1744267135_edirama-768x433.jpg 768w\" sizes=\"auto, (max-width: 780px) 100vw, 780px\" \/><\/span><\/p>\n<p><span style=\"color: #000000;\">Kryeministri Edi Rama ka reaguar n\u00eb rrjetet sociale ndaj nj\u00eb komentuesi q\u00eb i \u00ebsht\u00eb referuar ardhjes n\u00eb Tiran\u00eb t\u00eb Chris LaCivita, strategut amerikan q\u00eb pritet t\u00eb jet\u00eb i pranish\u00ebm n\u00eb \u00e7eljen e fushat\u00ebs s\u00eb Partis\u00eb Demokratike dit\u00ebn e nes\u00ebrme.<\/span><\/p>\n<p><span style=\"color: #000000;\"><em>\u201cAjo Franc\u00eb e Lond\u00ebr na kan\u00eb l\u00ebn\u00eb si kodra pas diellit. Jan\u00eb kund\u00ebr kombit shqiptar por ti vazhdo derisa sherifi t\u00eb zbres\u00eb n\u00eb qytet\u201d,<\/em> shkruan komentuesi.<\/span><\/p>\n<p><span style=\"color: #000000;\"><em>\u201cT\u00eb marrsha t\u00eb keqen. Nuk po b\u00ebj asnj\u00eb koment sepse erdh\u00ebn zgjedhjet e do ta shoh\u00ebsh kush do t\u00eb zbres\u00eb e kush do t\u00eb bjer\u00eb\u201d<\/em>, tha Rama.<\/span><\/p>\n","protected":false,"gt_translate_keys":[{"key":"rendered","format":"html"}]},"excerpt":{"rendered":"<p>Kryeministri Edi Rama ka reaguar n\u00eb rrjetet sociale ndaj nj\u00eb komentuesi q\u00eb i \u00ebsht\u00eb referuar ardhjes n\u00eb Tiran\u00eb t\u00eb Chris LaCivita, strategut amerikan q\u00eb pritet t\u00eb jet\u00eb i pranish\u00ebm n\u00eb \u00e7eljen e fushat\u00ebs s\u00eb Partis\u00eb Demokratike dit\u00ebn e nes\u00ebrme. \u201cAjo Franc\u00eb e Lond\u00ebr na kan\u00eb l\u00ebn\u00eb si kodra pas diellit. Jan\u00eb kund\u00ebr kombit shqiptar por [&hellip;]<\/p>\n","protected":false,"gt_translate_keys":[{"key":"rendered","format":"html"}]},"author":49,"featured_media":734848,"comment_status":"closed","ping_status":"open","sticky":false,"template":"","format":"standard","meta":{"footnotes":""},"categories":[65],"tags":[],"class_list":["post-734847","post","type-post","status-publish","format-standard","has-post-thumbnail","hentry","category-lajme"],"gt_translate_keys":[{"key":"link","format":"url"}],"_links":{"self":[{"href":"https:\/\/www.hashtag.al\/index.php\/wp-json\/wp\/v2\/posts\/734847","targetHints":{"allow":["GET"]}}],"collection":[{"href":"https:\/\/www.hashtag.al\/index.php\/wp-json\/wp\/v2\/posts"}],"about":[{"href":"https:\/\/www.hashtag.al\/index.php\/wp-json\/wp\/v2\/types\/post"}],"author":[{"embeddable":true,"href":"https:\/\/www.hashtag.al\/index.php\/wp-json\/wp\/v2\/users\/49"}],"replies":[{"embeddable":true,"href":"https:\/\/www.hashtag.al\/index.php\/wp-json\/wp\/v2\/comments?post=734847"}],"version-history":[{"count":99999,"href":"https:\/\/www.hashtag.al\/index.php\/wp-json\/wp\/v2\/posts\/734847\/revisions"}],"predecessor-version":[{"id":734850,"href":"https:\/\/www.hashtag.al\/index.php\/wp-json\/wp\/v2\/posts\/734847\/revisions\/734850"}],"wp:featuredmedia":[{"embeddable":true,"href":"https:\/\/www.hashtag.al\/index.php\/wp-json\/wp\/v2\/media\/734848"}],"wp:attachment":[{"href":"https:\/\/www.hashtag.al\/index.php\/wp-json\/wp\/v2\/media?parent=734847"}],"wp:term":[{"taxonomy":"category","embeddable":true,"href":"https:\/\/www.hashtag.al\/index.php\/wp-json\/wp\/v2\/categories?post=734847"},{"taxonomy":"post_tag","embeddable":true,"href":"https:\/\/www.hashtag.al\/index.php\/wp-json\/wp\/v2\/tags?post=734847"}],"curies":[{"name":"wp","href":"https:\/\/api.w.org\/{rel}","templated":true}]}}