{"id":734755,"date":"2025-04-09T18:04:14","date_gmt":"2025-04-09T16:04:14","guid":{"rendered":"https:\/\/www.hashtag.al\/?p=734755"},"modified":"2025-04-09T18:04:14","modified_gmt":"2025-04-09T16:04:14","slug":"ish-shtepia-e-enver-hoxhes-hap-dyert-si-qender-kulturore-rama-dikur-vend-makbethian","status":"publish","type":"post","link":"https:\/\/www.hashtag.al\/index.php\/2025\/04\/09\/ish-shtepia-e-enver-hoxhes-hap-dyert-si-qender-kulturore-rama-dikur-vend-makbethian\/","title":{"rendered":"Ish-sht\u00ebpia e Enver Hoxh\u00ebs hap dyert si qend\u00ebr kulturore, Rama: Dikur vend makbethian","gt_translate_keys":[{"key":"rendered","format":"text"}]},"content":{"rendered":"<p><span style=\"color: #000000;\"><img loading=\"lazy\" decoding=\"async\" class=\"alignnone size-medium wp-image-734756\" src=\"https:\/\/www.hashtag.al\/wp-content\/uploads\/2025\/04\/Screenshot-2025-04-09-180210-300x264.png\" alt=\"\" width=\"300\" height=\"264\" srcset=\"https:\/\/www.hashtag.al\/wp-content\/uploads\/2025\/04\/Screenshot-2025-04-09-180210-300x264.png 300w, https:\/\/www.hashtag.al\/wp-content\/uploads\/2025\/04\/Screenshot-2025-04-09-180210.png 667w\" sizes=\"auto, (max-width: 300px) 100vw, 300px\" \/><\/span><\/p>\n<p><span style=\"color: #000000;\">Dit\u00ebn e sotme ka hapur dyert \u2018Art Explora\u2019 ose e njohur ndryshe si vila 31 e ish-diktatorit Enver Hoxha.<\/span><\/p>\n<p><span style=\"color: #000000;\">Prej m\u00eb shum\u00eb se 1 viti, fondacioni francez Art Explora \u00ebsht\u00eb kujdesur p\u00ebr t\u00eb rehabilituar dhe p\u00ebr t\u00eb marr\u00eb n\u00eb menaxhim vil\u00ebn e njohur dhe p\u00ebr ta kthyer n\u00eb nj\u00eb qend\u00ebr vizitor\u00ebsh.<\/span><\/p>\n<p><span style=\"color: #000000;\">Ideatori p\u00ebr kthimin e vil\u00ebs 31 n\u00eb nj\u00eb qend\u00ebr kulturore \u00ebsht\u00eb Frederik Jousset, k\u00ebt\u00eb e theksoi dhe kryeministri Edi Rama n\u00eb fjal\u00ebn e tij, ku ve\u00e7oi se p\u00ebr k\u00ebt\u00eb ide ai kishte vendosur q\u00eb t\u2019i jepte sot, n\u00eb k\u00ebt\u00eb p\u00ebrurim, Yllin e Lart\u00eb t\u00eb Mir\u00ebnjohjes.<\/span><\/p>\n<p><span style=\"color: #000000;\">Sipas Ram\u00ebs, ky \u00ebsht\u00eb nj\u00eb kontribut i ve\u00e7ant\u00eb dhe jo thjesht nj\u00eb lavd\u00ebrim p\u00ebr faktin e gjith\u00eb simbolik\u00ebs q\u00eb mban ky vend.<\/span><\/p>\n<p><span style=\"color: #000000;\"><em>&#8220;Nuk besoj q\u00eb imagjinata e artist\u00ebve k\u00ebtu mund t\u00eb arrij\u00eb deri n\u00eb at\u00eb pik\u00eb sa t\u00eb p\u00ebrfytyrojn\u00eb anglez\u00ebt t\u00eb hapin nj\u00eb t\u00eb k\u00ebtill\u00eb n\u00eb Shqip\u00ebri apo gjetk\u00eb n\u00eb nj\u00eb vend tjet\u00ebr q\u00eb nuk \u00ebsht\u00eb koloni e tyre. Nga ana tjet\u00ebr, un\u00eb duhet t\u00eb respektoj dhe nderoj Frederikun, q\u00eb edhe sot me shum\u00eb njer\u00ebz t\u00eb tjer\u00eb jo vet\u00ebm flet n\u00eb fr\u00ebngjisht, por duke i kushtuar nj\u00eb fjalim t\u00eb gjat\u00eb. Nj\u00eb fjalim t\u00eb gjat\u00eb sepse, fal\u00eb imagjinat\u00ebs s\u00eb ambasadorit tim Dritan Tola, p\u00ebr t\u00eb fal\u00ebnderuar Frederikun me yllin e lart\u00eb t\u00eb mir\u00ebnjohjes publike, u b\u00eb ideja ta b\u00ebnim diku jasht\u00eb. Nuk e kam b\u00ebr\u00eb m\u00eb par\u00eb k\u00ebt\u00eb dhe nuk besoj se nj\u00eb president francez e ka dh\u00ebn\u00eb Legjionin e Nderit n\u00eb kopshtin Le Tuileries. Kjo tregon se jemi nj\u00eb vend demokratik. Ndonj\u00ebher\u00eb ambasador\u00ebt na japin urdhra prapa kurrizit, megjithat\u00eb Frederik, e fillova duke pyetur ChatGPT p\u00ebr ty dhe ja \u00e7far\u00eb mora: Babai juaj, profesor financash n\u00eb shkollat e shquara, president i shkoll\u00ebs s\u00eb muzik\u00ebs. Edhe ajo mendja e hijshme dhe e bukur q\u00eb \u00ebsht\u00eb mamaja juaj Arielle, kryekonservatore dhe specialiste dizajni n\u00eb qendr\u00ebn Pompidou. Po t\u00eb marrim parasysh njer\u00ebzit n\u00eb k\u00ebt\u00eb vend t\u00eb ve\u00e7ant\u00eb, dikur vend makbethian, sot nj\u00eb vat\u00ebr kulture shqiptare p\u00ebr gjith\u00eb bot\u00ebn. Them me vete q\u00eb k\u00ebnaq\u00ebsia q\u00eb ndjej<\/em>.&#8221;-tha Rama.<\/span><\/p>\n<p><span style=\"color: #000000;\">Kreu i qeveris\u00eb fal\u00ebnderoi sip\u00ebrmarr\u00ebsin francez Frederik Jousset, si dhe i dhuroi \u2018Yllin e Madh t\u00eb Mir\u00ebnjohjes s\u00eb Republik\u00ebs s\u00eb Shqip\u00ebris\u00eb\u201d.<\/span><\/p>\n<p><span style=\"color: #000000;\">Gjat\u00eb k\u00ebtij momenti nuk munguan batuat nga kryeministri, i cili i tha \u201cMeq\u00eb jemi vend kontrabandist\u00ebsh kjo \u00ebsht\u00eb p\u00ebr t\u2019iu treguar autoritetet franceze q\u00eb nuk \u00ebsht\u00eb e kondrabanduar, por \u00ebsht\u00eb origjinale\u201d.<\/span><\/p>\n<p><span style=\"color: #000000;\"><em>&#8220;Do doja t\u00eb vinit k\u00ebtu pran\u00eb meje p\u00ebr t\u2019ju prezantuar me medaljen. K\u00ebt\u00eb merreni si bagazh t\u00eb Art Explora. Meq\u00eb jemi vend kontrabandist\u00ebsh kjo \u00ebsht\u00eb p\u00ebr t\u2019iu treguar autoritetet franceze q\u00eb nuk \u00ebsht\u00eb e kontrabanduar, por \u00ebsht\u00eb origjinale. Nuk jeni i detyruar t\u00eb thoni gj\u00eb, por n\u00ebse doni t\u00eb thoni gj\u00eb\u201d-<\/em>tha Rama.<\/span><\/p>\n<p><span style=\"color: #000000;\">Vila 31 x Art Explora \u2013 ish-rezidenca e nj\u00eb epoke t\u00eb err\u00ebt e kthyer n\u00eb nj\u00eb qend\u00ebr inovative artistike dhe kulturore, mir\u00ebpret rezident\u00ebt e par\u00eb nga Franca, Tunizia, Libani, Malta, Italia e vende t\u00eb tjera duke sjell\u00eb nj\u00eb program kulturor t\u00eb hapur p\u00ebr t\u00eb gjith\u00eb: performanca, diskutime, pun\u00ebtori, lexime dhe shfaqje filmash<\/span><\/p>\n<p><span style=\"color: #000000;\">9-13 Prill, hyrja e lir\u00eb p\u00ebr t\u00eb gjith\u00eb.<\/span><\/p>\n","protected":false,"gt_translate_keys":[{"key":"rendered","format":"html"}]},"excerpt":{"rendered":"<p>Dit\u00ebn e sotme ka hapur dyert \u2018Art Explora\u2019 ose e njohur ndryshe si vila 31 e ish-diktatorit Enver Hoxha. Prej m\u00eb shum\u00eb se 1 viti, fondacioni francez Art Explora \u00ebsht\u00eb kujdesur p\u00ebr t\u00eb rehabilituar dhe p\u00ebr t\u00eb marr\u00eb n\u00eb menaxhim vil\u00ebn e njohur dhe p\u00ebr ta kthyer n\u00eb nj\u00eb qend\u00ebr vizitor\u00ebsh. Ideatori p\u00ebr kthimin e [&hellip;]<\/p>\n","protected":false,"gt_translate_keys":[{"key":"rendered","format":"html"}]},"author":32,"featured_media":734756,"comment_status":"closed","ping_status":"open","sticky":false,"template":"","format":"standard","meta":{"footnotes":""},"categories":[65],"tags":[],"class_list":["post-734755","post","type-post","status-publish","format-standard","has-post-thumbnail","hentry","category-lajme"],"gt_translate_keys":[{"key":"link","format":"url"}],"_links":{"self":[{"href":"https:\/\/www.hashtag.al\/index.php\/wp-json\/wp\/v2\/posts\/734755","targetHints":{"allow":["GET"]}}],"collection":[{"href":"https:\/\/www.hashtag.al\/index.php\/wp-json\/wp\/v2\/posts"}],"about":[{"href":"https:\/\/www.hashtag.al\/index.php\/wp-json\/wp\/v2\/types\/post"}],"author":[{"embeddable":true,"href":"https:\/\/www.hashtag.al\/index.php\/wp-json\/wp\/v2\/users\/32"}],"replies":[{"embeddable":true,"href":"https:\/\/www.hashtag.al\/index.php\/wp-json\/wp\/v2\/comments?post=734755"}],"version-history":[{"count":99999,"href":"https:\/\/www.hashtag.al\/index.php\/wp-json\/wp\/v2\/posts\/734755\/revisions"}],"predecessor-version":[{"id":734757,"href":"https:\/\/www.hashtag.al\/index.php\/wp-json\/wp\/v2\/posts\/734755\/revisions\/734757"}],"wp:featuredmedia":[{"embeddable":true,"href":"https:\/\/www.hashtag.al\/index.php\/wp-json\/wp\/v2\/media\/734756"}],"wp:attachment":[{"href":"https:\/\/www.hashtag.al\/index.php\/wp-json\/wp\/v2\/media?parent=734755"}],"wp:term":[{"taxonomy":"category","embeddable":true,"href":"https:\/\/www.hashtag.al\/index.php\/wp-json\/wp\/v2\/categories?post=734755"},{"taxonomy":"post_tag","embeddable":true,"href":"https:\/\/www.hashtag.al\/index.php\/wp-json\/wp\/v2\/tags?post=734755"}],"curies":[{"name":"wp","href":"https:\/\/api.w.org\/{rel}","templated":true}]}}