{"id":734734,"date":"2025-04-09T15:56:03","date_gmt":"2025-04-09T13:56:03","guid":{"rendered":"https:\/\/www.hashtag.al\/?p=734734"},"modified":"2025-04-09T15:56:03","modified_gmt":"2025-04-09T13:56:03","slug":"gjermania-drejt-nje-qeverie-te-re-cdu-csu-dhe-spd-arrijne-marreveshje-per-koalicion","status":"publish","type":"post","link":"https:\/\/www.hashtag.al\/index.php\/2025\/04\/09\/gjermania-drejt-nje-qeverie-te-re-cdu-csu-dhe-spd-arrijne-marreveshje-per-koalicion\/","title":{"rendered":"Gjermania drejt nj\u00eb qeverie t\u00eb re, CDU\/CSU dhe SPD arrijn\u00eb marr\u00ebveshje p\u00ebr koalicion","gt_translate_keys":[{"key":"rendered","format":"text"}]},"content":{"rendered":"<p><span style=\"color: #000000;\"><img loading=\"lazy\" decoding=\"async\" class=\"alignnone size-medium wp-image-734735\" src=\"https:\/\/www.hashtag.al\/wp-content\/uploads\/2025\/04\/Screenshot-2025-04-09-153230-300x176.png\" alt=\"\" width=\"300\" height=\"176\" srcset=\"https:\/\/www.hashtag.al\/wp-content\/uploads\/2025\/04\/Screenshot-2025-04-09-153230-300x176.png 300w, https:\/\/www.hashtag.al\/wp-content\/uploads\/2025\/04\/Screenshot-2025-04-09-153230-768x450.png 768w, https:\/\/www.hashtag.al\/wp-content\/uploads\/2025\/04\/Screenshot-2025-04-09-153230.png 866w\" sizes=\"auto, (max-width: 300px) 100vw, 300px\" \/><\/span><\/p>\n<p><span style=\"color: #000000;\">Udh\u00ebheq\u00ebsit e partive kryesore n\u00eb Gjermani \u2013 Unionit Kristian Demokrat (CDU), Unionit Kristian Social (CSU) dhe Partis\u00eb Socialdemokrate (SPD) kan\u00eb arritur nj\u00eb marr\u00ebveshje p\u00ebr t\u00eb formuar qeverin\u00eb e re, sipas raportimeve t\u00eb agjencis\u00eb gjermane t\u00eb lajmeve <em>dpa<\/em> dhe mediave t\u00eb tjera vendase, p\u00ebrcjell <span style=\"color: #0000ff;\"><a style=\"color: #0000ff;\" href=\"https:\/\/www.theguardian.com\/world\/live\/2025\/apr\/09\/ireland-deputy-pm-meet-us-secretary-commerce-eu-response-trump-tariffs-europe-latest-updates-news\">The Guardian.<\/a><\/span><\/span><\/p>\n<p><span style=\"color: #000000;\">Nj\u00eb konferenc\u00eb p\u00ebr shtyp \u00ebsht\u00eb paralajm\u00ebruar p\u00ebr sot n\u00eb or\u00ebn 15:00 (ora lokale), ku pritet q\u00eb Friedrich Merz (CDU), Markus S\u00f6der (CSU) dhe Lars Klingbeil (SPD) t\u00eb paraqesin publikisht rezultatet e bisedimeve.<\/span><\/p>\n<p><span style=\"color: #000000;\">Megjithat\u00eb, marr\u00ebveshja e arritur duhet ende t\u00eb ratifikohet nga an\u00ebtar\u00ebsia e SPD-s\u00eb \u2013 nj\u00eb proces q\u00eb do t\u00eb zgjas\u00eb rreth dhjet\u00eb dit\u00eb, \u00e7ka do t\u00eb thot\u00eb se Friedrich Merz nuk pritet t\u00eb zyrtarizohet si kancelari i ri i Gjermanis\u00eb para muajit maj.<\/span><\/p>\n<p><span style=\"color: #000000;\">Ndarja e ministrive<\/span><\/p>\n<p><span style=\"color: #000000;\">Sipas burimeve t\u00eb para, CDU\/CSU pritet t\u00eb marrin ministrin\u00eb e Brendshme dhe ministrin\u00eb e Jashtme, duke marr\u00eb p\u00ebrgjegj\u00ebsin\u00eb p\u00ebr \u00e7\u00ebshtje ky\u00e7e si kriza e migracionit dhe pozicionimi nd\u00ebrkomb\u00ebtar i Gjermanis\u00eb, n\u00eb nj\u00eb koh\u00eb kur ka pasiguri t\u00eb theksuar p\u00ebr shkak t\u00eb ndryshimeve n\u00eb administrat\u00ebn amerikane.<\/span><\/p>\n<p><span style=\"color: #000000;\">SPD pritet t\u00eb ruaj\u00eb ministrin\u00eb e Financave dhe ministrin\u00eb e Mbrojtjes, duke siguruar q\u00eb ministri aktual i Mbrojtjes, Boris Pistorius, t\u00eb mbetet n\u00eb post n\u00eb kabinetin e ri \u2013 nj\u00eb figur\u00eb shum\u00eb popullore n\u00eb opinionin publik.<\/span><\/p>\n<p>&nbsp;<\/p>\n<p><span style=\"color: #000000;\">Koalicioni si p\u00ebrgjigje ndaj rritjes s\u00eb ekstremit t\u00eb djatht\u00eb<\/span><\/p>\n<p><span style=\"color: #000000;\">Ky zhvillim ndodh n\u00eb nj\u00eb moment vendimtar p\u00ebr politik\u00ebn gjermane, pasi partia e ekstremit t\u00eb djatht\u00eb, Alternativa p\u00ebr Gjermanin\u00eb (AfD), ka kryesuar p\u00ebr her\u00eb t\u00eb par\u00eb n\u00eb nj\u00eb sondazh federal t\u00eb preferencave elektorale. AfD ka p\u00ebrfituar nga vakumi politik dhe pasiguria globale, duke fituar terren n\u00eb opinionin publik.<\/span><\/p>\n<p><span style=\"color: #000000;\">Formimi i nj\u00eb koalicioni t\u00eb gjer\u00eb mes partive tradicionale shihet si nj\u00eb p\u00ebrpjekje p\u00ebr t\u00eb frenuar rritjen e ekstremit t\u00eb djatht\u00eb dhe p\u00ebr t\u00eb rikthyer stabilitetin politik n\u00eb nj\u00eb nga ekonomit\u00eb m\u00eb t\u00eb m\u00ebdha t\u00eb Evrop\u00ebs.<\/span><\/p>\n<p><span style=\"color: #000000;\">T\u00eb tjera detaje mbi p\u00ebrmbajtjen e marr\u00ebveshjes pritet t\u00eb b\u00ebhen publike n\u00eb konferenc\u00ebn p\u00ebr shtyp k\u00ebt\u00eb pasdite.<\/span><\/p>\n","protected":false,"gt_translate_keys":[{"key":"rendered","format":"html"}]},"excerpt":{"rendered":"<p>Udh\u00ebheq\u00ebsit e partive kryesore n\u00eb Gjermani \u2013 Unionit Kristian Demokrat (CDU), Unionit Kristian Social (CSU) dhe Partis\u00eb Socialdemokrate (SPD) kan\u00eb arritur nj\u00eb marr\u00ebveshje p\u00ebr t\u00eb formuar qeverin\u00eb e re, sipas raportimeve t\u00eb agjencis\u00eb gjermane t\u00eb lajmeve dpa dhe mediave t\u00eb tjera vendase, p\u00ebrcjell The Guardian. Nj\u00eb konferenc\u00eb p\u00ebr shtyp \u00ebsht\u00eb paralajm\u00ebruar p\u00ebr sot n\u00eb or\u00ebn [&hellip;]<\/p>\n","protected":false,"gt_translate_keys":[{"key":"rendered","format":"html"}]},"author":32,"featured_media":734735,"comment_status":"closed","ping_status":"open","sticky":false,"template":"","format":"standard","meta":{"footnotes":""},"categories":[6],"tags":[],"class_list":["post-734734","post","type-post","status-publish","format-standard","has-post-thumbnail","hentry","category-nderkombetare"],"gt_translate_keys":[{"key":"link","format":"url"}],"_links":{"self":[{"href":"https:\/\/www.hashtag.al\/index.php\/wp-json\/wp\/v2\/posts\/734734","targetHints":{"allow":["GET"]}}],"collection":[{"href":"https:\/\/www.hashtag.al\/index.php\/wp-json\/wp\/v2\/posts"}],"about":[{"href":"https:\/\/www.hashtag.al\/index.php\/wp-json\/wp\/v2\/types\/post"}],"author":[{"embeddable":true,"href":"https:\/\/www.hashtag.al\/index.php\/wp-json\/wp\/v2\/users\/32"}],"replies":[{"embeddable":true,"href":"https:\/\/www.hashtag.al\/index.php\/wp-json\/wp\/v2\/comments?post=734734"}],"version-history":[{"count":99999,"href":"https:\/\/www.hashtag.al\/index.php\/wp-json\/wp\/v2\/posts\/734734\/revisions"}],"predecessor-version":[{"id":734736,"href":"https:\/\/www.hashtag.al\/index.php\/wp-json\/wp\/v2\/posts\/734734\/revisions\/734736"}],"wp:featuredmedia":[{"embeddable":true,"href":"https:\/\/www.hashtag.al\/index.php\/wp-json\/wp\/v2\/media\/734735"}],"wp:attachment":[{"href":"https:\/\/www.hashtag.al\/index.php\/wp-json\/wp\/v2\/media?parent=734734"}],"wp:term":[{"taxonomy":"category","embeddable":true,"href":"https:\/\/www.hashtag.al\/index.php\/wp-json\/wp\/v2\/categories?post=734734"},{"taxonomy":"post_tag","embeddable":true,"href":"https:\/\/www.hashtag.al\/index.php\/wp-json\/wp\/v2\/tags?post=734734"}],"curies":[{"name":"wp","href":"https:\/\/api.w.org\/{rel}","templated":true}]}}