{"id":734719,"date":"2025-04-09T14:57:42","date_gmt":"2025-04-09T12:57:42","guid":{"rendered":"https:\/\/www.hashtag.al\/?p=734719"},"modified":"2025-04-09T15:02:45","modified_gmt":"2025-04-09T13:02:45","slug":"te-shtena-me-arme-zjarri-ne-fshatin-sulaj-te-fierit-dyshohet-per-nje-te-plagosur","status":"publish","type":"post","link":"https:\/\/www.hashtag.al\/index.php\/2025\/04\/09\/te-shtena-me-arme-zjarri-ne-fshatin-sulaj-te-fierit-dyshohet-per-nje-te-plagosur\/","title":{"rendered":"T\u00eb sht\u00ebna me arm\u00eb zjarri n\u00eb fshatin Sulaj t\u00eb Fierit, mbetet e plagosur nj\u00eb grua","gt_translate_keys":[{"key":"rendered","format":"text"}]},"content":{"rendered":"<p>&nbsp;<\/p>\n<p><span style=\"color: #000000;\"><img loading=\"lazy\" decoding=\"async\" class=\"alignnone size-medium wp-image-734720\" src=\"https:\/\/www.hashtag.al\/wp-content\/uploads\/2025\/04\/Policia-Elbasan-1-300x150.jpg\" alt=\"\" width=\"300\" height=\"150\" srcset=\"https:\/\/www.hashtag.al\/wp-content\/uploads\/2025\/04\/Policia-Elbasan-1-300x150.jpg 300w, https:\/\/www.hashtag.al\/wp-content\/uploads\/2025\/04\/Policia-Elbasan-1.jpg 660w\" sizes=\"auto, (max-width: 300px) 100vw, 300px\" \/><\/span><\/p>\n<p><span style=\"color: #000000;\">T\u00eb sht\u00ebna me arm\u00eb zjarri jan\u00eb regjistruar mesdit\u00ebn e sotme n\u00eb fshatin Sulaj t\u00eb Fierit, ku dyshohet se ka mbetur e plagosur nj\u00eb grua.<\/span><\/p>\n<p><span style=\"color: #000000;\">Nga mediat raportohet se Suzana Merrnica, 50 vje\u00e7, ka marr\u00eb plag\u00eb n\u00eb trup t\u00eb shkaktuara nga nj\u00eb arm\u00eb zjarri.<\/span><\/p>\n<p><span style=\"color: #000000;\">M\u00ebsohet se 50-vje\u00e7arja po l\u00ebvizjet me motor bashk\u00eb me t\u00eb birin, n\u00eb momentin e t\u00eb sht\u00ebnave.<\/span><\/p>\n<p><span style=\"color: #000000;\">Sipas informacioneve paraprake, m\u00ebsohet se policia ka identifikuar autor\u00ebt e ngjarjes dhe ka nisur k\u00ebrkimet p\u00ebr kapjen e tyre.<\/span><\/p>\n<p><span style=\"color: #000000;\">Deri m\u00eb tani nuk dihet motivi i ngjarjes dhe se kush jan\u00eb personat e p\u00ebrfshir\u00eb.<\/span><\/p>\n","protected":false,"gt_translate_keys":[{"key":"rendered","format":"html"}]},"excerpt":{"rendered":"<p>&nbsp; T\u00eb sht\u00ebna me arm\u00eb zjarri jan\u00eb regjistruar mesdit\u00ebn e sotme n\u00eb fshatin Sulaj t\u00eb Fierit, ku dyshohet se ka mbetur e plagosur nj\u00eb grua. Nga mediat raportohet se Suzana Merrnica, 50 vje\u00e7, ka marr\u00eb plag\u00eb n\u00eb trup t\u00eb shkaktuara nga nj\u00eb arm\u00eb zjarri. M\u00ebsohet se 50-vje\u00e7arja po l\u00ebvizjet me motor bashk\u00eb me t\u00eb birin, [&hellip;]<\/p>\n","protected":false,"gt_translate_keys":[{"key":"rendered","format":"html"}]},"author":32,"featured_media":734720,"comment_status":"closed","ping_status":"open","sticky":false,"template":"","format":"standard","meta":{"footnotes":""},"categories":[65],"tags":[],"class_list":["post-734719","post","type-post","status-publish","format-standard","has-post-thumbnail","hentry","category-lajme"],"gt_translate_keys":[{"key":"link","format":"url"}],"_links":{"self":[{"href":"https:\/\/www.hashtag.al\/index.php\/wp-json\/wp\/v2\/posts\/734719","targetHints":{"allow":["GET"]}}],"collection":[{"href":"https:\/\/www.hashtag.al\/index.php\/wp-json\/wp\/v2\/posts"}],"about":[{"href":"https:\/\/www.hashtag.al\/index.php\/wp-json\/wp\/v2\/types\/post"}],"author":[{"embeddable":true,"href":"https:\/\/www.hashtag.al\/index.php\/wp-json\/wp\/v2\/users\/32"}],"replies":[{"embeddable":true,"href":"https:\/\/www.hashtag.al\/index.php\/wp-json\/wp\/v2\/comments?post=734719"}],"version-history":[{"count":99999,"href":"https:\/\/www.hashtag.al\/index.php\/wp-json\/wp\/v2\/posts\/734719\/revisions"}],"predecessor-version":[{"id":734724,"href":"https:\/\/www.hashtag.al\/index.php\/wp-json\/wp\/v2\/posts\/734719\/revisions\/734724"}],"wp:featuredmedia":[{"embeddable":true,"href":"https:\/\/www.hashtag.al\/index.php\/wp-json\/wp\/v2\/media\/734720"}],"wp:attachment":[{"href":"https:\/\/www.hashtag.al\/index.php\/wp-json\/wp\/v2\/media?parent=734719"}],"wp:term":[{"taxonomy":"category","embeddable":true,"href":"https:\/\/www.hashtag.al\/index.php\/wp-json\/wp\/v2\/categories?post=734719"},{"taxonomy":"post_tag","embeddable":true,"href":"https:\/\/www.hashtag.al\/index.php\/wp-json\/wp\/v2\/tags?post=734719"}],"curies":[{"name":"wp","href":"https:\/\/api.w.org\/{rel}","templated":true}]}}