{"id":734590,"date":"2025-04-08T21:01:15","date_gmt":"2025-04-08T19:01:15","guid":{"rendered":"https:\/\/www.hashtag.al\/?p=734590"},"modified":"2025-04-08T21:02:04","modified_gmt":"2025-04-08T19:02:04","slug":"abdixhiku-e-hedh-poshte-ftesen-e-kurtit-per-takim-konsultativ","status":"publish","type":"post","link":"https:\/\/www.hashtag.al\/index.php\/2025\/04\/08\/abdixhiku-e-hedh-poshte-ftesen-e-kurtit-per-takim-konsultativ\/","title":{"rendered":"Abdixhiku e hedh posht\u00eb ftes\u00ebn e Kurtit p\u00ebr takim konsultativ","gt_translate_keys":[{"key":"rendered","format":"text"}]},"content":{"rendered":"<p><span style=\"color: #000000;\"><img decoding=\"async\" src=\"https:\/\/www.hashtag.al\/wp-content\/uploads\/2022\/08\/lumirabdixhiku-600x600.jpg\" \/><\/span><\/p>\n<p><span style=\"color: #000000;\">Kryetari i Lidhjes Demokratike t\u00eb Kosov\u00ebs (LDK), Lumir Abdixhiku, njoftoi t\u00eb mart\u00ebn se nuk e ka pranuar ftes\u00ebn e udh\u00ebheq\u00ebsit t\u00eb L\u00ebvizjes Vet\u00ebvendosje dhe kryeministrit n\u00eb detyr\u00eb, Albin Kurti, p\u00ebr takim konsultativ, n\u00eb p\u00ebrpjekje p\u00ebr arritjen e nj\u00eb marr\u00ebveshjeje p\u00ebr koalicion qeveris\u00ebs, p\u00ebrcjell <span style=\"color: #0000ff;\"><a style=\"color: #0000ff;\" href=\"https:\/\/www.evropaelire.org\/a\/abdixhiku-se-pranon-ftesen-kurtit\/33377555.html\">Radio Evropa e Lir\u00eb<\/a><\/span>.<\/span><\/p>\n<p><span style=\"color: #000000;\">N\u00eb nj\u00eb postim n\u00eb Facebook, Abdixhiku tha se kishte pranuar let\u00ebr nga Kurti t\u00eb h\u00ebn\u00ebn, por vendosi ta refuzoj\u00eb takimin me t\u00eb p\u00ebr shkak gjuh\u00ebs s\u00eb kryeministrit n\u00eb detyr\u00eb para dhe gjat\u00eb fushat\u00ebs zgjedhore drejtuar LDK-s\u00eb.<\/span><\/p>\n<p><span style=\"color: #000000;\">\u201cMes \u2018hajvanatit\u2019, \u2018mbytjes s\u00eb LDK-s\u00eb\u2019, \u2018bashk\u00ebpun\u00ebtor\u00ebve t\u00eb Serbis\u00eb\u2019, mes mo\u00e7alit t\u00eb madh t\u00eb p\u00ebshtymave ndaj nesh \u2013 un\u00eb, LDK dhe votuesit tan\u00eb \u2013 nuk e gjejm\u00eb veten as p\u00ebr konsultim\u201d, tha Abdixhiku.<\/span><\/p>\n<p><span style=\"color: #000000;\">Kurti i cil\u00ebsoi partit\u00eb opozitare si \u201chajvan\u00eb\u201d gjat\u00eb fjalimit t\u00eb tij t\u00eb par\u00eb kur e shpalli fitoren mbr\u00ebmjen e 9 shkurtit n\u00eb sheshin kryesor t\u00eb kryeqytetit dhe partia e tij ishte gjobitur gjat\u00eb fushat\u00ebs p\u00ebr\u00a0nxitje t\u00eb urrejtjes ndaj LDK-s\u00eb.<\/span><\/p>\n<p><span style=\"color: #000000;\">\u201cP\u00ebr muaj, e n\u00eb t\u00eb v\u00ebrtet\u00eb p\u00ebr vite t\u00eb t\u00ebra \u2013 para, gjat\u00eb dhe pas fushat\u00ebs \u2013 LDK, an\u00ebtar\u00ebt tan\u00eb dhe votuesit tan\u00eb, kan\u00eb qen\u00eb subjekt i nj\u00eb gjuhe dhe mend\u00ebsie q\u00eb ofendon, p\u00ebr\u00e7an, etiketon dhe sulmon. Nj\u00eb mend\u00ebsi q\u00eb ka goditur thelbin njer\u00ebzor t\u00eb politik\u00ebs \u2013 respektin dhe dinjitetin\u201d, shkroi Abdixhiku.<\/span><\/p>\n<p><span style=\"color: #000000;\">Vet\u00ebvendosje i fitoi zgjedhjet e 9 shkurtit, me rreth 42 p\u00ebr qind t\u00eb votave, apo 48 ul\u00ebse nga 120 sa i ka Kuvendi i Kosov\u00ebs.<\/span><\/p>\n<p><span style=\"color: #000000;\">Por, asaj i nevojit\u00ebn t\u00eb pakt\u00ebn 61 ul\u00ebse p\u00ebr ta formuar qeverin\u00eb e re.<\/span><\/p>\n<p><span style=\"color: #000000;\">LDK-ja doli e treta, duke i fituar 20 ul\u00ebse.<\/span><\/p>\n<p><span style=\"color: #000000;\">Pak dit\u00eb pas p\u00ebrpjekjeve t\u00eb Kurtit p\u00ebr t\u2019i bindur partit\u00eb e pakicave joserbe p\u00ebr ta votuar qeverin\u00eb e tij, n\u00ebnkryetari i L\u00ebvizjes Vet\u00ebvendosje, Glauk Konjufca, tha t\u00eb mart\u00ebn se nuk beson se formimi i qeveris\u00eb s\u00eb re \u00ebsht\u00eb i mundur pa p\u00ebrfshirjen e partive opozitare n\u00eb koalicionin qeveris\u00ebs.<\/span><\/p>\n<p><span style=\"color: #000000;\">LDK-ja vazhdimisht e ka p\u00ebrjashtuar mund\u00ebsin\u00eb e nj\u00eb koalicioni me Vet\u00ebvendosjen e Kurtit.<\/span><\/p>\n<p><span style=\"color: #000000;\">\u201cLDK \u2013 p\u00ebr ta kuptuar mir\u00eb \u2013 u q\u00ebndron besnike vendimeve, bindjeve dhe fjal\u00ebve t\u00eb th\u00ebna para fushat\u00ebs, gjat\u00eb fushat\u00ebs dhe pas fushat\u00ebs. Ndaj t\u00eb gjith\u00ebve \u2013 nj\u00ebsoj\u201d, shtoi ai.<\/span><\/p>\n<p><span style=\"color: #000000;\">Abdixhiku tha se partia e tij e \u201cpret dhe e mb\u00ebshtet\u201d konstituimin e Kuvendit t\u00eb ri t\u00eb Kosov\u00ebs m\u00eb 15 prill.<\/span><\/p>\n<p><span style=\"color: #000000;\">\u201cLDK njeh t\u00eb drejt\u00ebn legjitime, demokratike dhe kushtetuese t\u00eb partis\u00eb s\u00eb par\u00eb p\u00ebr t\u00eb marr\u00eb mandatin p\u00ebr qeverisje. Dhe n\u00eb rast t\u00eb d\u00ebshtimit t\u00eb saj, njeh t\u00eb drejt\u00ebn e secilit p\u00ebr t\u00eb nd\u00ebrtuar shumic\u00ebn. Q\u00ebndrimet tona jan\u00eb t\u00eb qarta\u201d, p\u00ebrfundoi ai.<\/span><\/p>\n<p><span style=\"color: #000000;\">Pas LVV-s\u00eb, n\u00eb zgjedhjet e 9 shkurtit, m\u00eb s\u00eb shumti vota fitoi Partia Demokratike t\u00eb Kosov\u00ebs (PDK) e pastaj LDK-ja.<\/span><\/p>\n<p><span style=\"color: #000000;\">Mandat kan\u00eb siguruar edhe deputet\u00eb nga koalicioni parazgjedhor midis Aleanc\u00ebs p\u00ebr Ardhm\u00ebrin\u00eb e Kosov\u00ebs (AAK) dhe NISMA.<\/span><\/p>\n<p><span style=\"color: #000000;\">Nga t\u00eb gjitha k\u00ebto parti opozitare, \u201cvija t\u00eb kuqe\u201d p\u00ebr koalicion t\u00eb mundsh\u00ebm me LVV-n\u00eb nuk ka vendosur vet\u00ebm Fatmir Limaj, kreu i Nism\u00ebs.<\/span><\/p>\n<p><span style=\"color: #000000;\">PDK-ja dhe AAK-ja kan\u00eb shprehur vullnetin p\u00ebr t\u00eb formuar nj\u00eb qeveri partit\u00eb opozitare s\u00eb bashku, por Abdixhiku \u2013 i cili ishte kandidat i LDK-s\u00eb p\u00ebr\u00a0pozit\u00ebn e kryeministrit\u00a0\u2013 ka th\u00ebn\u00eb edhe m\u00eb her\u00ebt se LDK-ja nuk ka diskutuar me asnj\u00eb parti p\u00ebr mund\u00ebsi t\u00eb tilla.<\/span><\/p>\n<p><span style=\"color: #000000;\">Abdixhiku ka th\u00ebn\u00eb m\u00eb par\u00eb se opsion mund t\u00eb jet\u00eb koalicion me partit\u00eb e tjera opozitare vet\u00ebm n\u00ebse i ofrohet pozita e kryeministrit dhe n\u00ebse arrihet marr\u00ebveshje p\u00ebr postin e presidentit \u2013 pasi presidentes Vjosa Osmani i mbaron mandati n\u00eb prill 2026.<\/span><\/p>\n","protected":false,"gt_translate_keys":[{"key":"rendered","format":"html"}]},"excerpt":{"rendered":"<p>Kryetari i Lidhjes Demokratike t\u00eb Kosov\u00ebs (LDK), Lumir Abdixhiku, njoftoi t\u00eb mart\u00ebn se nuk e ka pranuar ftes\u00ebn e udh\u00ebheq\u00ebsit t\u00eb L\u00ebvizjes Vet\u00ebvendosje dhe kryeministrit n\u00eb detyr\u00eb, Albin Kurti, p\u00ebr takim konsultativ, n\u00eb p\u00ebrpjekje p\u00ebr arritjen e nj\u00eb marr\u00ebveshjeje p\u00ebr koalicion qeveris\u00ebs, p\u00ebrcjell Radio Evropa e Lir\u00eb. N\u00eb nj\u00eb postim n\u00eb Facebook, Abdixhiku tha se [&hellip;]<\/p>\n","protected":false,"gt_translate_keys":[{"key":"rendered","format":"html"}]},"author":32,"featured_media":542217,"comment_status":"closed","ping_status":"open","sticky":false,"template":"","format":"standard","meta":{"footnotes":""},"categories":[149],"tags":[],"class_list":["post-734590","post","type-post","status-publish","format-standard","has-post-thumbnail","hentry","category-kosoverajon"],"gt_translate_keys":[{"key":"link","format":"url"}],"_links":{"self":[{"href":"https:\/\/www.hashtag.al\/index.php\/wp-json\/wp\/v2\/posts\/734590","targetHints":{"allow":["GET"]}}],"collection":[{"href":"https:\/\/www.hashtag.al\/index.php\/wp-json\/wp\/v2\/posts"}],"about":[{"href":"https:\/\/www.hashtag.al\/index.php\/wp-json\/wp\/v2\/types\/post"}],"author":[{"embeddable":true,"href":"https:\/\/www.hashtag.al\/index.php\/wp-json\/wp\/v2\/users\/32"}],"replies":[{"embeddable":true,"href":"https:\/\/www.hashtag.al\/index.php\/wp-json\/wp\/v2\/comments?post=734590"}],"version-history":[{"count":99999,"href":"https:\/\/www.hashtag.al\/index.php\/wp-json\/wp\/v2\/posts\/734590\/revisions"}],"predecessor-version":[{"id":734594,"href":"https:\/\/www.hashtag.al\/index.php\/wp-json\/wp\/v2\/posts\/734590\/revisions\/734594"}],"wp:featuredmedia":[{"embeddable":true,"href":"https:\/\/www.hashtag.al\/index.php\/wp-json\/wp\/v2\/media\/542217"}],"wp:attachment":[{"href":"https:\/\/www.hashtag.al\/index.php\/wp-json\/wp\/v2\/media?parent=734590"}],"wp:term":[{"taxonomy":"category","embeddable":true,"href":"https:\/\/www.hashtag.al\/index.php\/wp-json\/wp\/v2\/categories?post=734590"},{"taxonomy":"post_tag","embeddable":true,"href":"https:\/\/www.hashtag.al\/index.php\/wp-json\/wp\/v2\/tags?post=734590"}],"curies":[{"name":"wp","href":"https:\/\/api.w.org\/{rel}","templated":true}]}}