{"id":734274,"date":"2025-04-07T11:40:20","date_gmt":"2025-04-07T09:40:20","guid":{"rendered":"https:\/\/www.hashtag.al\/?p=734274"},"modified":"2025-04-07T11:40:26","modified_gmt":"2025-04-07T09:40:26","slug":"starmer-pritet-te-shpalle-shpalle-fundin-e-globalizimit","status":"publish","type":"post","link":"https:\/\/www.hashtag.al\/index.php\/2025\/04\/07\/starmer-pritet-te-shpalle-shpalle-fundin-e-globalizimit\/","title":{"rendered":"Starmer pritet t\u00eb shpall\u00eb shpall\u00eb fundin e globalizimit","gt_translate_keys":[{"key":"rendered","format":"text"}]},"content":{"rendered":"<p><a href=\"https:\/\/www.hashtag.al\/index.php\/2025\/04\/07\/starmer-pritet-te-shpalle-shpalle-fundin-e-globalizimit\/starmer-8\/\" rel=\"attachment wp-att-734284\"><img loading=\"lazy\" decoding=\"async\" class=\"aligncenter size-full wp-image-734284\" src=\"https:\/\/www.hashtag.al\/wp-content\/uploads\/2025\/04\/starmer.jpg\" alt=\"\" width=\"768\" height=\"432\" srcset=\"https:\/\/www.hashtag.al\/wp-content\/uploads\/2025\/04\/starmer.jpg 768w, https:\/\/www.hashtag.al\/wp-content\/uploads\/2025\/04\/starmer-300x169.jpg 300w\" sizes=\"auto, (max-width: 768px) 100vw, 768px\" \/><\/a><\/p>\n<p><span style=\"color: #000000;\">Kryeministri britanik Keir Starmer do mbaj\u00eb nj\u00eb fjalim sot ku do pranoj\u00eb se epoka e globalizimit ka marr\u00eb fund, ka raportuar The Times.<\/span><\/p>\n<p><span style=\"color: #000000;\">Starmer do e mbaj\u00eb fjalimin n\u00eb p\u00ebrgjigje t\u00eb Presidentit t\u00eb SHBA Donald Trump q\u00eb vendosi tarifa gjith\u00ebp\u00ebrfshir\u00ebse ndaj shumic\u00ebs s\u00eb partner\u00ebve tregtar\u00eb t\u00eb Amerik\u00ebs, p\u00ebrfshir\u00eb Mbret\u00ebrin\u00eb e Bashkuar, n\u00eb fillim t\u00eb k\u00ebsaj jave.<\/span><\/p>\n<p><span style=\"color: #000000;\">Gazeta tha se kryeministri do thot\u00eb se tarifat jan\u00eb &#8220;t\u00eb gabuara&#8221;, por gjithashtu do theksoj\u00eb se ai e kupton &#8220;nacionalizmin ekonomik&#8221; t\u00eb Trump dhe pse votuesit, t\u00eb cil\u00ebt besojn\u00eb se nuk kan\u00eb par\u00eb p\u00ebrfitime nga tregtia e lir\u00eb dhe emigrimi masiv, e mb\u00ebshtesin at\u00eb, shkruan <span style=\"color: #0000ff;\"><a style=\"color: #0000ff;\" href=\"https:\/\/rtnews.com\/news\/615298-globalization-uk-starmer-trump\/\">Rt<\/a><\/span>.<\/span><\/p>\n<p><span style=\"color: #000000;\">Starmer do theksoj\u00eb gjithashtu se pasojat nga tarifat e SHBA-s\u00eb mbi importet do t\u00eb thot\u00eb se qeveria n\u00eb Lond\u00ebr duhet t\u00eb &#8220;l\u00ebviz\u00eb m\u00eb tej dhe m\u00eb shpejt&#8221; p\u00ebr t\u00eb nxitur rritjen ekonomike n\u00eb vend.<\/span><\/p>\n<p><span style=\"color: #000000;\">Nj\u00eb zyrtar i paidentifikuar i Downing Street tha p\u00ebr The Times se &#8220;bota ka ndryshuar, globalizimi ka mbaruar dhe ne jemi tani n\u00eb nj\u00eb epok\u00eb t\u00eb re&#8221;.<\/span><\/p>\n<p><span style=\"color: #000000;\"><em>\u201cNe duhet t\u00eb tregojm\u00eb se qasja jon\u00eb, nj\u00eb qeveri m\u00eb aktive laburiste, nj\u00eb qeveri m\u00eb reformiste, mund t\u00eb jap\u00eb p\u00ebrgjigjet p\u00ebr njer\u00ebzit n\u00eb \u00e7do pjes\u00eb t\u00eb k\u00ebtij vendi,\u201d<\/em> tha zyrtari.<\/span><\/p>\n<p><span style=\"color: #000000;\">Starmer foli gjithashtu me presidentin francez Emmanuel Macron n\u00eb telefon t\u00eb shtun\u00ebn, me t\u00eb dy udh\u00ebheq\u00ebsit q\u00eb ran\u00eb dakord se &#8220;nj\u00eb luft\u00eb tregtare nuk ishte n\u00eb interesin e askujt, por asgj\u00eb nuk duhet t\u00eb lihej jasht\u00eb tryez\u00ebs&#8221;, sipas njoftimit t\u00eb takimit. Kryeministri britanik nuk po planifikon t\u00eb telefonoj\u00eb Trump n\u00eb lidhje me tarifat.<\/span><\/p>\n","protected":false,"gt_translate_keys":[{"key":"rendered","format":"html"}]},"excerpt":{"rendered":"<p>Kryeministri britanik Keir Starmer do mbaj\u00eb nj\u00eb fjalim sot ku do pranoj\u00eb se epoka e globalizimit ka marr\u00eb fund, ka raportuar The Times. Starmer do e mbaj\u00eb fjalimin n\u00eb p\u00ebrgjigje t\u00eb Presidentit t\u00eb SHBA Donald Trump q\u00eb vendosi tarifa gjith\u00ebp\u00ebrfshir\u00ebse ndaj shumic\u00ebs s\u00eb partner\u00ebve tregtar\u00eb t\u00eb Amerik\u00ebs, p\u00ebrfshir\u00eb Mbret\u00ebrin\u00eb e Bashkuar, n\u00eb fillim t\u00eb k\u00ebsaj [&hellip;]<\/p>\n","protected":false,"gt_translate_keys":[{"key":"rendered","format":"html"}]},"author":51,"featured_media":734284,"comment_status":"closed","ping_status":"open","sticky":false,"template":"","format":"standard","meta":{"footnotes":""},"categories":[53],"tags":[],"class_list":["post-734274","post","type-post","status-publish","format-standard","has-post-thumbnail","hentry","category-fast-foodi"],"gt_translate_keys":[{"key":"link","format":"url"}],"_links":{"self":[{"href":"https:\/\/www.hashtag.al\/index.php\/wp-json\/wp\/v2\/posts\/734274","targetHints":{"allow":["GET"]}}],"collection":[{"href":"https:\/\/www.hashtag.al\/index.php\/wp-json\/wp\/v2\/posts"}],"about":[{"href":"https:\/\/www.hashtag.al\/index.php\/wp-json\/wp\/v2\/types\/post"}],"author":[{"embeddable":true,"href":"https:\/\/www.hashtag.al\/index.php\/wp-json\/wp\/v2\/users\/51"}],"replies":[{"embeddable":true,"href":"https:\/\/www.hashtag.al\/index.php\/wp-json\/wp\/v2\/comments?post=734274"}],"version-history":[{"count":99999,"href":"https:\/\/www.hashtag.al\/index.php\/wp-json\/wp\/v2\/posts\/734274\/revisions"}],"predecessor-version":[{"id":734286,"href":"https:\/\/www.hashtag.al\/index.php\/wp-json\/wp\/v2\/posts\/734274\/revisions\/734286"}],"wp:featuredmedia":[{"embeddable":true,"href":"https:\/\/www.hashtag.al\/index.php\/wp-json\/wp\/v2\/media\/734284"}],"wp:attachment":[{"href":"https:\/\/www.hashtag.al\/index.php\/wp-json\/wp\/v2\/media?parent=734274"}],"wp:term":[{"taxonomy":"category","embeddable":true,"href":"https:\/\/www.hashtag.al\/index.php\/wp-json\/wp\/v2\/categories?post=734274"},{"taxonomy":"post_tag","embeddable":true,"href":"https:\/\/www.hashtag.al\/index.php\/wp-json\/wp\/v2\/tags?post=734274"}],"curies":[{"name":"wp","href":"https:\/\/api.w.org\/{rel}","templated":true}]}}