{"id":734248,"date":"2025-04-07T08:04:47","date_gmt":"2025-04-07T06:04:47","guid":{"rendered":"https:\/\/www.hashtag.al\/?p=734248"},"modified":"2025-04-07T08:04:47","modified_gmt":"2025-04-07T06:04:47","slug":"presidenti-i-sirise-do-te-vizitoje-turqine","status":"publish","type":"post","link":"https:\/\/www.hashtag.al\/index.php\/2025\/04\/07\/presidenti-i-sirise-do-te-vizitoje-turqine\/","title":{"rendered":"Presidenti i Siris\u00eb do t\u00eb vizitoj\u00eb Turqin\u00eb","gt_translate_keys":[{"key":"rendered","format":"text"}]},"content":{"rendered":"<p><span style=\"color: #000000;\"><img loading=\"lazy\" decoding=\"async\" class=\"aligncenter size-full wp-image-734249\" src=\"https:\/\/www.hashtag.al\/wp-content\/uploads\/2025\/04\/cfc368d4-4e55-3b22-b355-5fbd17f295d7_850.jpg\" alt=\"\" width=\"850\" height=\"530\" srcset=\"https:\/\/www.hashtag.al\/wp-content\/uploads\/2025\/04\/cfc368d4-4e55-3b22-b355-5fbd17f295d7_850.jpg 850w, https:\/\/www.hashtag.al\/wp-content\/uploads\/2025\/04\/cfc368d4-4e55-3b22-b355-5fbd17f295d7_850-300x187.jpg 300w, https:\/\/www.hashtag.al\/wp-content\/uploads\/2025\/04\/cfc368d4-4e55-3b22-b355-5fbd17f295d7_850-768x479.jpg 768w\" sizes=\"auto, (max-width: 850px) 100vw, 850px\" \/><\/span><\/p>\n<p><span style=\"color: #000000;\">Presidenti i Siris\u00eb, Ahmed al-Sharaa, pritet t\u00eb realizoj\u00eb vizit\u00ebn e tij t\u00eb par\u00eb zyrtare n\u00eb Emiratet e Bashkuara Arabe, nd\u00ebrkoh\u00eb q\u00eb jav\u00ebn e ardhshme \u00ebsht\u00eb planifikuar t\u00eb udh\u00ebtoj\u00eb edhe drejt Turqis\u00eb.<\/span><\/p>\n<p><span style=\"color: #000000;\"> Lajmi \u00ebsht\u00eb konfirmuar nga Ministria e Jashtme siriane p\u00ebrmes nj\u00eb deklarate zyrtare, duke theksuar se vizitat b\u00ebhen n\u00eb kuad\u00ebr t\u00eb p\u00ebrpjekjeve t\u00eb presidentit p\u00ebr t\u00eb siguruar mb\u00ebshtetje p\u00ebr administrat\u00ebn e re.<\/span><\/p>\n<p><span style=\"color: #000000;\">Sharaa, i cili mori detyr\u00ebn si president n\u00eb muajin janar, ka zhvilluar m\u00eb her\u00ebt nj\u00eb vizit\u00eb n\u00eb Turqi n\u00eb muajin shkurt. Po gjat\u00eb atij muaji, ai udh\u00ebtoi p\u00ebr her\u00eb t\u00eb par\u00eb jasht\u00eb vendit n\u00eb Arabin\u00eb Saudite, duke e b\u00ebr\u00eb Emiratet e Bashkuara Arabe vendin e dyt\u00eb t\u00eb Gjirit q\u00eb ai viziton zyrtarisht, raporton<\/span> <a href=\"https:\/\/www.reuters.com\/world\/middle-east\/syrias-president-visit-turkey-uae-next-week-2025-04-06\/\"><strong>Reuters.<\/strong><\/a><\/p>\n","protected":false,"gt_translate_keys":[{"key":"rendered","format":"html"}]},"excerpt":{"rendered":"<p>Presidenti i Siris\u00eb, Ahmed al-Sharaa, pritet t\u00eb realizoj\u00eb vizit\u00ebn e tij t\u00eb par\u00eb zyrtare n\u00eb Emiratet e Bashkuara Arabe, nd\u00ebrkoh\u00eb q\u00eb jav\u00ebn e ardhshme \u00ebsht\u00eb planifikuar t\u00eb udh\u00ebtoj\u00eb edhe drejt Turqis\u00eb. Lajmi \u00ebsht\u00eb konfirmuar nga Ministria e Jashtme siriane p\u00ebrmes nj\u00eb deklarate zyrtare, duke theksuar se vizitat b\u00ebhen n\u00eb kuad\u00ebr t\u00eb p\u00ebrpjekjeve t\u00eb presidentit p\u00ebr [&hellip;]<\/p>\n","protected":false,"gt_translate_keys":[{"key":"rendered","format":"html"}]},"author":49,"featured_media":734249,"comment_status":"closed","ping_status":"open","sticky":false,"template":"","format":"standard","meta":{"footnotes":""},"categories":[6],"tags":[],"class_list":["post-734248","post","type-post","status-publish","format-standard","has-post-thumbnail","hentry","category-nderkombetare"],"gt_translate_keys":[{"key":"link","format":"url"}],"_links":{"self":[{"href":"https:\/\/www.hashtag.al\/index.php\/wp-json\/wp\/v2\/posts\/734248","targetHints":{"allow":["GET"]}}],"collection":[{"href":"https:\/\/www.hashtag.al\/index.php\/wp-json\/wp\/v2\/posts"}],"about":[{"href":"https:\/\/www.hashtag.al\/index.php\/wp-json\/wp\/v2\/types\/post"}],"author":[{"embeddable":true,"href":"https:\/\/www.hashtag.al\/index.php\/wp-json\/wp\/v2\/users\/49"}],"replies":[{"embeddable":true,"href":"https:\/\/www.hashtag.al\/index.php\/wp-json\/wp\/v2\/comments?post=734248"}],"version-history":[{"count":99999,"href":"https:\/\/www.hashtag.al\/index.php\/wp-json\/wp\/v2\/posts\/734248\/revisions"}],"predecessor-version":[{"id":734250,"href":"https:\/\/www.hashtag.al\/index.php\/wp-json\/wp\/v2\/posts\/734248\/revisions\/734250"}],"wp:featuredmedia":[{"embeddable":true,"href":"https:\/\/www.hashtag.al\/index.php\/wp-json\/wp\/v2\/media\/734249"}],"wp:attachment":[{"href":"https:\/\/www.hashtag.al\/index.php\/wp-json\/wp\/v2\/media?parent=734248"}],"wp:term":[{"taxonomy":"category","embeddable":true,"href":"https:\/\/www.hashtag.al\/index.php\/wp-json\/wp\/v2\/categories?post=734248"},{"taxonomy":"post_tag","embeddable":true,"href":"https:\/\/www.hashtag.al\/index.php\/wp-json\/wp\/v2\/tags?post=734248"}],"curies":[{"name":"wp","href":"https:\/\/api.w.org\/{rel}","templated":true}]}}