{"id":734063,"date":"2025-04-05T22:33:30","date_gmt":"2025-04-05T20:33:30","guid":{"rendered":"https:\/\/www.hashtag.al\/?p=734063"},"modified":"2025-04-06T09:03:44","modified_gmt":"2025-04-06T07:03:44","slug":"musk-kerkon-nje-situate-me-tarifa-zero-dhe-zone-te-lire-tregtare-me-europen","status":"publish","type":"post","link":"https:\/\/www.hashtag.al\/index.php\/2025\/04\/05\/musk-kerkon-nje-situate-me-tarifa-zero-dhe-zone-te-lire-tregtare-me-europen\/","title":{"rendered":"Musk k\u00ebrkon nj\u00eb \u201csituat\u00eb me tarifa zero\u201d dhe \u201czon\u00eb t\u00eb lir\u00eb tregtare\u201d me Europ\u00ebn","gt_translate_keys":[{"key":"rendered","format":"text"}]},"content":{"rendered":"<p><span style=\"color: #000000;\"><img loading=\"lazy\" decoding=\"async\" class=\"aligncenter wp-image-734064 size-large\" src=\"https:\/\/www.hashtag.al\/wp-content\/uploads\/2025\/04\/Screenshot-2025-04-05-215613-1024x567.png\" alt=\"\" width=\"1024\" height=\"567\" srcset=\"https:\/\/www.hashtag.al\/wp-content\/uploads\/2025\/04\/Screenshot-2025-04-05-215613-1024x567.png 1024w, https:\/\/www.hashtag.al\/wp-content\/uploads\/2025\/04\/Screenshot-2025-04-05-215613-300x166.png 300w, https:\/\/www.hashtag.al\/wp-content\/uploads\/2025\/04\/Screenshot-2025-04-05-215613-768x425.png 768w, https:\/\/www.hashtag.al\/wp-content\/uploads\/2025\/04\/Screenshot-2025-04-05-215613-750x415.png 750w, https:\/\/www.hashtag.al\/wp-content\/uploads\/2025\/04\/Screenshot-2025-04-05-215613.png 1187w\" sizes=\"auto, (max-width: 1024px) 100vw, 1024px\" \/><\/span><\/p>\n<p><span style=\"color: #000000;\">Miliarderi i teknologjis\u00eb dhe k\u00ebshilltari i af\u00ebrt i Presidentit Donald Trump, Elon Musk, u shk\u00ebput t\u00eb shtun\u00ebn nga q\u00ebndrimi i presidentit p\u00ebr vendosjen e tarifave t\u00eb gjera ndaj vendeve t\u00eb huaja, duke deklaruar se shpreson t\u00eb shoh\u00eb nj\u00eb \u201csituat\u00eb me tarifa zero\u201d mes Shteteve t\u00eb Bashkuara dhe Europ\u00ebs.<\/span><\/p>\n<p><span style=\"color: #000000;\"><em>\u201cShpresoj q\u00eb t\u00eb arrihet marr\u00ebveshja q\u00eb si Europa, ashtu edhe SHBA-ja t\u00eb kalojn\u00eb, n\u00eb m\u00ebnyr\u00eb ideale sipas mendimit tim, n\u00eb nj\u00eb situat\u00eb me tarifa zero, duke krijuar n\u00eb thelb nj\u00eb zon\u00eb t\u00eb lir\u00eb tregtare midis Europ\u00ebs dhe Amerik\u00ebs s\u00eb Veriut,\u201d<\/em> tha Musk gjat\u00eb fjalimit t\u00eb tij t\u00eb transmetuar drejtp\u00ebrdrejt n\u00eb \u201cKongresin e Lig\u00ebs\u201d, nj\u00eb ngjarje e organizuar nga z\u00ebvend\u00ebskryeministri i krahut t\u00eb djatht\u00eb t\u00eb Italis\u00eb, Matteo Salvini, p\u00ebrcjell <span style=\"color: #0000ff;\"><a style=\"color: #0000ff;\" href=\"https:\/\/www.nbcnews.com\/politics\/politics-news\/elon-musk-zero-tariff-free-trade-zone-europe-rcna199849\">NBC News.<\/a><\/span><\/span><\/p>\n<p><span style=\"color: #000000;\">Musk shtoi gjithashtu: \u201c<em>Kjo \u00ebsht\u00eb ajo q\u00eb shpresoj t\u00eb ndodh\u00eb, dhe gjithashtu t\u00eb ket\u00eb m\u00eb shum\u00eb liri p\u00ebr njer\u00ebzit q\u00eb t\u00eb l\u00ebvizin midis Europ\u00ebs dhe Amerik\u00ebs s\u00eb Veriut n\u00ebse d\u00ebshirojn\u00eb \u2013 n\u00ebse d\u00ebshirojn\u00eb t\u00eb punojn\u00eb n\u00eb Europ\u00eb apo n\u00eb Amerik\u00eb, ata duhet t\u00eb lejohen ta b\u00ebjn\u00eb k\u00ebt\u00eb. Kjo ka qen\u00eb, pa dyshim, k\u00ebshilla ime p\u00ebr presidentin.\u201d<\/em><\/span><\/p>\n<p><span style=\"color: #000000;\">Komentet e Musk-it vijn\u00eb disa dit\u00eb pasi Presidenti Trump njoftoi tarifa t\u00eb reja ndaj disa prej partner\u00ebve m\u00eb t\u00eb m\u00ebdhenj tregtar\u00eb t\u00eb SHBA-s\u00eb. Sipas planit t\u00eb ri, SHBA-ja pritet t\u00eb vendos\u00eb nj\u00eb tarif\u00eb prej 20% ndaj Bashkimit Europian.<\/span><\/p>\n<p><span style=\"color: #000000;\">T\u00eb enjten, nj\u00eb dit\u00eb pas njoftimit t\u00eb tarifave, tregjet financiare ran\u00eb ndjesh\u00ebm: indeksi S&amp;P 500 ra me gati 5%, Dow Jones me 4% dhe Nasdaq me 6%, duke sh\u00ebnuar disa nga r\u00ebniet m\u00eb t\u00eb m\u00ebdha q\u00eb nga fillimi i pandemis\u00eb s\u00eb Covid-19 n\u00eb vitin 2020.<\/span><\/p>\n<p><span style=\"color: #000000;\">Gjat\u00eb nj\u00eb ngjarjeje n\u00eb Sht\u00ebpin\u00eb e Bardh\u00eb t\u00eb m\u00ebrkur\u00ebn, ku u njoftuan tarifat, Trump deklaroi se SHBA-ja ka qen\u00eb e \u201cpla\u00e7kitur, e dhunuar dhe e shfryt\u00ebzuar\u201d nga politikat tregtare t\u00eb vendeve t\u00eb tjera, duke e cil\u00ebsuar periudh\u00ebn e re si \u201cepoka e art\u00eb e Amerik\u00ebs\u201d.<\/span><\/p>\n<p><span style=\"color: #000000;\">N\u00eb nj\u00eb postim n\u00eb platform\u00ebn Truth Social t\u00eb shtun\u00ebn, pas dy dit\u00ebve t\u00eb r\u00ebnieve n\u00eb burs\u00eb, Trump q\u00ebndroi i pal\u00ebkundur n\u00eb q\u00ebndrimin e tij, duke shkruar se Kina \u201c<em>dhe shum\u00eb vende t\u00eb tjera, na kan\u00eb trajtuar n\u00eb m\u00ebnyr\u00eb t\u00eb patolerueshme keq. Ne kemi qen\u00eb thjesht nj\u00eb \u2018post rrahjeje\u2019, budallenjt\u00eb e pafuqish\u00ebm.\u201d<\/em><\/span><\/p>\n<p><span style=\"color: #000000;\"><em>\u201cKY \u00cbSHT\u00cb NJ\u00cb REVOLUCION EKONOMIK, DHE NE DO T\u00cb FITOJM\u00cb. MBAJENI FORT, nuk do t\u00eb jet\u00eb e leht\u00eb, por rezultati p\u00ebrfundimtar do t\u00eb jet\u00eb historik. Ne do ta B\u00cbJM\u00cb AMERIK\u00cbN S\u00cbRISH T\u00cb MADHE!!!\u201d<\/em> shtoi presidenti.<\/span><\/p>\n<p><span style=\"color: #000000;\">Nga ana tjet\u00ebr, lider\u00ebt europian\u00eb kan\u00eb k\u00ebrc\u00ebnuar se do t\u00eb p\u00ebrgjigjen ndaj tarifave t\u00eb reja t\u00eb Trump-it. Presidentja e Komisionit Europian, Ursula von der Leyen, shkroi n\u00eb nj\u00eb postim n\u00eb platform\u00ebn X:<\/span><\/p>\n<p><span style=\"color: #000000;\"><em>\u201cEuropa \u00ebsht\u00eb e p\u00ebrgatitur t\u00eb p\u00ebrgjigjet. Ne gjithmon\u00eb do t\u00eb mbrojm\u00eb interesat dhe vlerat tona. Jemi gjithashtu t\u00eb gatsh\u00ebm t\u00eb angazhohemi. Dhe t\u00eb kalojm\u00eb nga p\u00ebrplasja te negociatat.\u201d<\/em><\/span><\/p>\n<p><span style=\"color: #000000;\">Bashkimi Europian dhe vende t\u00eb tjera t\u00eb prekura nga tarifat kan\u00eb paralajm\u00ebruar se do t\u00eb marrin masa kund\u00ebrp\u00ebrgjigjeje m\u00eb von\u00eb gjat\u00eb k\u00ebtij muaji.<\/span><\/p>\n<p><span style=\"color: #000000;\">Nd\u00ebrkoh\u00eb q\u00eb Trump prej koh\u00ebsh ka kund\u00ebrshtuar tregtin\u00eb e lir\u00eb, Musk shprehu mb\u00ebshtetje p\u00ebr t\u00eb t\u00eb shtun\u00ebn. As Sht\u00ebpia e Bardh\u00eb dhe as vet\u00eb Musk nuk iu p\u00ebrgjigj\u00ebn menj\u00ebher\u00eb k\u00ebrkesave p\u00ebr koment lidhur me k\u00ebt\u00eb \u00e7\u00ebshtje.<\/span><\/p>\n","protected":false,"gt_translate_keys":[{"key":"rendered","format":"html"}]},"excerpt":{"rendered":"<p>Miliarderi i teknologjis\u00eb dhe k\u00ebshilltari i af\u00ebrt i Presidentit Donald Trump, Elon Musk, u shk\u00ebput t\u00eb shtun\u00ebn nga q\u00ebndrimi i presidentit p\u00ebr vendosjen e tarifave t\u00eb gjera ndaj vendeve t\u00eb huaja, duke deklaruar se shpreson t\u00eb shoh\u00eb nj\u00eb \u201csituat\u00eb me tarifa zero\u201d mes Shteteve t\u00eb Bashkuara dhe Europ\u00ebs. \u201cShpresoj q\u00eb t\u00eb arrihet marr\u00ebveshja q\u00eb si [&hellip;]<\/p>\n","protected":false,"gt_translate_keys":[{"key":"rendered","format":"html"}]},"author":32,"featured_media":734064,"comment_status":"closed","ping_status":"open","sticky":false,"template":"","format":"standard","meta":{"footnotes":""},"categories":[22],"tags":[],"class_list":["post-734063","post","type-post","status-publish","format-standard","has-post-thumbnail","hentry","category-ballina"],"gt_translate_keys":[{"key":"link","format":"url"}],"_links":{"self":[{"href":"https:\/\/www.hashtag.al\/index.php\/wp-json\/wp\/v2\/posts\/734063","targetHints":{"allow":["GET"]}}],"collection":[{"href":"https:\/\/www.hashtag.al\/index.php\/wp-json\/wp\/v2\/posts"}],"about":[{"href":"https:\/\/www.hashtag.al\/index.php\/wp-json\/wp\/v2\/types\/post"}],"author":[{"embeddable":true,"href":"https:\/\/www.hashtag.al\/index.php\/wp-json\/wp\/v2\/users\/32"}],"replies":[{"embeddable":true,"href":"https:\/\/www.hashtag.al\/index.php\/wp-json\/wp\/v2\/comments?post=734063"}],"version-history":[{"count":99999,"href":"https:\/\/www.hashtag.al\/index.php\/wp-json\/wp\/v2\/posts\/734063\/revisions"}],"predecessor-version":[{"id":734073,"href":"https:\/\/www.hashtag.al\/index.php\/wp-json\/wp\/v2\/posts\/734063\/revisions\/734073"}],"wp:featuredmedia":[{"embeddable":true,"href":"https:\/\/www.hashtag.al\/index.php\/wp-json\/wp\/v2\/media\/734064"}],"wp:attachment":[{"href":"https:\/\/www.hashtag.al\/index.php\/wp-json\/wp\/v2\/media?parent=734063"}],"wp:term":[{"taxonomy":"category","embeddable":true,"href":"https:\/\/www.hashtag.al\/index.php\/wp-json\/wp\/v2\/categories?post=734063"},{"taxonomy":"post_tag","embeddable":true,"href":"https:\/\/www.hashtag.al\/index.php\/wp-json\/wp\/v2\/tags?post=734063"}],"curies":[{"name":"wp","href":"https:\/\/api.w.org\/{rel}","templated":true}]}}