{"id":733343,"date":"2025-04-02T09:29:20","date_gmt":"2025-04-02T07:29:20","guid":{"rendered":"https:\/\/www.hashtag.al\/?p=733343"},"modified":"2025-04-02T09:29:20","modified_gmt":"2025-04-02T07:29:20","slug":"basha-per-masakren-e-2-prillit-91-plage-e-padrejtesise-kujtese-e-perhershme-se-liria-dhe-demokracia-nuk-falen","status":"publish","type":"post","link":"https:\/\/www.hashtag.al\/index.php\/2025\/04\/02\/basha-per-masakren-e-2-prillit-91-plage-e-padrejtesise-kujtese-e-perhershme-se-liria-dhe-demokracia-nuk-falen\/","title":{"rendered":"Basha p\u00ebr masakr\u00ebn e 2 prillit \u201991: Plag\u00eb e padrejt\u00ebsis\u00eb, kujtes\u00eb e p\u00ebrhershme se liria dhe demokracia nuk falen","gt_translate_keys":[{"key":"rendered","format":"text"}]},"content":{"rendered":"<p><span style=\"color: #000000;\"><img loading=\"lazy\" decoding=\"async\" class=\"size-full wp-image-732066 aligncenter\" src=\"https:\/\/www.hashtag.al\/wp-content\/uploads\/2025\/03\/basha2.png\" alt=\"\" width=\"1075\" height=\"516\" srcset=\"https:\/\/www.hashtag.al\/wp-content\/uploads\/2025\/03\/basha2.png 1075w, https:\/\/www.hashtag.al\/wp-content\/uploads\/2025\/03\/basha2-300x144.png 300w, https:\/\/www.hashtag.al\/wp-content\/uploads\/2025\/03\/basha2-1024x492.png 1024w, https:\/\/www.hashtag.al\/wp-content\/uploads\/2025\/03\/basha2-768x369.png 768w\" sizes=\"auto, (max-width: 1075px) 100vw, 1075px\" \/><\/span><\/p>\n<p style=\"text-align: left;\"><span style=\"color: #000000;\">Kreu i Koalicionit Euroatlantik, Lulzim Basha, ka p\u00ebrkujtuar sot kat\u00ebr t\u00eb rinjt\u00eb e r\u00ebn\u00eb n\u00eb Shkod\u00ebr m\u00eb 2 prill 1991, Arben Brocin, Bujar Bishanakun, Nazmi Kryeziun dhe Besnik Cek\u00ebn, t\u00eb vrar\u00eb nga regjimi komunist n\u00eb p\u00ebrpjekjen p\u00ebr t\u00eb shtypur thirrjet p\u00ebr liri.<\/span><\/p>\n<p style=\"text-align: left;\"><span style=\"color: #000000;\">N\u00eb nj\u00eb postim n\u00eb rrjetet sociale, Basha i cil\u00ebsoi ato t\u00eb sht\u00ebna si p\u00ebrp\u00eblitjet e fundit t\u00eb nj\u00eb regjimi n\u00eb agoni dhe 2 Prillin si nj\u00eb simbol t\u00eb q\u00ebndres\u00ebs dhe guximit q\u00eb soll\u00ebn demokracin\u00eb.<\/span><\/p>\n<p style=\"text-align: left;\"><span style=\"color: #000000;\">Ai shprehu lavdi p\u00ebr martir\u00ebt dhe vler\u00ebsoi Shkodr\u00ebn, q\u00eb sipas tij, nuk u p\u00ebrkul kurr\u00eb p\u00ebrball\u00eb diktatur\u00ebs.<em> \u201cLiria dhe demokracia nuk falen, ato fitohen me q\u00ebndres\u00eb dhe guxim,\u201d<\/em> theksoi Basha n\u00eb mesazhin e tij.<\/span><\/p>\n<p style=\"text-align: left;\"><span style=\"color: #000000;\"><strong>Postimi i plot\u00eb i Bash\u00ebs:<\/strong><\/span><\/p>\n<p style=\"text-align: left;\"><span style=\"color: #000000;\"><em>Sot p\u00ebrkujtojm\u00eb me nderim dhe dhimbje kat\u00ebr t\u00eb rinjt\u00eb e r\u00ebn\u00eb n\u00eb Shkod\u00ebr m\u00eb 2 prill 1991, Arben Brocin, Bujar Bishanakun, Nazmi Kryeziun dhe Besnik Cek\u00ebn, q\u00eb u vran\u00eb nga regjimi komunist, sepse guxuan t\u2019i thon\u00eb diktatur\u00ebs se koha e saj kishte marr\u00eb fund.<\/em><\/span><\/p>\n<p style=\"text-align: left;\"><span style=\"color: #000000;\"><em>Ato t\u00eb sht\u00ebna nuk ishin thjesht krim, ishin p\u00ebrp\u00eblitjet e fundit t\u00eb nj\u00eb regjimi n\u00eb agoni p\u00ebrball\u00eb nj\u00eb populli q\u00eb kishte zgjedhur lirin\u00eb dhe Per\u00ebndimin.<\/em><\/span><\/p>\n<p style=\"text-align: left;\"><span style=\"color: #000000;\"><em>Shkodra at\u00eb dit\u00eb nuk u gjunj\u00ebzua, Shqip\u00ebria at\u00eb dit\u00eb u ngrit!<\/em><\/span><\/p>\n<p style=\"text-align: left;\"><span style=\"color: #000000;\"><em>2 Prilli nuk \u00ebsht\u00eb vet\u00ebm nj\u00eb plag\u00eb e padrejt\u00ebsis\u00eb, por edhe nj\u00eb kujtes\u00eb e p\u00ebrhershme se liria dhe demokracia nuk falen, ato fitohen me q\u00ebndres\u00eb dhe guxim.<\/em><\/span><\/p>\n<p style=\"text-align: left;\"><span style=\"color: #000000;\"><em>Sot, kjo p\u00ebrpjekje vazhdon. Dhe n\u00eb \u00e7do hap q\u00eb hedhim p\u00ebr ndryshim, n\u00eb \u00e7do betej\u00eb q\u00eb b\u00ebjm\u00eb p\u00ebr drejt\u00ebsi, liri dhe dinjitet, kemi n\u00eb zem\u00ebr sakrific\u00ebn e tyre.<\/em><\/span><\/p>\n<p style=\"text-align: left;\"><span style=\"color: #000000;\"><em>Lavdi p\u00ebrjet\u00eb martir\u00ebve t\u00eb 2 Prillit!<\/em><\/span><\/p>\n<p style=\"text-align: left;\"><span style=\"color: #000000;\"><em>Nderim Shkodr\u00ebs q\u00eb nuk u p\u00ebrkul kurr\u00eb!<\/em><\/span><\/p>\n","protected":false,"gt_translate_keys":[{"key":"rendered","format":"html"}]},"excerpt":{"rendered":"<p>Kreu i Koalicionit Euroatlantik, Lulzim Basha, ka p\u00ebrkujtuar sot kat\u00ebr t\u00eb rinjt\u00eb e r\u00ebn\u00eb n\u00eb Shkod\u00ebr m\u00eb 2 prill 1991, Arben Brocin, Bujar Bishanakun, Nazmi Kryeziun dhe Besnik Cek\u00ebn, t\u00eb vrar\u00eb nga regjimi komunist n\u00eb p\u00ebrpjekjen p\u00ebr t\u00eb shtypur thirrjet p\u00ebr liri. N\u00eb nj\u00eb postim n\u00eb rrjetet sociale, Basha i cil\u00ebsoi ato t\u00eb sht\u00ebna si [&hellip;]<\/p>\n","protected":false,"gt_translate_keys":[{"key":"rendered","format":"html"}]},"author":49,"featured_media":732066,"comment_status":"closed","ping_status":"open","sticky":false,"template":"","format":"standard","meta":{"footnotes":""},"categories":[65],"tags":[],"class_list":["post-733343","post","type-post","status-publish","format-standard","has-post-thumbnail","hentry","category-lajme"],"gt_translate_keys":[{"key":"link","format":"url"}],"_links":{"self":[{"href":"https:\/\/www.hashtag.al\/index.php\/wp-json\/wp\/v2\/posts\/733343","targetHints":{"allow":["GET"]}}],"collection":[{"href":"https:\/\/www.hashtag.al\/index.php\/wp-json\/wp\/v2\/posts"}],"about":[{"href":"https:\/\/www.hashtag.al\/index.php\/wp-json\/wp\/v2\/types\/post"}],"author":[{"embeddable":true,"href":"https:\/\/www.hashtag.al\/index.php\/wp-json\/wp\/v2\/users\/49"}],"replies":[{"embeddable":true,"href":"https:\/\/www.hashtag.al\/index.php\/wp-json\/wp\/v2\/comments?post=733343"}],"version-history":[{"count":99999,"href":"https:\/\/www.hashtag.al\/index.php\/wp-json\/wp\/v2\/posts\/733343\/revisions"}],"predecessor-version":[{"id":733344,"href":"https:\/\/www.hashtag.al\/index.php\/wp-json\/wp\/v2\/posts\/733343\/revisions\/733344"}],"wp:featuredmedia":[{"embeddable":true,"href":"https:\/\/www.hashtag.al\/index.php\/wp-json\/wp\/v2\/media\/732066"}],"wp:attachment":[{"href":"https:\/\/www.hashtag.al\/index.php\/wp-json\/wp\/v2\/media?parent=733343"}],"wp:term":[{"taxonomy":"category","embeddable":true,"href":"https:\/\/www.hashtag.al\/index.php\/wp-json\/wp\/v2\/categories?post=733343"},{"taxonomy":"post_tag","embeddable":true,"href":"https:\/\/www.hashtag.al\/index.php\/wp-json\/wp\/v2\/tags?post=733343"}],"curies":[{"name":"wp","href":"https:\/\/api.w.org\/{rel}","templated":true}]}}