{"id":733330,"date":"2025-04-02T08:30:29","date_gmt":"2025-04-02T06:30:29","guid":{"rendered":"https:\/\/www.hashtag.al\/?p=733330"},"modified":"2025-04-02T08:30:29","modified_gmt":"2025-04-02T06:30:29","slug":"vritet-me-arme-zjarri-efektivi-i-policise-se-kosoves-ne-kacanik","status":"publish","type":"post","link":"https:\/\/www.hashtag.al\/index.php\/2025\/04\/02\/vritet-me-arme-zjarri-efektivi-i-policise-se-kosoves-ne-kacanik\/","title":{"rendered":"Vritet me arm\u00eb zjarri efektivi i Policis\u00eb s\u00eb Kosov\u00ebs n\u00eb Ka\u00e7anik","gt_translate_keys":[{"key":"rendered","format":"text"}]},"content":{"rendered":"<p><span style=\"color: #000000;\"><img loading=\"lazy\" decoding=\"async\" class=\"aligncenter size-full wp-image-733331\" src=\"https:\/\/www.hashtag.al\/wp-content\/uploads\/2025\/04\/Capture-15-600x346-1.jpg\" alt=\"\" width=\"600\" height=\"346\" srcset=\"https:\/\/www.hashtag.al\/wp-content\/uploads\/2025\/04\/Capture-15-600x346-1.jpg 600w, https:\/\/www.hashtag.al\/wp-content\/uploads\/2025\/04\/Capture-15-600x346-1-300x173.jpg 300w, https:\/\/www.hashtag.al\/wp-content\/uploads\/2025\/04\/Capture-15-600x346-1-250x145.jpg 250w\" sizes=\"auto, (max-width: 600px) 100vw, 600px\" \/><\/span><\/p>\n<p class=\"\" data-start=\"61\" data-end=\"275\"><span style=\"color: #000000;\">Nj\u00eb pjes\u00ebtar i Policis\u00eb s\u00eb Kosov\u00ebs \u00ebsht\u00eb vrar\u00eb mbr\u00ebmjen e s\u00eb mart\u00ebs, si pasoj\u00eb e plag\u00ebve t\u00eb marra nga t\u00eb sht\u00ebnat me arm\u00eb zjarri. Ngjarja ka ndodhur rreth or\u00ebs 23:00, n\u00eb rrug\u00ebn \u201cIdriz Seferi\u201d n\u00eb Ka\u00e7anik.<\/span><\/p>\n<p class=\"\" data-start=\"277\" data-end=\"447\"><span style=\"color: #000000;\">Z\u00ebdh\u00ebn\u00ebsi i Policis\u00eb p\u00ebr Rajonin e Ferizajt, Kanun Veseli, ka konfirmuar rastin, duke b\u00ebr\u00eb t\u00eb ditur se viktima u gjet i plagosur r\u00ebnd\u00eb pran\u00eb hyrjes s\u00eb nd\u00ebrtes\u00ebs s\u00eb tij.<\/span><\/p>\n<p><em style=\"color: #000000;\">\u201cKemi pranuar nj\u00eb informacion se nj\u00eb person \u00ebsht\u00eb plagosur dhe gjendet n\u00eb gjendje t\u00eb r\u00ebnd\u00eb n\u00eb hyrje t\u00eb nd\u00ebrtes\u00ebs s\u00eb tij, n\u00eb rrug\u00ebn \u201cIdriz Seferi\u201d n\u00eb Ka\u00e7anik.<\/em><\/p>\n<p><span style=\"color: #000000;\"><em>N\u00eb vendngjarje, p\u00ebrve\u00e7 nj\u00ebsive policore, ka dal\u00eb edhe ekipi i emergjenc\u00ebs s\u00eb Ka\u00e7anikut, t\u00eb cil\u00ebt e kan\u00eb transportuar n\u00eb Qendr\u00ebn e Mjek\u00ebsis\u00eb n\u00eb Ka\u00e7anik.<\/em><\/span><\/p>\n<p><span style=\"color: #000000;\"><em> Si pasoj\u00eb e plag\u00ebve t\u00eb marra, pjes\u00ebtari i Policis\u00eb ka nd\u00ebrruar jet\u00eb, kjo \u00ebsht\u00eb konstatuar nga mjek\u00ebt n\u00eb k\u00ebt\u00eb qend\u00ebr\u201d,<\/em> ka deklaruar Veseli.<\/span><\/p>\n<p><span style=\"color: #000000;\">Mediat vendase raportojn\u00eb se b\u00ebhet fjal\u00eb p\u00ebr efektivin Muhamet Lika, nd\u00ebrsa ende nuk dihen rrethanat e plota t\u00eb ngjarjes.<img loading=\"lazy\" decoding=\"async\" src=\"https:\/\/ads.balkanweb.com\/www\/delivery\/lg.php?bannerid=0&amp;campaignid=0&amp;zoneid=629&amp;loc=https%3A%2F%2Fwww.balkanweb.com%2Femri-foto-u-qellua-me-arme-prane-baneses-nderron-jete-efektivi-ne-kosove%2F&amp;referer=https%3A%2F%2Fwww.balkanweb.com%2F&amp;cb=d8a7c37121\" alt=\"\" width=\"0\" height=\"0\" \/><\/span><\/p>\n<p>&nbsp;<\/p>\n<p>&nbsp;<\/p>\n","protected":false,"gt_translate_keys":[{"key":"rendered","format":"html"}]},"excerpt":{"rendered":"<p>Nj\u00eb pjes\u00ebtar i Policis\u00eb s\u00eb Kosov\u00ebs \u00ebsht\u00eb vrar\u00eb mbr\u00ebmjen e s\u00eb mart\u00ebs, si pasoj\u00eb e plag\u00ebve t\u00eb marra nga t\u00eb sht\u00ebnat me arm\u00eb zjarri. Ngjarja ka ndodhur rreth or\u00ebs 23:00, n\u00eb rrug\u00ebn \u201cIdriz Seferi\u201d n\u00eb Ka\u00e7anik. Z\u00ebdh\u00ebn\u00ebsi i Policis\u00eb p\u00ebr Rajonin e Ferizajt, Kanun Veseli, ka konfirmuar rastin, duke b\u00ebr\u00eb t\u00eb ditur se viktima u [&hellip;]<\/p>\n","protected":false,"gt_translate_keys":[{"key":"rendered","format":"html"}]},"author":49,"featured_media":733331,"comment_status":"closed","ping_status":"open","sticky":false,"template":"","format":"standard","meta":{"footnotes":""},"categories":[149,65],"tags":[],"class_list":["post-733330","post","type-post","status-publish","format-standard","has-post-thumbnail","hentry","category-kosoverajon","category-lajme"],"gt_translate_keys":[{"key":"link","format":"url"}],"_links":{"self":[{"href":"https:\/\/www.hashtag.al\/index.php\/wp-json\/wp\/v2\/posts\/733330","targetHints":{"allow":["GET"]}}],"collection":[{"href":"https:\/\/www.hashtag.al\/index.php\/wp-json\/wp\/v2\/posts"}],"about":[{"href":"https:\/\/www.hashtag.al\/index.php\/wp-json\/wp\/v2\/types\/post"}],"author":[{"embeddable":true,"href":"https:\/\/www.hashtag.al\/index.php\/wp-json\/wp\/v2\/users\/49"}],"replies":[{"embeddable":true,"href":"https:\/\/www.hashtag.al\/index.php\/wp-json\/wp\/v2\/comments?post=733330"}],"version-history":[{"count":99999,"href":"https:\/\/www.hashtag.al\/index.php\/wp-json\/wp\/v2\/posts\/733330\/revisions"}],"predecessor-version":[{"id":733332,"href":"https:\/\/www.hashtag.al\/index.php\/wp-json\/wp\/v2\/posts\/733330\/revisions\/733332"}],"wp:featuredmedia":[{"embeddable":true,"href":"https:\/\/www.hashtag.al\/index.php\/wp-json\/wp\/v2\/media\/733331"}],"wp:attachment":[{"href":"https:\/\/www.hashtag.al\/index.php\/wp-json\/wp\/v2\/media?parent=733330"}],"wp:term":[{"taxonomy":"category","embeddable":true,"href":"https:\/\/www.hashtag.al\/index.php\/wp-json\/wp\/v2\/categories?post=733330"},{"taxonomy":"post_tag","embeddable":true,"href":"https:\/\/www.hashtag.al\/index.php\/wp-json\/wp\/v2\/tags?post=733330"}],"curies":[{"name":"wp","href":"https:\/\/api.w.org\/{rel}","templated":true}]}}