{"id":733260,"date":"2025-04-01T20:52:44","date_gmt":"2025-04-01T18:52:44","guid":{"rendered":"https:\/\/www.hashtag.al\/?p=733260"},"modified":"2025-04-01T20:52:44","modified_gmt":"2025-04-01T18:52:44","slug":"ambasada-e-shba-uron-shqiperine-per-16-vjetorin-e-anetaresimit-ne-nato","status":"publish","type":"post","link":"https:\/\/www.hashtag.al\/index.php\/2025\/04\/01\/ambasada-e-shba-uron-shqiperine-per-16-vjetorin-e-anetaresimit-ne-nato\/","title":{"rendered":"Ambasada e SHBA uron Shqip\u00ebrin\u00eb p\u00ebr 16-vjetorin e an\u00ebtar\u00ebsimit n\u00eb NATO","gt_translate_keys":[{"key":"rendered","format":"text"}]},"content":{"rendered":"<p><span style=\"color: #000000;\"><img decoding=\"async\" src=\"https:\/\/www.hashtag.al\/wp-content\/uploads\/2025\/03\/flamuj-shqiperi-shba-600x600.jpg\" \/><\/span><\/p>\n<p><span style=\"color: #000000;\">Ambasada e SHBA-ve n\u00eb Tiran\u00eb ka uruar Shqip\u00ebrin\u00eb p\u00ebr 16-vjetorin e an\u00ebtar\u00ebsimit n\u00eb NATO p\u00ebrmes nj\u00eb postimi n\u00eb rrjetet sociale, duke theksuar r\u00ebnd\u00ebsin\u00eb e bashk\u00ebpunimit p\u00ebr paqen dhe sigurin\u00eb.<\/span><\/p>\n<p><span style=\"color: #000000;\"><em>&#8220;Urime Shqip\u00ebris\u00eb n\u00eb 16-vjetorin e an\u00ebtar\u00ebsimit n\u00eb NATO m\u00eb 1 Prill 2009. S\u00eb bashku mund t\u00eb arrijm\u00eb paqen p\u00ebrmes forc\u00ebs&#8221;<\/em>, shkruan ambasada amerikane n\u00eb Facebook.<\/span><\/p>\n<p><span style=\"color: #000000;\">Shqip\u00ebria u b\u00eb an\u00ebtare e NATO-s m\u00eb 1 prill 2009, nd\u00ebrsa Maqedonia e Veriut iu bashkua aleanc\u00ebs m\u00eb 27 mars 2020, duke u b\u00ebr\u00eb an\u00ebtari i 30-t\u00eb.<\/span><\/p>\n<p><iframe loading=\"lazy\" style=\"border: none; overflow: hidden;\" src=\"https:\/\/www.facebook.com\/plugins\/post.php?href=https%3A%2F%2Fweb.facebook.com%2Fusembassytirana%2Fposts%2Fpfbid0TX7ArvhXM3dJ4BPG4iocmsT1jWUYmzWijvDerGrujsC5TpAktKeisBA8dmkSdWoTl&amp;show_text=true&amp;width=500\" width=\"500\" height=\"250\" frameborder=\"0\" scrolling=\"no\" allowfullscreen=\"allowfullscreen\"><\/iframe><\/p>\n","protected":false,"gt_translate_keys":[{"key":"rendered","format":"html"}]},"excerpt":{"rendered":"<p>Ambasada e SHBA-ve n\u00eb Tiran\u00eb ka uruar Shqip\u00ebrin\u00eb p\u00ebr 16-vjetorin e an\u00ebtar\u00ebsimit n\u00eb NATO p\u00ebrmes nj\u00eb postimi n\u00eb rrjetet sociale, duke theksuar r\u00ebnd\u00ebsin\u00eb e bashk\u00ebpunimit p\u00ebr paqen dhe sigurin\u00eb. &#8220;Urime Shqip\u00ebris\u00eb n\u00eb 16-vjetorin e an\u00ebtar\u00ebsimit n\u00eb NATO m\u00eb 1 Prill 2009. S\u00eb bashku mund t\u00eb arrijm\u00eb paqen p\u00ebrmes forc\u00ebs&#8221;, shkruan ambasada amerikane n\u00eb Facebook. Shqip\u00ebria [&hellip;]<\/p>\n","protected":false,"gt_translate_keys":[{"key":"rendered","format":"html"}]},"author":32,"featured_media":728703,"comment_status":"closed","ping_status":"open","sticky":false,"template":"","format":"standard","meta":{"footnotes":""},"categories":[65],"tags":[],"class_list":["post-733260","post","type-post","status-publish","format-standard","has-post-thumbnail","hentry","category-lajme"],"gt_translate_keys":[{"key":"link","format":"url"}],"_links":{"self":[{"href":"https:\/\/www.hashtag.al\/index.php\/wp-json\/wp\/v2\/posts\/733260","targetHints":{"allow":["GET"]}}],"collection":[{"href":"https:\/\/www.hashtag.al\/index.php\/wp-json\/wp\/v2\/posts"}],"about":[{"href":"https:\/\/www.hashtag.al\/index.php\/wp-json\/wp\/v2\/types\/post"}],"author":[{"embeddable":true,"href":"https:\/\/www.hashtag.al\/index.php\/wp-json\/wp\/v2\/users\/32"}],"replies":[{"embeddable":true,"href":"https:\/\/www.hashtag.al\/index.php\/wp-json\/wp\/v2\/comments?post=733260"}],"version-history":[{"count":99999,"href":"https:\/\/www.hashtag.al\/index.php\/wp-json\/wp\/v2\/posts\/733260\/revisions"}],"predecessor-version":[{"id":733261,"href":"https:\/\/www.hashtag.al\/index.php\/wp-json\/wp\/v2\/posts\/733260\/revisions\/733261"}],"wp:featuredmedia":[{"embeddable":true,"href":"https:\/\/www.hashtag.al\/index.php\/wp-json\/wp\/v2\/media\/728703"}],"wp:attachment":[{"href":"https:\/\/www.hashtag.al\/index.php\/wp-json\/wp\/v2\/media?parent=733260"}],"wp:term":[{"taxonomy":"category","embeddable":true,"href":"https:\/\/www.hashtag.al\/index.php\/wp-json\/wp\/v2\/categories?post=733260"},{"taxonomy":"post_tag","embeddable":true,"href":"https:\/\/www.hashtag.al\/index.php\/wp-json\/wp\/v2\/tags?post=733260"}],"curies":[{"name":"wp","href":"https:\/\/api.w.org\/{rel}","templated":true}]}}