{"id":733152,"date":"2025-04-01T11:38:21","date_gmt":"2025-04-01T09:38:21","guid":{"rendered":"https:\/\/www.hashtag.al\/?p=733152"},"modified":"2025-04-01T11:38:21","modified_gmt":"2025-04-01T09:38:21","slug":"pd-do-te-mbeshtese-prodhimin-shqiptar-dhe-eksportet-berisha","status":"publish","type":"post","link":"https:\/\/www.hashtag.al\/index.php\/2025\/04\/01\/pd-do-te-mbeshtese-prodhimin-shqiptar-dhe-eksportet-berisha\/","title":{"rendered":"\u201cPD do t\u00eb mb\u00ebshtes\u00eb prodhimin shqiptar dhe eksportet\u201d -Berisha","gt_translate_keys":[{"key":"rendered","format":"text"}]},"content":{"rendered":"<div id=\"MDA34416\" class=\"\" data-adid=\"mdabalkanweb121885\" data-netid=\"137356148\" data-sizes=\"300x250\" data-google-query-id=\"CPWA9pPEtowDFQ2-_QcdzPsxJg\">\n<div id=\"google_ads_iframe_\/137356148\/mdabalkanweb121885_0__container__\">\n<p><span style=\"color: #000000;\"><img loading=\"lazy\" decoding=\"async\" class=\"aligncenter size-full wp-image-733153\" src=\"https:\/\/www.hashtag.al\/wp-content\/uploads\/2025\/04\/dsfgdsgdfsg-768x430-1.jpg\" alt=\"\" width=\"768\" height=\"430\" srcset=\"https:\/\/www.hashtag.al\/wp-content\/uploads\/2025\/04\/dsfgdsgdfsg-768x430-1.jpg 768w, https:\/\/www.hashtag.al\/wp-content\/uploads\/2025\/04\/dsfgdsgdfsg-768x430-1-300x168.jpg 300w\" sizes=\"auto, (max-width: 768px) 100vw, 768px\" \/><\/span><\/p>\n<p><span style=\"color: #000000;\">Kreu i Partis\u00eb Demokratike, Sali Berisha, zhvilloi nj\u00eb takim me p\u00ebrfaq\u00ebsues t\u00eb sektorit t\u00eb fasoneris\u00eb n\u00eb Durr\u00ebs, ku prezantoi programin ekonomik t\u00eb PD-s\u00eb p\u00ebr mb\u00ebshtetjen e bizneseve prodhuese dhe eksportuese.<\/span><\/p>\n<p><span style=\"color: #000000;\">Gjat\u00eb takimit, Berisha u ndal te sfidat me t\u00eb cilat p\u00ebrballen k\u00ebto biznese dhe premtoi masa konkrete p\u00ebr leht\u00ebsimin e barr\u00ebs fiskale dhe rritjen e konkurrueshm\u00ebris\u00eb n\u00eb tregjet nd\u00ebrkomb\u00ebtare.<\/span><\/p>\n<\/div>\n<\/div>\n<p><span style=\"color: #000000;\"><em>\u201cK\u00ebto zgjedhje jan\u00eb para s\u00eb gjithash p\u00ebr ekonomin\u00eb. Ne kemi p\u00ebrcaktuar Made in Albania si krenaria komb\u00ebtare. <\/em><\/span><\/p>\n<p><span style=\"color: #000000;\"><em>Do b\u00ebjm\u00eb gjith\u00e7ka t\u00eb mb\u00ebshtesim prodhimin shqiptar dhe t\u00eb b\u00ebjm\u00eb gjith\u00e7ka p\u00ebr suksesin e sip\u00ebrmarr\u00ebsit shqiptar. <\/em><\/span><\/p>\n<p><span style=\"color: #000000;\"><em>T\u00eb leht\u00ebsojm\u00eb barr\u00ebn fiskale, t\u00eb mbrojm\u00eb eksportet. Ju jeni sip\u00ebrmarrje e eksportit, e kuptoj v\u00ebshtir\u00ebsin\u00eb q\u00eb ju krijon narko-euroja.<\/em><\/span><\/p>\n<p><span style=\"color: #000000;\"><em> Kjo \u00ebsht\u00eb v\u00ebshtir\u00ebsi. Ata sjellin kontejner\u00eb me eurot e drog\u00ebs dhe rr\u00ebzojn\u00eb euron n\u00eb Shqip\u00ebri. Sip\u00ebrmarrjet p\u00ebr shkak t\u00eb r\u00ebnies dramatike t\u00eb kursit t\u00eb k\u00ebmbimit shkojn\u00eb drejt falimentimit. Qeveria do t\u00eb kompensoj\u00eb \u00e7do qindarke t\u00eb kursit t\u00eb euros p\u00ebr eksportuesit, q\u00eb do t\u2019i b\u00ebj\u00eb ata q\u00eb punojn\u00eb n\u00eb kushte m\u00eb t\u00eb sigurta.<\/em><\/span><\/p>\n<p><span style=\"color: #000000;\"><em>Me g\u00ebrsh\u00ebr\u00ebt e ligjit ne do u presim rrug\u00ebn t\u00eb gjith\u00eb dyndjes s\u00eb kokain\u00ebs dhe parave t\u00eb kokain\u00ebs p\u00ebr t\u00eb cilat nuk ka nevoj\u00eb ekonomia shqitpare. <\/em><\/span><\/p>\n<p><span style=\"color: #000000;\"><em>Ekonomia ka nevoj\u00eb p\u00ebr prodhim. Prodhimi n\u00eb Shqip\u00ebri po bie cdo vit dhe \u00ebsht\u00eb e dhimbshme sepse shoq\u00ebrohet me r\u00ebnien e pun\u00ebsimit. <\/em><\/span><\/p>\n<p><span style=\"color: #000000;\"><em>Energjia elektrike do t\u00eb paguhet me 6 lek\u00eb. Shqip\u00ebria do ket\u00eb \u00e7mimin m\u00eb t\u00eb lir\u00eb t\u00eb energjis\u00eb p\u00ebr biznesin n\u00eb Evrop\u00eb. E kemi patur dhe do e rikthejm\u00eb. Ne do t\u2019i p\u00ebrmbahemi taks\u00ebs 10%, p\u00ebr ne ajo \u00ebsht\u00eb taksa m\u00eb e drejt\u00eb dhe funksionon shum\u00eb m\u00eb mir\u00eb\u201d<\/em>, tha Berisha.<\/span><\/p>\n","protected":false,"gt_translate_keys":[{"key":"rendered","format":"html"}]},"excerpt":{"rendered":"<p>Kreu i Partis\u00eb Demokratike, Sali Berisha, zhvilloi nj\u00eb takim me p\u00ebrfaq\u00ebsues t\u00eb sektorit t\u00eb fasoneris\u00eb n\u00eb Durr\u00ebs, ku prezantoi programin ekonomik t\u00eb PD-s\u00eb p\u00ebr mb\u00ebshtetjen e bizneseve prodhuese dhe eksportuese. Gjat\u00eb takimit, Berisha u ndal te sfidat me t\u00eb cilat p\u00ebrballen k\u00ebto biznese dhe premtoi masa konkrete p\u00ebr leht\u00ebsimin e barr\u00ebs fiskale dhe rritjen e [&hellip;]<\/p>\n","protected":false,"gt_translate_keys":[{"key":"rendered","format":"html"}]},"author":49,"featured_media":733153,"comment_status":"closed","ping_status":"open","sticky":false,"template":"","format":"standard","meta":{"footnotes":""},"categories":[65],"tags":[],"class_list":["post-733152","post","type-post","status-publish","format-standard","has-post-thumbnail","hentry","category-lajme"],"gt_translate_keys":[{"key":"link","format":"url"}],"_links":{"self":[{"href":"https:\/\/www.hashtag.al\/index.php\/wp-json\/wp\/v2\/posts\/733152","targetHints":{"allow":["GET"]}}],"collection":[{"href":"https:\/\/www.hashtag.al\/index.php\/wp-json\/wp\/v2\/posts"}],"about":[{"href":"https:\/\/www.hashtag.al\/index.php\/wp-json\/wp\/v2\/types\/post"}],"author":[{"embeddable":true,"href":"https:\/\/www.hashtag.al\/index.php\/wp-json\/wp\/v2\/users\/49"}],"replies":[{"embeddable":true,"href":"https:\/\/www.hashtag.al\/index.php\/wp-json\/wp\/v2\/comments?post=733152"}],"version-history":[{"count":99999,"href":"https:\/\/www.hashtag.al\/index.php\/wp-json\/wp\/v2\/posts\/733152\/revisions"}],"predecessor-version":[{"id":733154,"href":"https:\/\/www.hashtag.al\/index.php\/wp-json\/wp\/v2\/posts\/733152\/revisions\/733154"}],"wp:featuredmedia":[{"embeddable":true,"href":"https:\/\/www.hashtag.al\/index.php\/wp-json\/wp\/v2\/media\/733153"}],"wp:attachment":[{"href":"https:\/\/www.hashtag.al\/index.php\/wp-json\/wp\/v2\/media?parent=733152"}],"wp:term":[{"taxonomy":"category","embeddable":true,"href":"https:\/\/www.hashtag.al\/index.php\/wp-json\/wp\/v2\/categories?post=733152"},{"taxonomy":"post_tag","embeddable":true,"href":"https:\/\/www.hashtag.al\/index.php\/wp-json\/wp\/v2\/tags?post=733152"}],"curies":[{"name":"wp","href":"https:\/\/api.w.org\/{rel}","templated":true}]}}