{"id":733050,"date":"2025-03-31T20:37:29","date_gmt":"2025-03-31T18:37:29","guid":{"rendered":"https:\/\/www.hashtag.al\/?p=733050"},"modified":"2025-03-31T20:37:35","modified_gmt":"2025-03-31T18:37:35","slug":"izraeli-i-kerkon-hamasit-te-largohet-nga-gaza","status":"publish","type":"post","link":"https:\/\/www.hashtag.al\/index.php\/2025\/03\/31\/izraeli-i-kerkon-hamasit-te-largohet-nga-gaza\/","title":{"rendered":"Izraeli i k\u00ebrkon Hamasit t\u00eb largohet nga Gaza","gt_translate_keys":[{"key":"rendered","format":"text"}]},"content":{"rendered":"<p><a href=\"https:\/\/www.hashtag.al\/?attachment_id=732950\" rel=\"attachment wp-att-732950\"><img loading=\"lazy\" decoding=\"async\" class=\"aligncenter size-full wp-image-732950\" src=\"https:\/\/www.hashtag.al\/wp-content\/uploads\/2025\/03\/neta.jpg\" alt=\"\" width=\"768\" height=\"432\" srcset=\"https:\/\/www.hashtag.al\/wp-content\/uploads\/2025\/03\/neta.jpg 768w, https:\/\/www.hashtag.al\/wp-content\/uploads\/2025\/03\/neta-300x169.jpg 300w\" sizes=\"auto, (max-width: 768px) 100vw, 768px\" \/><\/a><\/p>\n<p><span style=\"color: #000000;\">Izraeli \u00ebsht\u00eb i gatsh\u00ebm t\u00eb negocioj\u00eb p\u00ebr t&#8217;i dh\u00ebn\u00eb fund luft\u00ebs s\u00eb Gaz\u00ebs n\u00ebse Hamasi hedh arm\u00ebt dhe largohet nga enklava, ka deklaruar kryeministri izraelit Benjamin Netanyahu, shkruan <span style=\"color: #0000ff;\"><a style=\"color: #0000ff;\" href=\"https:\/\/rtnews.com\/news\/614979-israel-demands-hamas-leave\/\">RT<\/a><\/span>.<\/span><\/p>\n<p><span style=\"color: #000000;\">Shteti hebre dhe grupi militant fillimisht ran\u00eb dakord p\u00ebr nj\u00eb arm\u00ebpushim t\u00eb brisht\u00eb me tre faza n\u00eb janar, pas 15 muajsh armiq\u00ebsi n\u00eb Gaza. Megjithat\u00eb, n\u00eb mesin e marsit, Izraeli rifilloi sulmet ajrore dhe operacionet tok\u00ebsore n\u00eb enklav\u00ebn e luftuar, nd\u00ebrsa bisedimet me Hamasin p\u00ebr lirimin e pengjeve t\u00eb mbetura dhe zbatimin e arm\u00ebpushimit d\u00ebshtuan.<\/span><\/p>\n<p><span style=\"color: #000000;\">T\u00eb shtun\u00ebn, zyrtari i lart\u00eb i Hamasit, Khalil al-Hayya tha se grupi kishte pranuar nj\u00eb propozim t\u00eb ri p\u00ebr arm\u00ebpushim nga nd\u00ebrmjet\u00ebsit n\u00eb Egjipt dhe Katar. T\u00eb nj\u00ebjt\u00ebn dit\u00eb, Izraeli konfirmoi se kishte marr\u00eb nj\u00eb draft t\u00eb propozimit dhe tha se kishte b\u00ebr\u00eb nj\u00eb kund\u00ebrofert\u00eb, por nuk dha holl\u00ebsi t\u00eb m\u00ebtejshme.<\/span><\/p>\n<p><span style=\"color: #000000;\">Izraeli \u00ebsht\u00eb gati t\u00eb kaloj\u00eb n\u00eb fazat p\u00ebrfundimtare t\u00eb arm\u00ebpushimit, q\u00eb do t&#8217;i jepte fund rrethimit t\u00eb Gaz\u00ebs, n\u00ebse Hamasi ndalon luftimet dhe largohet nga enklava, tha Netanyahu n\u00eb nj\u00eb deklarat\u00eb video t\u00eb diel\u00ebn.<\/span><\/p>\n<p><span style=\"color: #000000;\"><em>&#8220;Pretendimi se ne nuk jemi t\u00eb gatsh\u00ebm t\u00eb flasim p\u00ebr faz\u00ebn p\u00ebrfundimtare t\u00eb arm\u00ebpushimit \u00ebsht\u00eb i pasakt\u00eb,&#8221;<\/em> tha ai.<\/span><\/p>\n<p><span style=\"color: #000000;\"><em>&#8220;Ne jemi gati. Hamasi duhet t\u00eb dor\u00ebzoj\u00eb arm\u00ebt. Udh\u00ebheq\u00ebsit e tij do lejohen t\u00eb largohen,&#8221;<\/em> tha Netanyahu.<\/span><\/p>\n<p><span style=\"color: #000000;\">Kabineti i Izraelit u mblodh t\u00eb shtun\u00ebn dhe vendosi t\u00eb rris\u00eb m\u00eb tej presionin ndaj Hamasit p\u00ebr ta shtyr\u00eb grupin drejt lirimit t\u00eb pengjeve t\u00eb mbetura, tha kryeministri.<\/span><\/p>\n<p><span style=\"color: #000000;\">N\u00eb rast se arm\u00ebpushimi \u00ebsht\u00eb i suksessh\u00ebm, Izraeli do marr\u00eb kontrollin e Gaz\u00ebs, tha Netanyahu.<\/span><\/p>\n<p><span style=\"color: #000000;\"><em>\u201cNe do sigurojm\u00eb sigurin\u00eb e p\u00ebrgjithshme n\u00eb Rripin e Gaz\u00ebs dhe do mund\u00ebsojm\u00eb zbatimin e planit t\u00eb Trump, at\u00eb t\u00eb emigracionit vullnetar\u201d<\/em>, tha ai.<\/span><\/p>\n","protected":false,"gt_translate_keys":[{"key":"rendered","format":"html"}]},"excerpt":{"rendered":"<p>Izraeli \u00ebsht\u00eb i gatsh\u00ebm t\u00eb negocioj\u00eb p\u00ebr t&#8217;i dh\u00ebn\u00eb fund luft\u00ebs s\u00eb Gaz\u00ebs n\u00ebse Hamasi hedh arm\u00ebt dhe largohet nga enklava, ka deklaruar kryeministri izraelit Benjamin Netanyahu, shkruan RT. Shteti hebre dhe grupi militant fillimisht ran\u00eb dakord p\u00ebr nj\u00eb arm\u00ebpushim t\u00eb brisht\u00eb me tre faza n\u00eb janar, pas 15 muajsh armiq\u00ebsi n\u00eb Gaza. Megjithat\u00eb, n\u00eb [&hellip;]<\/p>\n","protected":false,"gt_translate_keys":[{"key":"rendered","format":"html"}]},"author":51,"featured_media":732950,"comment_status":"closed","ping_status":"open","sticky":false,"template":"","format":"standard","meta":{"footnotes":""},"categories":[53],"tags":[],"class_list":["post-733050","post","type-post","status-publish","format-standard","has-post-thumbnail","hentry","category-fast-foodi"],"gt_translate_keys":[{"key":"link","format":"url"}],"_links":{"self":[{"href":"https:\/\/www.hashtag.al\/index.php\/wp-json\/wp\/v2\/posts\/733050","targetHints":{"allow":["GET"]}}],"collection":[{"href":"https:\/\/www.hashtag.al\/index.php\/wp-json\/wp\/v2\/posts"}],"about":[{"href":"https:\/\/www.hashtag.al\/index.php\/wp-json\/wp\/v2\/types\/post"}],"author":[{"embeddable":true,"href":"https:\/\/www.hashtag.al\/index.php\/wp-json\/wp\/v2\/users\/51"}],"replies":[{"embeddable":true,"href":"https:\/\/www.hashtag.al\/index.php\/wp-json\/wp\/v2\/comments?post=733050"}],"version-history":[{"count":99999,"href":"https:\/\/www.hashtag.al\/index.php\/wp-json\/wp\/v2\/posts\/733050\/revisions"}],"predecessor-version":[{"id":733055,"href":"https:\/\/www.hashtag.al\/index.php\/wp-json\/wp\/v2\/posts\/733050\/revisions\/733055"}],"wp:featuredmedia":[{"embeddable":true,"href":"https:\/\/www.hashtag.al\/index.php\/wp-json\/wp\/v2\/media\/732950"}],"wp:attachment":[{"href":"https:\/\/www.hashtag.al\/index.php\/wp-json\/wp\/v2\/media?parent=733050"}],"wp:term":[{"taxonomy":"category","embeddable":true,"href":"https:\/\/www.hashtag.al\/index.php\/wp-json\/wp\/v2\/categories?post=733050"},{"taxonomy":"post_tag","embeddable":true,"href":"https:\/\/www.hashtag.al\/index.php\/wp-json\/wp\/v2\/tags?post=733050"}],"curies":[{"name":"wp","href":"https:\/\/api.w.org\/{rel}","templated":true}]}}