{"id":732994,"date":"2025-03-31T15:44:36","date_gmt":"2025-03-31T13:44:36","guid":{"rendered":"https:\/\/www.hashtag.al\/?p=732994"},"modified":"2025-03-31T15:44:36","modified_gmt":"2025-03-31T13:44:36","slug":"presidenti-begaj-perkujton-deshmorin-e-uck-ne-kavaje-inaugurohet-monumenti-ne-nder-te-tij","status":"publish","type":"post","link":"https:\/\/www.hashtag.al\/index.php\/2025\/03\/31\/presidenti-begaj-perkujton-deshmorin-e-uck-ne-kavaje-inaugurohet-monumenti-ne-nder-te-tij\/","title":{"rendered":"Presidenti Begaj p\u00ebrkujton d\u00ebshmorin e U\u00c7K n\u00eb Kavaj\u00eb, inaugurohet monumenti n\u00eb nder t\u00eb tij","gt_translate_keys":[{"key":"rendered","format":"text"}]},"content":{"rendered":"<p><span style=\"color: #000000;\"><img loading=\"lazy\" decoding=\"async\" class=\"alignnone size-medium wp-image-732997\" src=\"https:\/\/www.hashtag.al\/wp-content\/uploads\/2025\/03\/a25ce6c5-f813-4505-8a9e-ae313fa53491-676x450-1-300x200.jpg\" alt=\"\" width=\"300\" height=\"200\" srcset=\"https:\/\/www.hashtag.al\/wp-content\/uploads\/2025\/03\/a25ce6c5-f813-4505-8a9e-ae313fa53491-676x450-1-300x200.jpg 300w, https:\/\/www.hashtag.al\/wp-content\/uploads\/2025\/03\/a25ce6c5-f813-4505-8a9e-ae313fa53491-676x450-1.jpg 676w\" sizes=\"auto, (max-width: 300px) 100vw, 300px\" \/><\/span><\/p>\n<p><span style=\"color: #000000;\">Presidenti i Republik\u00ebs, Bajram Begaj p\u00ebrkujtoi sot n\u00eb Kavaj\u00eb \u201cD\u00ebshmorin e Kombit\u201d, Indrit Cara, n\u00eb 26-vjetorin e r\u00ebnies n\u00eb luft\u00ebn e Kosov\u00ebs, n\u00eb nj\u00eb ceremoni solemne ku u inaugurua monumenti i tij.<\/span><\/p>\n<p><span style=\"color: #000000;\">Kreu i Shtetit vendosi nj\u00eb kuror\u00eb me lule n\u00eb shtatoren e \u201cUshtar Kavaj\u00ebs\u201d n\u00eb nderim t\u00eb vepr\u00ebs sublime p\u00ebr kombin.<\/span><\/p>\n<p><span style=\"color: #000000;\">N\u00eb fjal\u00ebn e mbajtur gjat\u00eb k\u00ebsaj ceremonie, Presidenti Begaj vler\u00ebsoi vendosm\u00ebrin\u00eb dhe sakrific\u00ebn e 28-vje\u00e7arit nga Kavaja, i cili la Anglin\u00eb dhe iu bashkua djemve dhe burrave n\u00eb luft\u00ebn p\u00ebr \u00e7lirimin e Kosov\u00ebs, nd\u00ebrsa theksoi se Indrit Cara i p\u00ebrket Kosov\u00ebs, Shqip\u00ebris\u00eb dhe gjith\u00eb Shqiptaris\u00eb.<\/span><\/p>\n<p><span style=\"color: #000000;\"><em>\u00a0\u201cAi lindi n\u00eb Kavaj\u00eb, por sot i takon Kosov\u00ebs, i takon Shqip\u00ebris\u00eb, i p\u00ebrket shqiptaris\u00eb. Indrit Cara \u00ebsht\u00eb shembull dhe simbol i guximit, nj\u00eb frym\u00eb e past\u00ebr atdhedashurie dhe nj\u00eb zem\u00ebr q\u00eb rrahu fuqish\u00ebm p\u00ebr lirin\u00eb e kombit shqiptar. Ai \u00ebsht\u00eb nj\u00eb em\u00ebr i gdhendur n\u00eb historin\u00eb e kombit ton\u00eb, nj\u00eb model frym\u00ebzimi q\u00eb tregon rrug\u00ebn p\u00ebr t\u00eb rinjt\u00eb tan\u00eb: frym\u00ebn e sakrific\u00ebs, forc\u00ebn e unitetit dhe r\u00ebnd\u00ebsin\u00eb e veprimit p\u00ebr t\u00eb mir\u00ebn e kombit tone<\/em>\u201d. tha ai<\/span><\/p>\n<p><img decoding=\"async\" src=\"https:\/\/www.balkanweb.com\/wp-content\/uploads\/2025\/03\/442db49c-19f7-4f0a-8d7f-2aea14ee9e4e-233x350.jpg\" alt=\"442db49c 19f7 4f0a 8d7f 2aea14ee9e4e\" \/><\/p>\n<p><span style=\"color: #000000;\">Presidenti i Republik\u00ebs theksoi se p\u00ebrkujtimi i Indrit Car\u00ebs sh\u00ebrben p\u00ebr t\u00eb gjith\u00eb si kujtes\u00eb p\u00ebr angazhimin e p\u00ebrhersh\u00ebm p\u00ebr t\u00eb mos e l\u00ebn\u00eb t\u00eb shuhet \u00ebndrr\u00ebn p\u00ebr t\u00eb cil\u00ebn ai dha jet\u00ebn:<\/span><\/p>\n<p><span style=\"color: #000000;\"><em>\u201cSakrifica e tij sh\u00ebrben si nj\u00eb busull p\u00ebr t\u00eb ardhmen ton\u00eb, p\u00ebr nj\u00eb komb t\u00eb bashkuar, p\u00ebr nj\u00eb shqiptari t\u00eb fort\u00eb, p\u00ebr nj\u00eb Kosov\u00eb q\u00eb ec\u00ebn p\u00ebrpara, e lir\u00eb dhe krenare\u201d.<\/em><\/span><\/p>\n<p><span style=\"color: #000000;\">Kreu i Shtetit kujtoi me nderim edhe figurat q\u00eb udh\u00ebhoq\u00ebn p\u00ebrpjekjet p\u00ebr \u00e7lirimin e Kosov\u00ebs: Ibrahim Rugov\u00ebn, Adem Dema\u00e7in e Adem Jasharin, si dhe n\u00ebnvizoi p\u00ebrgjegj\u00ebsin\u00eb p\u00ebr bashk\u00ebpunim jo vet\u00ebm t\u00eb politik\u00ebs, por t\u00eb \u00e7do qytetari p\u00ebr t\u00eb ruajtur dhe pasuar amanetin e t\u00eb par\u00ebve. Presidenti i Republik\u00ebs, Sh. T. Z. Bajram Begaj, gjat\u00eb vizit\u00ebs n\u00eb Kavaj\u00eb u prit dhe zhvilloi nj\u00eb takim me Kryetarin e Bashkis\u00eb, z. Fisnik Qosja, nd\u00ebrsa vizitoi dhe Muzeun Etnografik t\u00eb Kavaj\u00ebs t\u00eb restauruar s\u00eb fundmi.<\/span><\/p>\n<p><img decoding=\"async\" src=\"https:\/\/www.balkanweb.com\/wp-content\/uploads\/2025\/03\/5d23d389-5705-4956-86c0-2204a9bc2bb6-676x450.jpg\" alt=\"5d23d389 5705 4956 86c0 2204a9bc2bb6\" \/><\/p>\n","protected":false,"gt_translate_keys":[{"key":"rendered","format":"html"}]},"excerpt":{"rendered":"<p>Presidenti i Republik\u00ebs, Bajram Begaj p\u00ebrkujtoi sot n\u00eb Kavaj\u00eb \u201cD\u00ebshmorin e Kombit\u201d, Indrit Cara, n\u00eb 26-vjetorin e r\u00ebnies n\u00eb luft\u00ebn e Kosov\u00ebs, n\u00eb nj\u00eb ceremoni solemne ku u inaugurua monumenti i tij. Kreu i Shtetit vendosi nj\u00eb kuror\u00eb me lule n\u00eb shtatoren e \u201cUshtar Kavaj\u00ebs\u201d n\u00eb nderim t\u00eb vepr\u00ebs sublime p\u00ebr kombin. N\u00eb fjal\u00ebn e [&hellip;]<\/p>\n","protected":false,"gt_translate_keys":[{"key":"rendered","format":"html"}]},"author":32,"featured_media":732997,"comment_status":"closed","ping_status":"open","sticky":false,"template":"","format":"standard","meta":{"footnotes":""},"categories":[65],"tags":[],"class_list":["post-732994","post","type-post","status-publish","format-standard","has-post-thumbnail","hentry","category-lajme"],"gt_translate_keys":[{"key":"link","format":"url"}],"_links":{"self":[{"href":"https:\/\/www.hashtag.al\/index.php\/wp-json\/wp\/v2\/posts\/732994","targetHints":{"allow":["GET"]}}],"collection":[{"href":"https:\/\/www.hashtag.al\/index.php\/wp-json\/wp\/v2\/posts"}],"about":[{"href":"https:\/\/www.hashtag.al\/index.php\/wp-json\/wp\/v2\/types\/post"}],"author":[{"embeddable":true,"href":"https:\/\/www.hashtag.al\/index.php\/wp-json\/wp\/v2\/users\/32"}],"replies":[{"embeddable":true,"href":"https:\/\/www.hashtag.al\/index.php\/wp-json\/wp\/v2\/comments?post=732994"}],"version-history":[{"count":99999,"href":"https:\/\/www.hashtag.al\/index.php\/wp-json\/wp\/v2\/posts\/732994\/revisions"}],"predecessor-version":[{"id":732999,"href":"https:\/\/www.hashtag.al\/index.php\/wp-json\/wp\/v2\/posts\/732994\/revisions\/732999"}],"wp:featuredmedia":[{"embeddable":true,"href":"https:\/\/www.hashtag.al\/index.php\/wp-json\/wp\/v2\/media\/732997"}],"wp:attachment":[{"href":"https:\/\/www.hashtag.al\/index.php\/wp-json\/wp\/v2\/media?parent=732994"}],"wp:term":[{"taxonomy":"category","embeddable":true,"href":"https:\/\/www.hashtag.al\/index.php\/wp-json\/wp\/v2\/categories?post=732994"},{"taxonomy":"post_tag","embeddable":true,"href":"https:\/\/www.hashtag.al\/index.php\/wp-json\/wp\/v2\/tags?post=732994"}],"curies":[{"name":"wp","href":"https:\/\/api.w.org\/{rel}","templated":true}]}}