{"id":732725,"date":"2025-03-29T17:56:31","date_gmt":"2025-03-29T16:56:31","guid":{"rendered":"https:\/\/www.hashtag.al\/?p=732725"},"modified":"2025-03-29T18:02:42","modified_gmt":"2025-03-29T17:02:42","slug":"be-ja-po-shkon-ne-drejtim-te-kunder-me-trump-per-luften-ne-ukraine-ministri-hungarez","status":"publish","type":"post","link":"https:\/\/www.hashtag.al\/index.php\/2025\/03\/29\/be-ja-po-shkon-ne-drejtim-te-kunder-me-trump-per-luften-ne-ukraine-ministri-hungarez\/","title":{"rendered":"\u201cBE-ja po shkon n\u00eb drejtim t\u00eb kund\u00ebr me Trump p\u00ebr luft\u00ebn n\u00eb Ukrain\u00eb\u201d &#8211; Ministri hungarez","gt_translate_keys":[{"key":"rendered","format":"text"}]},"content":{"rendered":"<p><span style=\"color: #000000;\"><a style=\"color: #000000;\" href=\"https:\/\/www.hashtag.al\/index.php\/2025\/03\/29\/be-ja-po-shkon-ne-drejtim-te-kunder-me-trump-per-luften-ne-ukraine-ministri-hungarez\/67e7709385f5400add1a0b73\/\" rel=\"attachment wp-att-732726\"><img loading=\"lazy\" decoding=\"async\" class=\"aligncenter size-full wp-image-732726\" src=\"https:\/\/www.hashtag.al\/wp-content\/uploads\/2025\/03\/67e7709385f5400add1a0b73.jpg\" alt=\"\" width=\"768\" height=\"432\" srcset=\"https:\/\/www.hashtag.al\/wp-content\/uploads\/2025\/03\/67e7709385f5400add1a0b73.jpg 768w, https:\/\/www.hashtag.al\/wp-content\/uploads\/2025\/03\/67e7709385f5400add1a0b73-300x169.jpg 300w\" sizes=\"auto, (max-width: 768px) 100vw, 768px\" \/><\/a><\/span><\/p>\n<p><span style=\"color: #000000;\">Ministri i Jasht\u00ebm hungarez Peter Szijjarto ka akuzuar burokrat\u00ebt e Brukselit se jan\u00eb kapur pas nj\u00eb &#8220;politike t\u00eb d\u00ebshtuar pro luft\u00ebs&#8221; n\u00eb nj\u00eb p\u00ebrpjekje t\u00eb d\u00ebshp\u00ebruar p\u00ebr t\u00eb vonuar momentin kur taksapaguesit evropian\u00eb fillojn\u00eb t\u00eb pyesin se ku kan\u00eb shkuar parat\u00eb e shpenzuara p\u00ebr financimin e Kievit.<\/span><\/p>\n<p><span style=\"color: #000000;\">Bashkimi Evropian koh\u00ebt e fundit k\u00ebshilloi 450 milion\u00eb banor\u00ebt e tij q\u00eb t\u00eb grumbullonin furnizime thelb\u00ebsore p\u00ebr t\u00eb pakt\u00ebn 72 or\u00eb, me Komisioneren e BE-s\u00eb p\u00ebr Menaxhimin e Krizave Hadja Lahbib q\u00eb paralajm\u00ebroi t\u00eb m\u00ebrkur\u00ebn se konflikti n\u00eb Ukrain\u00eb k\u00ebrc\u00ebnon sigurin\u00eb e p\u00ebrgjithshme t\u00eb bllokut, shkruan <span style=\"color: #0000ff;\"><a style=\"color: #0000ff;\" href=\"https:\/\/rurtnews.com\/news\/614929-brussels-preparing-war-szijjarto\/\">RT<\/a><\/span>.<\/span><\/p>\n<p><span style=\"color: #000000;\">Szijjarto tha se ai fillimisht mendoi se paralajm\u00ebrimi ishte nj\u00eb lloj shakaje, pasi Lahbib postoi nj\u00eb video t\u00eb \u00e7uditshme q\u00eb u tregon evropian\u00ebve se \u00e7far\u00eb t\u00eb paketojn\u00eb n\u00eb nj\u00eb \u00e7ant\u00eb mbijetese 72-or\u00ebshe.<\/span><\/p>\n<p><span style=\"color: #000000;\"><em>\u00a0&#8220;Pse, n\u00eb shekullin 21, qytetar\u00ebt e BE-s\u00eb duhet t\u00eb p\u00ebrgatisin nj\u00eb paket\u00eb mbijetese? Ka vet\u00ebm nj\u00eb shpjegim: Brukseli po p\u00ebrgatitet p\u00ebr luft\u00eb,&#8221;<\/em> shkroi Szijjarto n\u00eb nj\u00eb postim n\u00eb X t\u00eb premten.<\/span><\/p>\n<p><span style=\"color: #000000;\"><em>\u201cN\u00eb nj\u00eb koh\u00eb kur ka m\u00eb n\u00eb fund nj\u00eb mund\u00ebsi t\u00eb prekshme p\u00ebr nj\u00eb arm\u00ebpushim dhe bisedime paqeje kuptimplota me kthimin e presidentit Donald Trump n\u00eb detyr\u00eb, Brukseli po shkon n\u00eb drejtim t\u00eb kund\u00ebrt, duke u kapur pas nj\u00eb politike t\u00eb d\u00ebshtuar pro-luft\u00ebs.\u201d<\/em><\/span><\/p>\n<p><span style=\"color: #000000;\"><em>\u201cPse? Sepse p\u00ebr sa koh\u00eb q\u00eb lufta vazhdon, politikan\u00ebt evropian\u00eb pro luft\u00ebs mund t\u00eb shmangin marrjen e p\u00ebrgjegj\u00ebsis\u00eb p\u00ebr tre vjet d\u00ebshtim dhe t\u00eb shmangin p\u00ebrgjigjen e nj\u00eb pyetjeje jasht\u00ebzakonisht t\u00eb pak\u00ebndshme: ku jan\u00eb parat\u00eb q\u00eb u d\u00ebrguan n\u00eb Ukrain\u00eb?\u201d<\/em> &#8211; shtoi ai.<\/span><\/p>\n","protected":false,"gt_translate_keys":[{"key":"rendered","format":"html"}]},"excerpt":{"rendered":"<p>Ministri i Jasht\u00ebm hungarez Peter Szijjarto ka akuzuar burokrat\u00ebt e Brukselit se jan\u00eb kapur pas nj\u00eb &#8220;politike t\u00eb d\u00ebshtuar pro luft\u00ebs&#8221; n\u00eb nj\u00eb p\u00ebrpjekje t\u00eb d\u00ebshp\u00ebruar p\u00ebr t\u00eb vonuar momentin kur taksapaguesit evropian\u00eb fillojn\u00eb t\u00eb pyesin se ku kan\u00eb shkuar parat\u00eb e shpenzuara p\u00ebr financimin e Kievit. Bashkimi Evropian koh\u00ebt e fundit k\u00ebshilloi 450 milion\u00eb [&hellip;]<\/p>\n","protected":false,"gt_translate_keys":[{"key":"rendered","format":"html"}]},"author":51,"featured_media":732726,"comment_status":"closed","ping_status":"open","sticky":false,"template":"","format":"standard","meta":{"footnotes":""},"categories":[53],"tags":[],"class_list":["post-732725","post","type-post","status-publish","format-standard","has-post-thumbnail","hentry","category-fast-foodi"],"gt_translate_keys":[{"key":"link","format":"url"}],"_links":{"self":[{"href":"https:\/\/www.hashtag.al\/index.php\/wp-json\/wp\/v2\/posts\/732725","targetHints":{"allow":["GET"]}}],"collection":[{"href":"https:\/\/www.hashtag.al\/index.php\/wp-json\/wp\/v2\/posts"}],"about":[{"href":"https:\/\/www.hashtag.al\/index.php\/wp-json\/wp\/v2\/types\/post"}],"author":[{"embeddable":true,"href":"https:\/\/www.hashtag.al\/index.php\/wp-json\/wp\/v2\/users\/51"}],"replies":[{"embeddable":true,"href":"https:\/\/www.hashtag.al\/index.php\/wp-json\/wp\/v2\/comments?post=732725"}],"version-history":[{"count":99999,"href":"https:\/\/www.hashtag.al\/index.php\/wp-json\/wp\/v2\/posts\/732725\/revisions"}],"predecessor-version":[{"id":732731,"href":"https:\/\/www.hashtag.al\/index.php\/wp-json\/wp\/v2\/posts\/732725\/revisions\/732731"}],"wp:featuredmedia":[{"embeddable":true,"href":"https:\/\/www.hashtag.al\/index.php\/wp-json\/wp\/v2\/media\/732726"}],"wp:attachment":[{"href":"https:\/\/www.hashtag.al\/index.php\/wp-json\/wp\/v2\/media?parent=732725"}],"wp:term":[{"taxonomy":"category","embeddable":true,"href":"https:\/\/www.hashtag.al\/index.php\/wp-json\/wp\/v2\/categories?post=732725"},{"taxonomy":"post_tag","embeddable":true,"href":"https:\/\/www.hashtag.al\/index.php\/wp-json\/wp\/v2\/tags?post=732725"}],"curies":[{"name":"wp","href":"https:\/\/api.w.org\/{rel}","templated":true}]}}