{"id":732692,"date":"2025-03-29T15:59:07","date_gmt":"2025-03-29T14:59:07","guid":{"rendered":"https:\/\/www.hashtag.al\/?p=732692"},"modified":"2025-03-29T16:00:36","modified_gmt":"2025-03-29T15:00:36","slug":"denoncoi-pajisjet-nga-izraeli-per-bllokimin-e-tiktok-semanaj-su-shqetesuan-as-institucionet-as-media-as-opozita-i-hapet-rruga-pergjimit-masiv","status":"publish","type":"post","link":"https:\/\/www.hashtag.al\/index.php\/2025\/03\/29\/denoncoi-pajisjet-nga-izraeli-per-bllokimin-e-tiktok-semanaj-su-shqetesuan-as-institucionet-as-media-as-opozita-i-hapet-rruga-pergjimit-masiv\/","title":{"rendered":"Denoncoi pajisjet nga Izraeli p\u00ebr bllokimin e TikTok, Semanaj: S\u2019u shqet\u00ebsuan as media, as opozita, i hapet rruga p\u00ebrgjimit masiv","gt_translate_keys":[{"key":"rendered","format":"text"}]},"content":{"rendered":"<p><a href=\"https:\/\/www.hashtag.al\/index.php\/2025\/03\/29\/denoncoi-pajisjet-nga-izraeli-per-bllokimin-e-tiktok-semanaj-su-shqetesuan-as-institucionet-as-media-as-opozita-i-hapet-rruga-pergjimit-masiv\/fdsgfdgfdgfdg-600x324-1\/\" rel=\"attachment wp-att-732693\"><img loading=\"lazy\" decoding=\"async\" class=\"aligncenter size-full wp-image-732693\" src=\"https:\/\/www.hashtag.al\/wp-content\/uploads\/2025\/03\/fdsgfdgfdgfdg-600x324-1.jpg\" alt=\"\" width=\"600\" height=\"324\" srcset=\"https:\/\/www.hashtag.al\/wp-content\/uploads\/2025\/03\/fdsgfdgfdgfdg-600x324-1.jpg 600w, https:\/\/www.hashtag.al\/wp-content\/uploads\/2025\/03\/fdsgfdgfdgfdg-600x324-1-300x162.jpg 300w\" sizes=\"auto, (max-width: 600px) 100vw, 600px\" \/><\/a><\/p>\n<p><span style=\"color: #000000;\">Pas denoncimit t\u00eb para dy dit\u00ebve lidhur me pajisjet e p\u00ebrdorura p\u00ebr bllokimin e TikTok-ut n\u00eb vend, eksperti i IT Besmir Semanaj shkruan sot se dyshimet e konfirmuara p\u00ebr instalimin e pajisjeve n\u00eb fjal\u00eb nu kan\u00eb shqet\u00ebsuar as institucionet, as mediat dhe as opozit\u00ebn. <\/span><\/p>\n<p><span style=\"color: #000000;\">Sipas tij, \u00e7elja e der\u00ebs p\u00ebr p\u00ebrgjime masive nuk p\u00ebrb\u00ebn fare lajm nd\u00ebrsa thekson se tanim\u00eb shpresa e vetme mbeten institucionet e drejt\u00ebsis\u00eb.<\/span><\/p>\n<p><span style=\"color: #000000;\">Semanaj n\u00ebnvizon se pajisjet e instaluara ofron mbik\u00ebqyrje n\u00eb koh\u00eb reale t\u00eb trafikut t\u00eb enkriptuar n\u00eb nivelin 7, zbatim politikash dhe charging dhe k\u00ebto jan\u00eb vet\u00ebm ve\u00e7orit\u00eb q\u00eb tregohen p\u00ebr publikun dhe tregun, bd\u00ebrsa b\u00ebn thjirrje p\u00ebr transparenc\u00eb.<\/span><\/p>\n<p><span style=\"color: #000000;\"><em>\u201cDyshimet e konfirmuara p\u00ebr instalimin e pajisjeve DPI pran\u00eb nj\u00eb pjese t\u00eb ISP-ve, duket se nuk kan\u00eb shqet\u00ebsuar as institucionet, as median dhe as opozit\u00ebn. N\u00eb Shqip\u00ebri, hapja e der\u00ebs p\u00ebr p\u00ebrgjime n\u00eb mas\u00eb dhe mund\u00ebsin\u00eb p\u00ebr censur\u00eb nuk p\u00ebrb\u00ebn m\u00eb lajm. Shpresa e vetme mbeten institucionet e drejt\u00ebsis\u00eb.<\/em><\/span><\/p>\n<p><span style=\"color: #000000;\"><em>Kan\u00eb kaluar disa dit\u00eb q\u00eb po pres q\u00eb institucionet p\u00ebrkat\u00ebse t\u00eb m\u00eb p\u00ebrg\u00ebnjeshtrojn\u00eb, q\u00eb t\u00eb k\u00ebrkoj ndjes\u00eb dhe t\u00eb shpresoj se informacioni i marr\u00eb nga koleg\u00ebt nuk \u00ebsht\u00eb i v\u00ebrtet\u00eb. Por kur t\u00eb vijn\u00eb foto, dokumente, modele pajisjesh dhe kupton se gjith\u00e7ka \u00ebsht\u00eb reale, nuk t\u00eb mbetet tjet\u00ebr ve\u00e7se t\u00eb lutesh p\u00ebr bashk\u00ebkombasit e tu. Pajisja ofron edhe k\u00ebt\u00eb: monitorim n\u00eb koh\u00eb reale t\u00eb trafikut t\u00eb enkriptuar n\u00eb nivelin 7 (Layer-7), zbatim politikash dhe charging. Mos harroni, k\u00ebto jan\u00eb vet\u00ebm ve\u00e7orit\u00eb komerciale dhe publike. E vetmja gj\u00eb q\u00eb k\u00ebrkoj \u00ebsht\u00eb transparenca dhe nj\u00eb baz\u00eb ligjore e qart\u00eb q\u00eb garanton mbrojtjen e qytetar\u00ebve.\u201d<\/em> &#8211; shkruan Semanaj.<\/span><\/p>\n<p><iframe loading=\"lazy\" style=\"border: none; overflow: hidden;\" src=\"https:\/\/www.facebook.com\/plugins\/post.php?href=https%3A%2F%2Fwww.facebook.com%2Fbsemanaj%2Fposts%2Fpfbid0pgqzcNsUiWLiTg7JxhbHiNogsMVswNi27X58BcEndYcXs5usxK8AcSY6vtHCcEKHl&amp;show_text=true&amp;width=500\" width=\"500\" height=\"523\" frameborder=\"0\" scrolling=\"no\" allowfullscreen=\"allowfullscreen\"><\/iframe><\/p>\n<p><span style=\"color: #000000;\">Dy dit\u00eb m\u00eb par\u00eb, Semanaj denoncoi se pajisjet p\u00ebr mbylljen e TikTok-ut kan\u00eb ardhur nga Izraeli nd\u00ebrsa \u00ebsht\u00eb e paqart\u00eb se kush ka paguar p\u00ebr to. Eksperti i IT sqaroi se ato ofrojn\u00eb mbik\u00ebqyrje n\u00eb koh\u00eb reale t\u00eb trafikut n\u00eb internet.<\/span><\/p>\n","protected":false,"gt_translate_keys":[{"key":"rendered","format":"html"}]},"excerpt":{"rendered":"<p>Pas denoncimit t\u00eb para dy dit\u00ebve lidhur me pajisjet e p\u00ebrdorura p\u00ebr bllokimin e TikTok-ut n\u00eb vend, eksperti i IT Besmir Semanaj shkruan sot se dyshimet e konfirmuara p\u00ebr instalimin e pajisjeve n\u00eb fjal\u00eb nu kan\u00eb shqet\u00ebsuar as institucionet, as mediat dhe as opozit\u00ebn. Sipas tij, \u00e7elja e der\u00ebs p\u00ebr p\u00ebrgjime masive nuk p\u00ebrb\u00ebn fare [&hellip;]<\/p>\n","protected":false,"gt_translate_keys":[{"key":"rendered","format":"html"}]},"author":51,"featured_media":732693,"comment_status":"closed","ping_status":"open","sticky":false,"template":"","format":"standard","meta":{"footnotes":""},"categories":[65],"tags":[],"class_list":["post-732692","post","type-post","status-publish","format-standard","has-post-thumbnail","hentry","category-lajme"],"gt_translate_keys":[{"key":"link","format":"url"}],"_links":{"self":[{"href":"https:\/\/www.hashtag.al\/index.php\/wp-json\/wp\/v2\/posts\/732692","targetHints":{"allow":["GET"]}}],"collection":[{"href":"https:\/\/www.hashtag.al\/index.php\/wp-json\/wp\/v2\/posts"}],"about":[{"href":"https:\/\/www.hashtag.al\/index.php\/wp-json\/wp\/v2\/types\/post"}],"author":[{"embeddable":true,"href":"https:\/\/www.hashtag.al\/index.php\/wp-json\/wp\/v2\/users\/51"}],"replies":[{"embeddable":true,"href":"https:\/\/www.hashtag.al\/index.php\/wp-json\/wp\/v2\/comments?post=732692"}],"version-history":[{"count":99999,"href":"https:\/\/www.hashtag.al\/index.php\/wp-json\/wp\/v2\/posts\/732692\/revisions"}],"predecessor-version":[{"id":732696,"href":"https:\/\/www.hashtag.al\/index.php\/wp-json\/wp\/v2\/posts\/732692\/revisions\/732696"}],"wp:featuredmedia":[{"embeddable":true,"href":"https:\/\/www.hashtag.al\/index.php\/wp-json\/wp\/v2\/media\/732693"}],"wp:attachment":[{"href":"https:\/\/www.hashtag.al\/index.php\/wp-json\/wp\/v2\/media?parent=732692"}],"wp:term":[{"taxonomy":"category","embeddable":true,"href":"https:\/\/www.hashtag.al\/index.php\/wp-json\/wp\/v2\/categories?post=732692"},{"taxonomy":"post_tag","embeddable":true,"href":"https:\/\/www.hashtag.al\/index.php\/wp-json\/wp\/v2\/tags?post=732692"}],"curies":[{"name":"wp","href":"https:\/\/api.w.org\/{rel}","templated":true}]}}