{"id":732679,"date":"2025-03-29T14:51:45","date_gmt":"2025-03-29T13:51:45","guid":{"rendered":"https:\/\/www.hashtag.al\/?p=732679"},"modified":"2025-03-29T14:51:50","modified_gmt":"2025-03-29T13:51:50","slug":"bardhi-ironizon-ramen-jo-vetem-prezantoi-programin-e-pd-se-po-pranoi-qe-eshte-i-realizueshem","status":"publish","type":"post","link":"https:\/\/www.hashtag.al\/index.php\/2025\/03\/29\/bardhi-ironizon-ramen-jo-vetem-prezantoi-programin-e-pd-se-po-pranoi-qe-eshte-i-realizueshem\/","title":{"rendered":"Bardhi ironizon Ram\u00ebn: Jo vet\u00ebm prezantoi programin e PD-s\u00eb po pranoi q\u00eb \u00ebsht\u00eb i realizuesh\u00ebm","gt_translate_keys":[{"key":"rendered","format":"text"}]},"content":{"rendered":"<p><a href=\"https:\/\/www.hashtag.al\/index.php\/2025\/03\/29\/bardhi-ironizon-ramen-jo-vetem-prezantoi-programin-e-pd-se-po-pranoi-qe-eshte-i-realizueshem\/800-0-gazment-bardhi-edi-rama-1\/\" rel=\"attachment wp-att-732680\"><img loading=\"lazy\" decoding=\"async\" class=\"aligncenter size-full wp-image-732680\" src=\"https:\/\/www.hashtag.al\/wp-content\/uploads\/2025\/03\/800-0-gazment-bardhi-edi-rama-1.jpg\" alt=\"\" width=\"800\" height=\"415\" srcset=\"https:\/\/www.hashtag.al\/wp-content\/uploads\/2025\/03\/800-0-gazment-bardhi-edi-rama-1.jpg 800w, https:\/\/www.hashtag.al\/wp-content\/uploads\/2025\/03\/800-0-gazment-bardhi-edi-rama-1-300x156.jpg 300w, https:\/\/www.hashtag.al\/wp-content\/uploads\/2025\/03\/800-0-gazment-bardhi-edi-rama-1-768x398.jpg 768w\" sizes=\"auto, (max-width: 800px) 100vw, 800px\" \/><\/a><\/p>\n<p><span style=\"color: #000000;\">Kreu i grupit parlamentar t\u00eb PD-s\u00eb Bardhi ironizoi kryeministrin Rama i cili sot prezantoi programin qeveris\u00ebs t\u00eb PS-s\u00eb. Bardhi shkruan se kreu i qeveris\u00eb ka marr\u00eb programin e PD-s\u00eb dhe po e prezanton si t\u00eb tijin. <\/span><\/p>\n<p><span style=\"color: #000000;\">Ai shkruan se Rama jo vet\u00ebm q\u00eb ka marr\u00eb programin e PD-s\u00eb po duke e prezantuar ka pranuar se ai \u00ebsht\u00eb i realizuesh\u00ebm.<\/span><\/p>\n<p><span style=\"color: #000000;\"><em>\u201cNuk \u00ebsht\u00eb asfare e \u00e7uditshme q\u00eb Edi Rama ka mbetur pa ide, pa alternativ\u00eb dhe pa vizion. Nuk \u00ebsht\u00eb as e papritur q\u00eb ka marr\u00eb alternativ\u00ebn dhe programin e PD dhe ka nisur ta prezantoj\u00eb si t\u00eb vetin. Pas 12 vitesh n\u00eb pushtet, jo vet\u00ebm lodhesh, mbetesh pa ide, nuk t\u00eb sh\u00ebrben dot as propaganda, por pun\u00ebt e shtetit t\u00eb duken t\u00eb par\u00ebnd\u00ebsishme! \u00a0Padashur sot, duke prezantuar programin e PD, Edi Rama ka pranuar se programi yn\u00eb \u00ebsht\u00eb I REALIZUESH\u00cbM, ashtu si\u00e7 PD ka premtuar q\u00eb dit\u00ebn e par\u00eb kur e ka prezantuar. \u00c7do premtim i yni bazohet n\u00eb nj\u00eb analiz\u00eb t\u00eb kujdeshme, t\u00eb kryer nga ekspert\u00eb vendas dhe nd\u00ebrkomb\u00ebtar.\u201d <\/em>&#8211; shkruan Bardhi.<\/span><\/p>\n<p><span style=\"color: #000000;\">Demokrati shton m\u00eb tej se q\u00eb programi t\u00eb realizohet duhet q\u00eb m\u00eb 11 maj t\u00eb largohet qeveria e korruptuar e Edi Ram\u00ebs q\u00ebka asur q\u00eb vjet koh\u00eb p\u00ebr t\u00eb realizuar premtimet e b\u00ebra.<\/span><\/p>\n<p><span style=\"color: #000000;\"><em>\u201cPor p\u00ebr t\u2019u realizuar, duhet t\u00eb largohet Edi Rama dhe qeveria e tij e korruptuar n\u00eb 11 Maj, q\u00eb kishin mund\u00ebsin\u00eb ta b\u00ebnin p\u00ebr 12 vjet, por as nuk desh\u00ebn dhe as nuk dit\u00ebn. Nj\u00eb pun\u00eb q\u00eb nuk b\u00ebhet p\u00ebr 12 vjet, nuk ka asnj\u00eb shans pa ndryshim q\u00eb t\u00eb b\u00ebhet m\u00eb nga i nj\u00ebjti person q\u00eb g\u00ebnjeshtr\u00ebn ka t\u00eb vetmin mjet n\u00eb politik\u00eb. Tashm\u00eb \u00ebsht\u00eb koha p\u00ebr nj\u00eb Qeveri t\u00eb re, nj\u00eb qeveri t\u00eb PD dhe Aleanc\u00ebs p\u00ebr Shqip\u00ebrin\u00eb Madh\u00ebshtore, q\u00eb ka altenativ\u00ebn dhe idet\u00eb p\u00ebr t\u00eb zhvilluar Shqip\u00ebrin\u00eb. Gjithmon\u00eb zhvillimi nis nga ekonomia, nga mir\u00ebqenia e qytetar\u00ebve, nga p\u00ebrparimi dhe mb\u00ebshtetja e biznesit dhe fermer\u00ebve.<\/em><\/span><\/p>\n<p><span style=\"color: #000000;\"><em>Me PD pas 11 Majit:<\/em><\/span><\/p>\n<p><span style=\"color: #000000;\"><em>Do t\u00eb vendosim minimumin jetik 200 euro.<\/em><\/span><\/p>\n<p><span style=\"color: #000000;\"><em>Do t\u00eb rrisim pag\u00ebn minimale n\u00eb 500 euro.<\/em><\/span><\/p>\n<p><span style=\"color: #000000;\"><em>Do t\u00eb rrisim pag\u00ebn mesatare n\u00eb 1200 euro.<\/em><\/span><\/p>\n<p><span style=\"color: #000000;\"><em>Do t\u00eb dyfishojm\u00eb pensionet.<\/em><\/span><\/p>\n<p><span style=\"color: #000000;\"><em>Voto nr. 1: Koalicionin \u201cPartia Demokratike \u2013 Aleanca p\u00ebr Shqip\u00ebrin\u00eb Madh\u00ebshtore\u201d.\u201d<\/em> &#8211; shkruan Bardhi.<\/span><\/p>\n<p><iframe loading=\"lazy\" style=\"border: none; overflow: hidden;\" src=\"https:\/\/www.facebook.com\/plugins\/post.php?href=https%3A%2F%2Fwww.facebook.com%2Fgazmentbardhi.al%2Fposts%2Fpfbid02btS7QBeJPUxyXxULo7fYsQNiYXXhXeJRHxt4At368Y6KKg8Exk7JjwFG7qn4fRmvl&amp;show_text=true&amp;width=500\" width=\"500\" height=\"660\" frameborder=\"0\" scrolling=\"no\" allowfullscreen=\"allowfullscreen\"><\/iframe><\/p>\n","protected":false,"gt_translate_keys":[{"key":"rendered","format":"html"}]},"excerpt":{"rendered":"<p>Kreu i grupit parlamentar t\u00eb PD-s\u00eb Bardhi ironizoi kryeministrin Rama i cili sot prezantoi programin qeveris\u00ebs t\u00eb PS-s\u00eb. Bardhi shkruan se kreu i qeveris\u00eb ka marr\u00eb programin e PD-s\u00eb dhe po e prezanton si t\u00eb tijin. Ai shkruan se Rama jo vet\u00ebm q\u00eb ka marr\u00eb programin e PD-s\u00eb po duke e prezantuar ka pranuar se [&hellip;]<\/p>\n","protected":false,"gt_translate_keys":[{"key":"rendered","format":"html"}]},"author":51,"featured_media":732680,"comment_status":"closed","ping_status":"open","sticky":false,"template":"","format":"standard","meta":{"footnotes":""},"categories":[65],"tags":[],"class_list":["post-732679","post","type-post","status-publish","format-standard","has-post-thumbnail","hentry","category-lajme"],"gt_translate_keys":[{"key":"link","format":"url"}],"_links":{"self":[{"href":"https:\/\/www.hashtag.al\/index.php\/wp-json\/wp\/v2\/posts\/732679","targetHints":{"allow":["GET"]}}],"collection":[{"href":"https:\/\/www.hashtag.al\/index.php\/wp-json\/wp\/v2\/posts"}],"about":[{"href":"https:\/\/www.hashtag.al\/index.php\/wp-json\/wp\/v2\/types\/post"}],"author":[{"embeddable":true,"href":"https:\/\/www.hashtag.al\/index.php\/wp-json\/wp\/v2\/users\/51"}],"replies":[{"embeddable":true,"href":"https:\/\/www.hashtag.al\/index.php\/wp-json\/wp\/v2\/comments?post=732679"}],"version-history":[{"count":99999,"href":"https:\/\/www.hashtag.al\/index.php\/wp-json\/wp\/v2\/posts\/732679\/revisions"}],"predecessor-version":[{"id":732683,"href":"https:\/\/www.hashtag.al\/index.php\/wp-json\/wp\/v2\/posts\/732679\/revisions\/732683"}],"wp:featuredmedia":[{"embeddable":true,"href":"https:\/\/www.hashtag.al\/index.php\/wp-json\/wp\/v2\/media\/732680"}],"wp:attachment":[{"href":"https:\/\/www.hashtag.al\/index.php\/wp-json\/wp\/v2\/media?parent=732679"}],"wp:term":[{"taxonomy":"category","embeddable":true,"href":"https:\/\/www.hashtag.al\/index.php\/wp-json\/wp\/v2\/categories?post=732679"},{"taxonomy":"post_tag","embeddable":true,"href":"https:\/\/www.hashtag.al\/index.php\/wp-json\/wp\/v2\/tags?post=732679"}],"curies":[{"name":"wp","href":"https:\/\/api.w.org\/{rel}","templated":true}]}}