{"id":732447,"date":"2025-03-28T07:46:57","date_gmt":"2025-03-28T06:46:57","guid":{"rendered":"https:\/\/www.hashtag.al\/?p=732447"},"modified":"2025-03-28T07:46:57","modified_gmt":"2025-03-28T06:46:57","slug":"arben-malaj-rama-duhet-te-mendoje-strategjine-e-exit-nese-sdo-te-perfundoje-keq","status":"publish","type":"post","link":"https:\/\/www.hashtag.al\/index.php\/2025\/03\/28\/arben-malaj-rama-duhet-te-mendoje-strategjine-e-exit-nese-sdo-te-perfundoje-keq\/","title":{"rendered":"Arben Malaj: Rama duhet t\u00eb mendoj\u00eb strategjin\u00eb e \u201cExit\u201d, n\u00ebse s\u2019do t\u00eb\u00a0p\u00ebrfundoj\u00eb\u00a0keq","gt_translate_keys":[{"key":"rendered","format":"text"}]},"content":{"rendered":"<p><span style=\"color: #000000;\"><img decoding=\"async\" src=\"https:\/\/www.hashtag.al\/wp-content\/uploads\/2019\/07\/arbenmalaj.jpg\" \/><\/span><\/p>\n<p><span style=\"color: #000000;\">Ish-ministri i Financave, Arben Malaj, gjat\u00eb intervist\u00ebs n\u00eb emisionin \u201cDritare\u201d, \u00ebsht\u00eb shprehur se kryeministri Edi Rama duhet t\u00eb jap\u00eb dor\u00ebheqjen nga drejtimi i Partis\u00eb Socialiste dhe m\u00eb pas edhe si kryeminist\u00ebr, duke e quajtur k\u00ebt\u00eb t\u00eb vetmen mund\u00ebsi p\u00ebr fitore.<\/span><\/p>\n<p><span style=\"color: #000000;\"><em>\u201cRama ka vet\u00ebm nj\u00eb mund\u00ebsi,\u201d <\/em>deklaroi Malaj, duke shtuar se kryeministri duhet t\u00eb ndjek\u00eb shembullin e Fatos Nanos dhe t\u00eb largohet nga drejtimi i PS-s\u00eb menj\u00ebher\u00eb pas zgjedhjeve. <em>\u201cT\u00eb h\u00ebn\u00ebn n\u00eb m\u00ebngjes, si\u00e7 b\u00ebri Nano, t\u00eb jap\u00eb dor\u00ebheqjen nga kryetari i Partis\u00eb Socialiste dhe t\u2019i hap\u00eb rrug\u00ebn partis\u00eb, sepse i ka z\u00ebn\u00eb frym\u00ebn,\u201d<\/em> sugjeroi ai.<\/span><\/p>\n<p><span style=\"color: #000000;\">Sipas Malajt, ky hap do t\u00eb ishte i domosdosh\u00ebm p\u00ebr t\u00eb siguruar nj\u00eb tranzicion t\u00eb sh\u00ebndetsh\u00ebm brenda PS-s\u00eb. Ai shtoi se brenda nj\u00eb viti, Rama duhet t\u00eb dor\u00ebhiqet edhe si kryeminist\u00ebr, sepse Shqip\u00ebria ka plot figura t\u00eb afta p\u00ebr t\u00eb udh\u00ebhequr dhe nuk duhet t\u00eb biem n\u00eb iden\u00eb e gabuar se \u201ckush do ta b\u00ebj\u00eb pas Ram\u00ebs\u201d.<\/span><\/p>\n<p><span style=\"color: #000000;\">Malaj kritikoi munges\u00ebn e nj\u00eb strategjie daljeje nga pushteti nga ana e kryeministrit.<\/span><\/p>\n<p><span style=\"color: #000000;\"><em>\u201cRama nuk ka exit strategji. N\u00ebse nuk ka nj\u00eb plan p\u00ebr largimin e tij, pavar\u00ebsisht se premton ndryshime, si\u00e7 tha se n\u00ebnkryetarja do t\u00eb jet\u00eb fem\u00ebr apo se nuk do t\u00eb jet\u00eb n\u00eb list\u00eb e pastaj u vu i pari, ai mbetet n\u00eb dilemat e tij,\u201d<\/em> u shpreh Malaj.<\/span><\/p>\n<p><span style=\"color: #000000;\">Ai paralajm\u00ebroi se historia ka treguar se pushteti absolut \u00e7on n\u00eb korrupsion absolut dhe se ata q\u00eb kan\u00eb k\u00ebmb\u00ebngulur t\u00eb mbajn\u00eb pushtetin me \u00e7do kusht, kan\u00eb p\u00ebrfunduar n\u00eb m\u00ebnyr\u00eb t\u00eb papritur.<\/span><\/p>\n<p><span style=\"color: #000000;\"><em>\u201cHistoria ka treguar q\u00eb ata q\u00eb kan\u00eb ndenjur deri n\u00eb fund me k\u00ebmb\u00ebngulje, kan\u00eb ikur n\u00eb m\u00ebnyr\u00eb jo t\u00eb mir\u00eb,\u201d<\/em> p\u00ebrfundoi Malaj.<\/span><\/p>\n","protected":false,"gt_translate_keys":[{"key":"rendered","format":"html"}]},"excerpt":{"rendered":"<p>Ish-ministri i Financave, Arben Malaj, gjat\u00eb intervist\u00ebs n\u00eb emisionin \u201cDritare\u201d, \u00ebsht\u00eb shprehur se kryeministri Edi Rama duhet t\u00eb jap\u00eb dor\u00ebheqjen nga drejtimi i Partis\u00eb Socialiste dhe m\u00eb pas edhe si kryeminist\u00ebr, duke e quajtur k\u00ebt\u00eb t\u00eb vetmen mund\u00ebsi p\u00ebr fitore. \u201cRama ka vet\u00ebm nj\u00eb mund\u00ebsi,\u201d deklaroi Malaj, duke shtuar se kryeministri duhet t\u00eb ndjek\u00eb shembullin [&hellip;]<\/p>\n","protected":false,"gt_translate_keys":[{"key":"rendered","format":"html"}]},"author":32,"featured_media":310472,"comment_status":"closed","ping_status":"open","sticky":false,"template":"","format":"standard","meta":{"footnotes":""},"categories":[22],"tags":[],"class_list":["post-732447","post","type-post","status-publish","format-standard","has-post-thumbnail","hentry","category-ballina"],"gt_translate_keys":[{"key":"link","format":"url"}],"_links":{"self":[{"href":"https:\/\/www.hashtag.al\/index.php\/wp-json\/wp\/v2\/posts\/732447","targetHints":{"allow":["GET"]}}],"collection":[{"href":"https:\/\/www.hashtag.al\/index.php\/wp-json\/wp\/v2\/posts"}],"about":[{"href":"https:\/\/www.hashtag.al\/index.php\/wp-json\/wp\/v2\/types\/post"}],"author":[{"embeddable":true,"href":"https:\/\/www.hashtag.al\/index.php\/wp-json\/wp\/v2\/users\/32"}],"replies":[{"embeddable":true,"href":"https:\/\/www.hashtag.al\/index.php\/wp-json\/wp\/v2\/comments?post=732447"}],"version-history":[{"count":99999,"href":"https:\/\/www.hashtag.al\/index.php\/wp-json\/wp\/v2\/posts\/732447\/revisions"}],"predecessor-version":[{"id":732448,"href":"https:\/\/www.hashtag.al\/index.php\/wp-json\/wp\/v2\/posts\/732447\/revisions\/732448"}],"wp:featuredmedia":[{"embeddable":true,"href":"https:\/\/www.hashtag.al\/index.php\/wp-json\/wp\/v2\/media\/310472"}],"wp:attachment":[{"href":"https:\/\/www.hashtag.al\/index.php\/wp-json\/wp\/v2\/media?parent=732447"}],"wp:term":[{"taxonomy":"category","embeddable":true,"href":"https:\/\/www.hashtag.al\/index.php\/wp-json\/wp\/v2\/categories?post=732447"},{"taxonomy":"post_tag","embeddable":true,"href":"https:\/\/www.hashtag.al\/index.php\/wp-json\/wp\/v2\/tags?post=732447"}],"curies":[{"name":"wp","href":"https:\/\/api.w.org\/{rel}","templated":true}]}}