{"id":732417,"date":"2025-03-27T19:34:24","date_gmt":"2025-03-27T18:34:24","guid":{"rendered":"https:\/\/www.hashtag.al\/?p=732417"},"modified":"2025-03-27T19:34:57","modified_gmt":"2025-03-27T18:34:57","slug":"besmir-semanaj-pajisjet-per-bllokimin-e-tiktok-ut-vijne-nga-izraeli-e-paqarte-kush-ka-bere-pagesen","status":"publish","type":"post","link":"https:\/\/www.hashtag.al\/index.php\/2025\/03\/27\/besmir-semanaj-pajisjet-per-bllokimin-e-tiktok-ut-vijne-nga-izraeli-e-paqarte-kush-ka-bere-pagesen\/","title":{"rendered":"Besmir Semanaj: Pajisjet p\u00ebr bllokimin e TikTok-ut vijn\u00eb nga Izraeli, e paqart\u00eb kush ka b\u00ebr\u00eb pages\u00ebn","gt_translate_keys":[{"key":"rendered","format":"text"}]},"content":{"rendered":"<p><span style=\"color: #000000;\"><img loading=\"lazy\" decoding=\"async\" class=\"aligncenter wp-image-732418 size-full\" src=\"https:\/\/www.hashtag.al\/wp-content\/uploads\/2025\/03\/besmir-semanaj.png\" alt=\"\" width=\"970\" height=\"533\" srcset=\"https:\/\/www.hashtag.al\/wp-content\/uploads\/2025\/03\/besmir-semanaj.png 970w, https:\/\/www.hashtag.al\/wp-content\/uploads\/2025\/03\/besmir-semanaj-300x165.png 300w, https:\/\/www.hashtag.al\/wp-content\/uploads\/2025\/03\/besmir-semanaj-768x422.png 768w\" sizes=\"auto, (max-width: 970px) 100vw, 970px\" \/><\/span><\/p>\n<p><span style=\"color: #000000;\">Eksperti i IT, Besmir Semanaj, n\u00eb nj\u00eb intervist\u00eb p\u00ebr emisionin Task Force n\u00eb Syri TV foli p\u00ebr mbylljen e TikTokut dhe pajisjet e marra p\u00ebr t\u00eb mbyllur p\u00ebrdorimin e rrjetit social n\u00eb Shqip\u00ebri.<\/span><\/p>\n<p><span style=\"color: #000000;\">Semanaj <span style=\"color: #3366ff;\"><a style=\"color: #3366ff;\" href=\"https:\/\/youtu.be\/1H5kCMA-IDU\">deklaroi<\/a><\/span> se qytetar\u00ebt jan\u00eb t\u00eb shqet\u00ebsuar p\u00ebr pajisjet e marra nga Izraeli duke th\u00ebn\u00eb se nuk \u00ebsht\u00eb akoma e qart\u00eb kush e ka b\u00ebr\u00eb pages\u00ebn.<\/span><\/p>\n<p><span style=\"color: #000000;\">Sipas tij justifikimi p\u00ebr blerjen e pajisjeve ka qen\u00eb bllokimi i TikTok-ut, por gjat\u00eb tentativa kan\u00eb mbyllur dhe sh\u00ebrbimet sociale.<\/span><\/p>\n<p><span style=\"color: #000000;\"><em>\u201cK\u00ebto pajisje kan\u00eb hyr\u00eb n\u00eb Shqip\u00ebri m\u00eb 11 mars 2025. Nuk jan\u00eb kompani t\u00eb cilat kan\u00eb b\u00ebr\u00eb k\u00ebrkes\u00eb dhe t\u00eb cilat i kan\u00eb bler\u00eb k\u00ebto pajisje. Nj\u00eb prej k\u00ebtyre \u00ebsht\u00eb p\u00ebrball\u00eb spitalit nr.5. Koleg\u00ebt jan\u00eb t\u00eb shqet\u00ebsuar, sepse n\u00eb fund t\u00eb dit\u00ebs jan\u00eb qytetar\u00eb dhe kan\u00eb b\u00ebr\u00eb fotografi t\u00eb pajisjeve.<\/em><\/span><\/p>\n<p><span style=\"color: #000000;\"><em>Pajisjet vijn\u00eb nga Izraeli dhe nuk \u00ebsht\u00eb e qart\u00eb kush ka b\u00ebr\u00eb pages\u00ebn. Justifikimi i k\u00ebtyre pajisjeve \u00ebsht\u00eb bllokimi i TikTok-ut. Gjat\u00eb tentativave p\u00ebr mbylljen e TikToku-t b\u00ebn\u00eb edhe shum\u00eb gafa duke bllokuar mbylljen e sh\u00ebrbimeve sociale. E kuptuan q\u00eb nuk mund ta bllokojn\u00eb dot TikTok-un, sepse \u00e7do gj\u00eb funksionon n\u00eb koh\u00eb reale. \u201c\u00a0<\/em>\u2013 tha Semanaj.<\/span><\/p>\n<p><span style=\"color: #000000;\">Lidhur me pajisjet e cil\u00ebsuar p\u00ebrgjuese, \u00a0p\u00ebr bllokimin e TikTokut <a style=\"color: #000000;\" href=\"https:\/\/youtu.be\/D9ZQghmFdkQ\"><span style=\"color: #3366ff;\">foli n\u00eb emision<\/span><\/a> edhe gazetari Klodian Tomorri.<\/span><\/p>\n<p><span style=\"color: #000000;\">Tomorri tha se pajisjet jan\u00eb nj\u00eb bomb\u00eb me sahat n\u00eb dor\u00ebn e qeveris\u00eb t\u00eb cilat mund t\u00eb p\u00ebrdoren ndaj kujdo.<\/span><\/p>\n<p><span style=\"color: #000000;\"><em>\u201cNj\u00eb nga ngjarjet m\u00eb t\u00eb r\u00ebnda q\u00eb mund t\u00eb ket\u00eb ndodhur n\u00eb raport me shkeljen e ligjit, por shkon edhe shum\u00eb p\u00ebrtej shkeljes s\u00eb ligjit, n\u00ebse verifikohet ashtu si\u00e7 \u00ebsht\u00eb.<\/em><\/span><\/p>\n<p><span style=\"color: #000000;\"><em>Nj\u00eb qeveri prokuron n\u00eb m\u00ebnyr\u00eb t\u00eb dyshimt\u00eb disa pajisje, t\u00eb cilat nuk dihet se kush i ka marr\u00eb, pajisje q\u00eb u p\u00ebrdorkan p\u00ebr bllokim interneti, p\u00ebr t\u00eb bllokuar apo ngadal\u00ebsuar mediat q\u00eb ti do, u p\u00ebrdorkan p\u00ebr p\u00ebrgjime masive.<\/em><\/span><\/p>\n<p><span style=\"color: #000000;\"><em>Si mund t\u00eb b\u00ebhet fshehtas, dhe fakti q\u00eb \u00ebsht\u00eb b\u00ebr\u00eb n\u00eb fsheht\u00ebsi, n\u00eb sekret t\u00eb plot\u00eb, tregon se kjo \u00ebsht\u00eb t\u00ebr\u00ebsisht jo ligjore.<\/em><\/span><\/p>\n<p><span style=\"color: #000000;\"><em>Denoncimi dhe detaje q\u00eb na japin se kur ka ardhur, e ku \u00ebsht\u00eb instaluar pajisje, ky \u00ebsht\u00eb nj\u00eb informacion q\u00eb i ka faktet t\u00eb gatshme.<\/em><\/span><\/p>\n<p><span style=\"color: #000000;\"><em>Gj\u00ebrat q\u00eb b\u00ebhen fshehtas, nuk kan\u00eb asnj\u00ebher\u00eb q\u00ebllim t\u00eb mir\u00eb, por q\u00ebllime djall\u00ebzore nga pas.<\/em><\/span><\/p>\n<p><span style=\"color: #000000;\"><em>P\u00ebr mua kjo gj\u00eb duhet t\u00eb hetohet nga struktura e posa\u00e7me, p\u00ebr faktin se kjo \u00ebsht\u00eb nj\u00eb bomb\u00eb q\u00eb qeveria e ka n\u00eb dor\u00eb dhe mund ta l\u00ebshoj\u00eb kur t\u00eb doj\u00eb, p\u00ebr interesat e veta.<\/em><\/span><\/p>\n<p><span style=\"color: #000000;\"><em>Nuk mund t\u00eb jet\u00eb Shqip\u00ebria nj\u00eb vend ku qeveria merr pajisje t\u00eb dyshimta, i fut p\u00ebrmes metodave t\u00eb fshehta, dhe mund ti p\u00ebrdor\u00eb si t\u00eb doj\u00eb.<\/em><\/span><\/p>\n<p><span style=\"color: #000000;\"><em>Ma merr mendja se edhe n\u00eb Turqi, sapo vende t\u00eb tjera \u2018demokratike\u2019 nuk e kan\u00eb b\u00ebr\u00eb nj\u00eb gj\u00eb t\u00eb till\u00eb.<\/em><\/span><\/p>\n<p><span style=\"color: #000000;\"><em>Kjo \u00ebsht\u00eb totalisht jasht\u00eb shinave t\u00eb ligjit\u2019,<\/em>\u00a0u shpreh Klodian Tomorri<\/span><\/p>\n","protected":false,"gt_translate_keys":[{"key":"rendered","format":"html"}]},"excerpt":{"rendered":"<p>Eksperti i IT, Besmir Semanaj, n\u00eb nj\u00eb intervist\u00eb p\u00ebr emisionin Task Force n\u00eb Syri TV foli p\u00ebr mbylljen e TikTokut dhe pajisjet e marra p\u00ebr t\u00eb mbyllur p\u00ebrdorimin e rrjetit social n\u00eb Shqip\u00ebri. Semanaj deklaroi se qytetar\u00ebt jan\u00eb t\u00eb shqet\u00ebsuar p\u00ebr pajisjet e marra nga Izraeli duke th\u00ebn\u00eb se nuk \u00ebsht\u00eb akoma e qart\u00eb kush [&hellip;]<\/p>\n","protected":false,"gt_translate_keys":[{"key":"rendered","format":"html"}]},"author":32,"featured_media":732418,"comment_status":"closed","ping_status":"open","sticky":false,"template":"","format":"standard","meta":{"footnotes":""},"categories":[65,13],"tags":[],"class_list":["post-732417","post","type-post","status-publish","format-standard","has-post-thumbnail","hentry","category-lajme","category-te-fundit"],"gt_translate_keys":[{"key":"link","format":"url"}],"_links":{"self":[{"href":"https:\/\/www.hashtag.al\/index.php\/wp-json\/wp\/v2\/posts\/732417","targetHints":{"allow":["GET"]}}],"collection":[{"href":"https:\/\/www.hashtag.al\/index.php\/wp-json\/wp\/v2\/posts"}],"about":[{"href":"https:\/\/www.hashtag.al\/index.php\/wp-json\/wp\/v2\/types\/post"}],"author":[{"embeddable":true,"href":"https:\/\/www.hashtag.al\/index.php\/wp-json\/wp\/v2\/users\/32"}],"replies":[{"embeddable":true,"href":"https:\/\/www.hashtag.al\/index.php\/wp-json\/wp\/v2\/comments?post=732417"}],"version-history":[{"count":99999,"href":"https:\/\/www.hashtag.al\/index.php\/wp-json\/wp\/v2\/posts\/732417\/revisions"}],"predecessor-version":[{"id":732420,"href":"https:\/\/www.hashtag.al\/index.php\/wp-json\/wp\/v2\/posts\/732417\/revisions\/732420"}],"wp:featuredmedia":[{"embeddable":true,"href":"https:\/\/www.hashtag.al\/index.php\/wp-json\/wp\/v2\/media\/732418"}],"wp:attachment":[{"href":"https:\/\/www.hashtag.al\/index.php\/wp-json\/wp\/v2\/media?parent=732417"}],"wp:term":[{"taxonomy":"category","embeddable":true,"href":"https:\/\/www.hashtag.al\/index.php\/wp-json\/wp\/v2\/categories?post=732417"},{"taxonomy":"post_tag","embeddable":true,"href":"https:\/\/www.hashtag.al\/index.php\/wp-json\/wp\/v2\/tags?post=732417"}],"curies":[{"name":"wp","href":"https:\/\/api.w.org\/{rel}","templated":true}]}}