{"id":732388,"date":"2025-03-27T17:14:59","date_gmt":"2025-03-27T16:14:59","guid":{"rendered":"https:\/\/www.hashtag.al\/?p=732388"},"modified":"2025-03-27T17:14:59","modified_gmt":"2025-03-27T16:14:59","slug":"kqz-ja-certifikon-rezultatet-e-zgjedhjeve-ne-kosove-hapet-rruga-per-formimin-e-institucioneve-te-reja","status":"publish","type":"post","link":"https:\/\/www.hashtag.al\/index.php\/2025\/03\/27\/kqz-ja-certifikon-rezultatet-e-zgjedhjeve-ne-kosove-hapet-rruga-per-formimin-e-institucioneve-te-reja\/","title":{"rendered":"KQZ-ja certifikon rezultatet e zgjedhjeve n\u00eb Kosov\u00eb, hapet rruga p\u00ebr formimin e institucioneve t\u00eb reja","gt_translate_keys":[{"key":"rendered","format":"text"}]},"content":{"rendered":"<p><span style=\"color: #000000;\"><img loading=\"lazy\" decoding=\"async\" class=\"alignnone size-medium wp-image-732389\" src=\"https:\/\/www.hashtag.al\/wp-content\/uploads\/2025\/03\/Screenshot-2025-03-27-181227-300x152.png\" alt=\"\" width=\"300\" height=\"152\" srcset=\"https:\/\/www.hashtag.al\/wp-content\/uploads\/2025\/03\/Screenshot-2025-03-27-181227-300x152.png 300w, https:\/\/www.hashtag.al\/wp-content\/uploads\/2025\/03\/Screenshot-2025-03-27-181227-1024x520.png 1024w, https:\/\/www.hashtag.al\/wp-content\/uploads\/2025\/03\/Screenshot-2025-03-27-181227-768x390.png 768w, https:\/\/www.hashtag.al\/wp-content\/uploads\/2025\/03\/Screenshot-2025-03-27-181227-568x290.png 568w, https:\/\/www.hashtag.al\/wp-content\/uploads\/2025\/03\/Screenshot-2025-03-27-181227.png 1247w\" sizes=\"auto, (max-width: 300px) 100vw, 300px\" \/><\/span><\/p>\n<p><span style=\"color: #000000;\">Komisioni Qendror i Zgjedhjeve (KQZ) i ka certifikuar t\u00eb enjten rezultatet e zgjedhjeve parlamentare t\u00eb 9 shkurtit, duke i hapur k\u00ebshtu rrug\u00eb formimit t\u00eb institucioneve t\u00eb reja t\u00eb Kosov\u00ebs.<\/span><\/p>\n<p><span style=\"color: #000000;\">N\u00eb nj\u00eb mbledhje pasditen e s\u00eb enjtes n\u00eb Prishtin\u00eb, KQZ-ja e miratoi certifikimin e rezultateve p\u00ebrfundimtare t\u00eb zgjedhjeve me 9 vota p\u00ebr dhe 2 kund\u00ebr.<\/span><\/p>\n<p><span style=\"color: #000000;\">Dy an\u00ebtar\u00ebt e L\u00ebvizjes Vet\u00ebvendosje (LVV) n\u00eb KQZ, Sami Kurteshi dhe Alban Krasniqi, kund\u00ebrshtuan certifikimin e zgjedhjeve n\u00eb k\u00ebt\u00eb koh\u00eb, pasi partia e tyre ka k\u00ebrkuar anulimin e votave me post\u00eb dhe rivotim me post\u00eb, pavar\u00ebsisht se Gjykata Supreme e rr\u00ebzoi k\u00ebrkes\u00ebn e saj.<\/span><\/p>\n<p><span style=\"color: #000000;\"><em>\u201cNe do t\u2019i ndjekim rrug\u00ebt ligjore dhe do ta d\u00ebrgojm\u00eb edhe n\u00eb Gjykat\u00ebn Kushtetuese p\u00ebr mas\u00eb t\u00eb p\u00ebrkohshme p\u00ebr moszbatimin e k\u00ebsaj pjese t\u00eb votave, prandaj&#8230; deri sa t\u00eb p\u00ebrfundojn\u00eb t\u00eb gjitha rrug\u00ebt ligjore nuk mund ta votoj\u00eb certifikimin e rezultateve\u201d,<\/em> tha Kurteshi.<\/span><\/p>\n<p><span style=\"color: #000000;\">LVV-ja i fitoi zgjedhjet e 9 shkurtit me 42.30 p\u00ebr qind t\u00eb votave, duke i l\u00ebn\u00eb pas Partin\u00eb Demokratike t\u00eb Kosov\u00ebs me 20.95 p\u00ebr qind dhe Lidhjen Demokratike t\u00eb Kosov\u00ebs me 18.27 p\u00ebr qind.<\/span><\/p>\n<p><span style=\"color: #000000;\">N\u00eb vendin e kat\u00ebrt \u00ebsht\u00eb koalicioni mes Aleanc\u00ebs p\u00ebr Ardhm\u00ebrin\u00eb e Kosov\u00ebs dhe Nism\u00ebs Socialdemokrate me 7.06 p\u00ebr qind.<\/span><\/p>\n<p><span style=\"color: #000000;\">Lista Serbe \u2013 partia m\u00eb e madhe e serb\u00ebve n\u00eb Kosov\u00eb \u2013 ka siguruar 4.26 p\u00ebr qind t\u00eb votave.<\/span><\/p>\n<p><span style=\"color: #000000;\">Tre kryetar\u00eb komunash &#8211; p\u00ebrfshir\u00eb kandidatin e PDK-s\u00eb p\u00ebr kryeminist\u00ebr n\u00eb k\u00ebto zgjedhje Bedri Hamza &#8211; hoq\u00ebn dor\u00eb nga mandati i deputetit, sepse, sipas ligjeve dhe Kushtetut\u00ebs, nuk kan\u00eb t\u00eb drejt\u00eb t\u2019i mbaj\u00eb dy pozita zyrtare.<\/span><\/p>\n<p><span style=\"color: #000000;\">Kryetari i Pej\u00ebs, Gazmend Muhaxheri hoqi dor\u00eb nga mandati i deputetit dhe do t\u00eb z\u00ebvend\u00ebsohet nga Arben Gashi. Kryetari i Lipjanit, Imri Ahmeti do t\u00eb z\u00ebvend\u00ebsohet nga Paris Guri, nd\u00ebrsa kryetari i Mitrovic\u00ebs s\u00eb Jugut, Bedri Hamza, do t\u00eb z\u00ebvend\u00ebsohet nga Rashit Qalaj.<\/span><\/p>\n<p><span style=\"color: #000000;\">Procedurat p\u00ebr formimin e institucioneve t\u00eb reja jan\u00eb t\u00eb parapara n\u00eb Kushtetut\u00eb dhe ligje t\u00eb tjera, si\u00e7 shpjegon teksti n\u00eb vijim.<\/span><\/p>\n<p><span style=\"color: #000000;\">Menj\u00ebher\u00eb pas certifikimit t\u00eb rezultateve t\u00eb zgjedhjeve hapi i par\u00eb \u00ebsht\u00eb konstituimi i p\u00ebrb\u00ebrjes s\u00eb re parlamentare dhe pastaj i formimit t\u00eb Qeveris\u00eb s\u00eb re.<\/span><\/p>\n<p><span style=\"color: #000000;\">Sipas Kushtetut\u00ebs dhe Rregullores s\u00eb Kuvendit, pas certifikimit t\u00eb rezultateve t\u00eb zgjedhjeve presidentja e Kosov\u00ebs, Vjosa Osmani, duhet q\u00eb brenda 30 dit\u00ebsh t\u00eb th\u00ebrras\u00eb seanc\u00ebn konstituive t\u00eb Kuvendit.<\/span><\/p>\n<p><span style=\"color: #000000;\">Gjat\u00eb k\u00ebsaj seance, deputet\u00ebt e rinj b\u00ebjn\u00eb betimin dhe m\u00eb pas zgjedhin kryetar\u00ebt dhe n\u00ebnkryetar\u00ebt.<\/span><\/p>\n<p><span style=\"color: #000000;\">Posti i kryetarit t\u00eb Kuvendit i takon partis\u00eb s\u00eb par\u00eb n\u00eb zgjedhje, n\u00eb k\u00ebt\u00eb rast LVV-s\u00eb. Nd\u00ebrkaq, partit\u00eb m\u00eb t\u00eb m\u00ebdha politike propozojn\u00eb nj\u00eb kandidat p\u00ebr n\u00ebnkryetar, por edhe deputet\u00ebt e komunitetit serb dhe ata t\u00eb komuniteteve joshumic\u00eb, duhet t\u00eb propozojn\u00eb nga nj\u00eb deputet p\u00ebr postin e n\u00ebnkryetarit.<\/span><\/p>\n<p><span style=\"color: #000000;\">Kryetari dhe n\u00ebnkryetar\u00ebt zgjidhen me shumic\u00eb t\u00eb votave. Seanca konstituive, sipas Rregullores s\u00eb Kuvendit, p\u00ebrfundon me zgjedhjen e tyre.<\/span><\/p>\n<p><span style=\"color: #000000;\"><em>\u201cNd\u00ebrprerjet gjat\u00eb seanc\u00ebs konstituive nuk mund t\u00eb jen\u00eb m\u00eb t\u00eb gjata se 48 or\u00eb\u201d,<\/em> thuhet n\u00eb Nenin 12, pika 5 e Rregullores s\u00eb Kuvendit.\/<span style=\"color: #0000ff;\"><a style=\"color: #0000ff;\" href=\"https:\/\/www.evropaelire.org\/a\/kqz-certifikon-rezultatet-zgjedhjeve\/33362045.html\">REL<\/a><\/span><\/span><\/p>\n","protected":false,"gt_translate_keys":[{"key":"rendered","format":"html"}]},"excerpt":{"rendered":"<p>Komisioni Qendror i Zgjedhjeve (KQZ) i ka certifikuar t\u00eb enjten rezultatet e zgjedhjeve parlamentare t\u00eb 9 shkurtit, duke i hapur k\u00ebshtu rrug\u00eb formimit t\u00eb institucioneve t\u00eb reja t\u00eb Kosov\u00ebs. N\u00eb nj\u00eb mbledhje pasditen e s\u00eb enjtes n\u00eb Prishtin\u00eb, KQZ-ja e miratoi certifikimin e rezultateve p\u00ebrfundimtare t\u00eb zgjedhjeve me 9 vota p\u00ebr dhe 2 kund\u00ebr. Dy [&hellip;]<\/p>\n","protected":false,"gt_translate_keys":[{"key":"rendered","format":"html"}]},"author":32,"featured_media":732389,"comment_status":"closed","ping_status":"open","sticky":false,"template":"","format":"standard","meta":{"footnotes":""},"categories":[149],"tags":[],"class_list":["post-732388","post","type-post","status-publish","format-standard","has-post-thumbnail","hentry","category-kosoverajon"],"gt_translate_keys":[{"key":"link","format":"url"}],"_links":{"self":[{"href":"https:\/\/www.hashtag.al\/index.php\/wp-json\/wp\/v2\/posts\/732388","targetHints":{"allow":["GET"]}}],"collection":[{"href":"https:\/\/www.hashtag.al\/index.php\/wp-json\/wp\/v2\/posts"}],"about":[{"href":"https:\/\/www.hashtag.al\/index.php\/wp-json\/wp\/v2\/types\/post"}],"author":[{"embeddable":true,"href":"https:\/\/www.hashtag.al\/index.php\/wp-json\/wp\/v2\/users\/32"}],"replies":[{"embeddable":true,"href":"https:\/\/www.hashtag.al\/index.php\/wp-json\/wp\/v2\/comments?post=732388"}],"version-history":[{"count":99999,"href":"https:\/\/www.hashtag.al\/index.php\/wp-json\/wp\/v2\/posts\/732388\/revisions"}],"predecessor-version":[{"id":732390,"href":"https:\/\/www.hashtag.al\/index.php\/wp-json\/wp\/v2\/posts\/732388\/revisions\/732390"}],"wp:featuredmedia":[{"embeddable":true,"href":"https:\/\/www.hashtag.al\/index.php\/wp-json\/wp\/v2\/media\/732389"}],"wp:attachment":[{"href":"https:\/\/www.hashtag.al\/index.php\/wp-json\/wp\/v2\/media?parent=732388"}],"wp:term":[{"taxonomy":"category","embeddable":true,"href":"https:\/\/www.hashtag.al\/index.php\/wp-json\/wp\/v2\/categories?post=732388"},{"taxonomy":"post_tag","embeddable":true,"href":"https:\/\/www.hashtag.al\/index.php\/wp-json\/wp\/v2\/tags?post=732388"}],"curies":[{"name":"wp","href":"https:\/\/api.w.org\/{rel}","templated":true}]}}