{"id":732386,"date":"2025-03-27T16:57:58","date_gmt":"2025-03-27T15:57:58","guid":{"rendered":"https:\/\/www.hashtag.al\/?p=732386"},"modified":"2025-03-27T16:57:58","modified_gmt":"2025-03-27T15:57:58","slug":"vrasja-e-martin-canit-gjykata-e-tiranes-kalon-per-gjykim-autorin-14-vjecar-mario-perlleshaj","status":"publish","type":"post","link":"https:\/\/www.hashtag.al\/index.php\/2025\/03\/27\/vrasja-e-martin-canit-gjykata-e-tiranes-kalon-per-gjykim-autorin-14-vjecar-mario-perlleshaj\/","title":{"rendered":"Vrasja e Martin Canit, gjykata e Tiran\u00ebs kalon p\u00ebr gjykim autorin 14-vje\u00e7ar Mario P\u00ebrlleshaj","gt_translate_keys":[{"key":"rendered","format":"text"}]},"content":{"rendered":"<p><span style=\"color: #000000;\"><img loading=\"lazy\" decoding=\"async\" class=\"alignnone size-medium wp-image-710966\" src=\"https:\/\/www.hashtag.al\/wp-content\/uploads\/2024\/11\/martin-cani-mario-thika-300x176.png\" alt=\"\" width=\"300\" height=\"176\" srcset=\"https:\/\/www.hashtag.al\/wp-content\/uploads\/2024\/11\/martin-cani-mario-thika-300x176.png 300w, https:\/\/www.hashtag.al\/wp-content\/uploads\/2024\/11\/martin-cani-mario-thika.png 752w\" sizes=\"auto, (max-width: 300px) 100vw, 300px\" \/><\/span><\/p>\n<p><span style=\"color: #000000;\">Gjykata e Tiran\u00ebs ka vendosur q\u00eb t\u00eb kaloj\u00eb p\u00ebr gjykim \u00e7\u00ebshtjen n\u00eb ngarkim t\u00eb miturit Mario P\u00ebrlleshaj, i akuzuar p\u00ebr vrasjen e bashk\u00ebmoshatarit t\u00eb tij, Martin Cani.<\/span><\/p>\n<p><span style=\"color: #000000;\">Ngjarja e r\u00ebnd\u00eb ndodhi m\u00eb 18 n\u00ebntor t\u00eb vitit t\u00eb kaluar, n\u00eb af\u00ebrsi t\u00eb shkoll\u00ebs \u201cFan Noli\u201d.<\/span><\/p>\n<p><span style=\"color: #000000;\">Gjyqtarja Migena Laska pranoi k\u00ebrkes\u00ebn e prokuroris\u00eb p\u00ebr gjykim t\u00eb dosjes penale. P\u00ebrlleshaj, i cili \u00ebsht\u00eb 14 vje\u00e7, do t\u00eb gjykohet p\u00ebr vepr\u00ebn penale t\u00eb vrasjes n\u00eb rrethana cil\u00ebsuese ndaj dy ose m\u00eb shum\u00eb personave.<\/span><\/p>\n<p><span style=\"color: #000000;\">Gjykata rr\u00ebzoi gjithashtu k\u00ebrkes\u00ebn p\u00ebr gjykim t\u00eb shkurtuar t\u00eb b\u00ebr\u00eb nga avokati i miturit, duke e \u00e7uar k\u00ebshtu \u00e7\u00ebshtjen n\u00eb procesin e rregullt gjyq\u00ebsor.<\/span><\/p>\n","protected":false,"gt_translate_keys":[{"key":"rendered","format":"html"}]},"excerpt":{"rendered":"<p>Gjykata e Tiran\u00ebs ka vendosur q\u00eb t\u00eb kaloj\u00eb p\u00ebr gjykim \u00e7\u00ebshtjen n\u00eb ngarkim t\u00eb miturit Mario P\u00ebrlleshaj, i akuzuar p\u00ebr vrasjen e bashk\u00ebmoshatarit t\u00eb tij, Martin Cani. Ngjarja e r\u00ebnd\u00eb ndodhi m\u00eb 18 n\u00ebntor t\u00eb vitit t\u00eb kaluar, n\u00eb af\u00ebrsi t\u00eb shkoll\u00ebs \u201cFan Noli\u201d. Gjyqtarja Migena Laska pranoi k\u00ebrkes\u00ebn e prokuroris\u00eb p\u00ebr gjykim t\u00eb dosjes [&hellip;]<\/p>\n","protected":false,"gt_translate_keys":[{"key":"rendered","format":"html"}]},"author":32,"featured_media":710966,"comment_status":"closed","ping_status":"open","sticky":false,"template":"","format":"standard","meta":{"footnotes":""},"categories":[65],"tags":[],"class_list":["post-732386","post","type-post","status-publish","format-standard","has-post-thumbnail","hentry","category-lajme"],"gt_translate_keys":[{"key":"link","format":"url"}],"_links":{"self":[{"href":"https:\/\/www.hashtag.al\/index.php\/wp-json\/wp\/v2\/posts\/732386","targetHints":{"allow":["GET"]}}],"collection":[{"href":"https:\/\/www.hashtag.al\/index.php\/wp-json\/wp\/v2\/posts"}],"about":[{"href":"https:\/\/www.hashtag.al\/index.php\/wp-json\/wp\/v2\/types\/post"}],"author":[{"embeddable":true,"href":"https:\/\/www.hashtag.al\/index.php\/wp-json\/wp\/v2\/users\/32"}],"replies":[{"embeddable":true,"href":"https:\/\/www.hashtag.al\/index.php\/wp-json\/wp\/v2\/comments?post=732386"}],"version-history":[{"count":99999,"href":"https:\/\/www.hashtag.al\/index.php\/wp-json\/wp\/v2\/posts\/732386\/revisions"}],"predecessor-version":[{"id":732387,"href":"https:\/\/www.hashtag.al\/index.php\/wp-json\/wp\/v2\/posts\/732386\/revisions\/732387"}],"wp:featuredmedia":[{"embeddable":true,"href":"https:\/\/www.hashtag.al\/index.php\/wp-json\/wp\/v2\/media\/710966"}],"wp:attachment":[{"href":"https:\/\/www.hashtag.al\/index.php\/wp-json\/wp\/v2\/media?parent=732386"}],"wp:term":[{"taxonomy":"category","embeddable":true,"href":"https:\/\/www.hashtag.al\/index.php\/wp-json\/wp\/v2\/categories?post=732386"},{"taxonomy":"post_tag","embeddable":true,"href":"https:\/\/www.hashtag.al\/index.php\/wp-json\/wp\/v2\/tags?post=732386"}],"curies":[{"name":"wp","href":"https:\/\/api.w.org\/{rel}","templated":true}]}}