{"id":731966,"date":"2025-03-25T15:28:12","date_gmt":"2025-03-25T14:28:12","guid":{"rendered":"https:\/\/www.hashtag.al\/?p=731966"},"modified":"2025-03-25T15:28:12","modified_gmt":"2025-03-25T14:28:12","slug":"vucic-pret-sorensenin-asociacioni-parakusht-per-normalizim","status":"publish","type":"post","link":"https:\/\/www.hashtag.al\/index.php\/2025\/03\/25\/vucic-pret-sorensenin-asociacioni-parakusht-per-normalizim\/","title":{"rendered":"Vu\u00e7i\u00e7 pret Sorensenin: Asociacioni, parakusht p\u00ebr normalizim","gt_translate_keys":[{"key":"rendered","format":"text"}]},"content":{"rendered":"<p style=\"text-align: left;\"><span style=\"color: #000000;\"><img loading=\"lazy\" decoding=\"async\" class=\"aligncenter size-full wp-image-731967\" src=\"https:\/\/www.hashtag.al\/wp-content\/uploads\/2025\/03\/Screenshot-2025-03-25-130903.png\" alt=\"\" width=\"1013\" height=\"577\" srcset=\"https:\/\/www.hashtag.al\/wp-content\/uploads\/2025\/03\/Screenshot-2025-03-25-130903.png 1013w, https:\/\/www.hashtag.al\/wp-content\/uploads\/2025\/03\/Screenshot-2025-03-25-130903-300x171.png 300w, https:\/\/www.hashtag.al\/wp-content\/uploads\/2025\/03\/Screenshot-2025-03-25-130903-768x437.png 768w\" sizes=\"auto, (max-width: 1013px) 100vw, 1013px\" \/><\/span><\/p>\n<p style=\"text-align: left;\"><span style=\"color: #000000;\">Presidenti i Serbis\u00eb, Aleksandar Vu\u00e7i\u00e7, u takua t\u00eb mart\u00ebn n\u00eb Beograd me t\u00eb d\u00ebrguarin e Bashkimit Evropian p\u00ebr dialogun Kosov\u00eb-Serbi, Peter Sorensen.<\/span><\/p>\n<p style=\"text-align: left;\"><span style=\"color: #000000;\">N\u00eb nj\u00eb postim n\u00eb Instagram pas takimit, Vu\u00e7i\u00e7 tha se takimi i tij i par\u00eb me t\u00eb d\u00ebrguarin e ri p\u00ebr dialogun ishte \u201ci hapur dhe i drejt\u00eb\u201d.<\/span><\/p>\n<p style=\"text-align: left;\"><span style=\"color: #000000;\">Ai ka th\u00ebn\u00eb se e ka njoftuar Sorensenin, i cili jav\u00ebn e kaluar e vizitoi Kosov\u00ebn \u201cp\u00ebr problemet me t\u00eb cilat ballafaqohen serb\u00ebt\u201d atje.<\/span><\/p>\n<p style=\"text-align: left;\"><span style=\"color: #000000;\">\u201c<em>Un\u00eb shpreha shqet\u00ebsim t\u00eb ve\u00e7ant\u00eb p\u00ebr pozit\u00ebn e v\u00ebshtir\u00eb n\u00eb t\u00eb cil\u00ebn ndodhen serb\u00ebt p\u00ebr shkak t\u00eb l\u00ebvizjeve t\u00eb shumta p\u00ebrshkall\u00ebzuese, t\u00eb nj\u00ebanshme dhe t\u00eb dhunshme t\u00eb Prishtin\u00ebs\u201d<\/em>, shkroi Vu\u00e7i\u00e7.<\/span><\/p>\n<p style=\"text-align: left;\"><span style=\"color: #000000;\">Presidenti serb e akuzoi Kosov\u00ebn se po b\u00ebn \u201cpengesa t\u00eb vazhdueshme n\u00eb procesin e dialogut\u201d, duke rip\u00ebrs\u00ebritur se themelimi i Asociacionit t\u00eb komunave me shumic\u00eb serbe n\u00eb Kosov\u00eb \u201c\u00ebsht\u00eb parakusht p\u00ebr fillimin e nj\u00eb normalizimi thelb\u00ebsor t\u00eb marr\u00ebdh\u00ebnieve\u201d.<\/span><\/p>\n<p style=\"text-align: left;\"><span style=\"color: #000000;\">N\u00eb tetor t\u00eb vitit 2023, t\u00eb d\u00ebrguarit e at\u00ebhersh\u00ebm t\u00eb BE-s\u00eb, SHBA-s\u00eb, Franc\u00ebs, Gjermanis\u00eb dhe Italis\u00eb, ia ofruan Kosov\u00ebs dhe Serbis\u00eb nj\u00eb draft-statut p\u00ebr Asociacionin e komunave me shumic\u00eb serbe, por Kosova nuk ka pranuar ta themeloj\u00eb at\u00eb.<\/span><\/p>\n<p style=\"text-align: left;\"><span style=\"color: #000000;\">Kryeministri i Kosov\u00ebs, Albin Kurti, nuk ka pranuar ta d\u00ebrgoj\u00eb k\u00ebt\u00eb draft-statut p\u00ebr shqyrtim n\u00eb Gjykat\u00ebn Kushtetuese t\u00eb Kosov\u00ebs &#8211; veprim q\u00eb do t\u00eb sh\u00ebnonte hapin e par\u00eb drejt krijimit t\u00eb Asociacionit.<\/span><\/p>\n<p style=\"text-align: left;\"><span style=\"color: #000000;\">Presidentja e Kosov\u00ebs, Vjosa Osmani, tha m\u00eb 21 mars se draft-statuti i Asociacionit i hartuar nga BE-ja nuk \u00ebsht\u00eb n\u00eb p\u00ebrputhje me Kushtetut\u00ebn e Kosov\u00ebs dhe se k\u00ebt\u00eb ia ka th\u00ebn\u00eb edhe Sorensenit gjat\u00eb vizit\u00ebs s\u00eb tij n\u00eb Prishtin\u00eb m\u00eb 17 mars.<\/span><\/p>\n<p style=\"text-align: left;\"><span style=\"color: #000000;\">Asociacioni i komunave me shumic\u00eb serbe parashikon nj\u00eb nivel t\u00eb caktuar t\u00eb vet\u00ebmenaxhimit p\u00ebr serb\u00ebt e Kosov\u00ebs.<\/span><\/p>\n<p style=\"text-align: left;\"><span style=\"color: #000000;\">Vu\u00e7i\u00e7 tha se pret nga Bashkimi Evropian ta rris\u00eb angazhimin e tij n\u00eb m\u00ebnyr\u00eb q\u00eb t\u00eb ruaj\u00eb besueshm\u00ebrin\u00eb e dialogut dhe t\u00eb mbaj\u00eb rol t\u00eb paansh\u00ebm n\u00eb k\u00ebt\u00eb proces.<\/span><\/p>\n<p style=\"text-align: left;\"><span style=\"color: #000000;\">Ai shtoi se q\u00ebndrimi i Serbis\u00eb \u00ebsht\u00eb se vet\u00ebm dialogu konstruktiv dhe zgjidhjet kompromisi mund t\u00eb kontribuojn\u00eb p\u00ebr paqen dhe stabilitetin afatgjat\u00eb n\u00eb Ballkanin Per\u00ebndimor.<\/span><\/p>\n<p style=\"text-align: left;\"><span style=\"color: #000000;\">Sorensen \u2013 n\u00eb vizit\u00ebn e tij t\u00eb par\u00eb n\u00eb Kosov\u00eb q\u00eb nga marrja e detyr\u00ebs \u2013 u takua me udh\u00ebheq\u00ebsit institucional\u00eb dhe me p\u00ebrfaq\u00ebsuesit e opozit\u00ebs jav\u00ebn e kaluar.<\/span><\/p>\n<p style=\"text-align: left;\"><span style=\"color: #000000;\">N\u00eb Prishtin\u00eb, emisari evropian tha se prioritet p\u00ebr t\u00eb \u00ebsht\u00eb q\u00eb t\u00eb siguroj\u00eb takime mes dy shteteve.<\/span><\/p>\n<p style=\"text-align: left;\"><span style=\"color: #000000;\">&#8220;Dialogu \u00ebsht\u00eb p\u00ebr t\u2019u siguruar q\u00eb t\u00eb ket\u00eb takime. Se a do t\u00eb thot\u00eb kjo kompromise apo jo, u takon pal\u00ebve p\u00ebr ta p\u00ebrcaktuar&#8221;, tha Sorensen n\u00eb Prishtin\u00eb.<\/span><\/p>\n<p style=\"text-align: left;\"><span style=\"color: #000000;\">Takimi i fundit n\u00eb Bruksel i nd\u00ebrmjet\u00ebsuar nga Bashkimi Evropian, mes Kosov\u00ebs dhe Serbis\u00eb, ishte zhvilluar m\u00eb 17 dhjetor t\u00eb vitit t\u00eb kaluar.<\/span><\/p>\n<p style=\"text-align: left;\"><span style=\"color: #000000;\">Kosova dhe Serbia dialogojn\u00eb n\u00ebn nd\u00ebrmjet\u00ebsimin e Bashkimit Evropian q\u00eb nga viti 2011. N\u00eb vitet e fundit, dialogu \u00ebsht\u00eb zhvilluar n\u00eb nivel t\u00eb lart\u00eb, mes lider\u00ebve t\u00eb dy vendeve, dhe n\u00eb nivel kryenegociator\u00ebsh.<\/span><\/p>\n<p style=\"text-align: left;\"><span style=\"color: #000000;\">Marr\u00ebveshja, e cila nuk \u00ebsht\u00eb n\u00ebnshkruar, \u00ebsht\u00eb ligj\u00ebrisht e detyrueshme p\u00ebr pal\u00ebt, ka th\u00ebn\u00eb blloku, i cili i ka akuzuar Kosov\u00ebn dhe Serbin\u00eb p\u00ebr mosnisjen e zbatimit t\u00eb paktit.<a href=\"https:\/\/www.evropaelire.org\/a\/vuciq-takim-hapur-sorensen-beograd\/33358553.html\"><span style=\"color: #0000ff;\"><strong>\/REL<\/strong><\/span><\/a><\/span><\/p>\n","protected":false,"gt_translate_keys":[{"key":"rendered","format":"html"}]},"excerpt":{"rendered":"<p>Presidenti i Serbis\u00eb, Aleksandar Vu\u00e7i\u00e7, u takua t\u00eb mart\u00ebn n\u00eb Beograd me t\u00eb d\u00ebrguarin e Bashkimit Evropian p\u00ebr dialogun Kosov\u00eb-Serbi, Peter Sorensen. N\u00eb nj\u00eb postim n\u00eb Instagram pas takimit, Vu\u00e7i\u00e7 tha se takimi i tij i par\u00eb me t\u00eb d\u00ebrguarin e ri p\u00ebr dialogun ishte \u201ci hapur dhe i drejt\u00eb\u201d. Ai ka th\u00ebn\u00eb se e [&hellip;]<\/p>\n","protected":false,"gt_translate_keys":[{"key":"rendered","format":"html"}]},"author":49,"featured_media":731967,"comment_status":"closed","ping_status":"open","sticky":false,"template":"","format":"standard","meta":{"footnotes":""},"categories":[149],"tags":[],"class_list":["post-731966","post","type-post","status-publish","format-standard","has-post-thumbnail","hentry","category-kosoverajon"],"gt_translate_keys":[{"key":"link","format":"url"}],"_links":{"self":[{"href":"https:\/\/www.hashtag.al\/index.php\/wp-json\/wp\/v2\/posts\/731966","targetHints":{"allow":["GET"]}}],"collection":[{"href":"https:\/\/www.hashtag.al\/index.php\/wp-json\/wp\/v2\/posts"}],"about":[{"href":"https:\/\/www.hashtag.al\/index.php\/wp-json\/wp\/v2\/types\/post"}],"author":[{"embeddable":true,"href":"https:\/\/www.hashtag.al\/index.php\/wp-json\/wp\/v2\/users\/49"}],"replies":[{"embeddable":true,"href":"https:\/\/www.hashtag.al\/index.php\/wp-json\/wp\/v2\/comments?post=731966"}],"version-history":[{"count":99999,"href":"https:\/\/www.hashtag.al\/index.php\/wp-json\/wp\/v2\/posts\/731966\/revisions"}],"predecessor-version":[{"id":731985,"href":"https:\/\/www.hashtag.al\/index.php\/wp-json\/wp\/v2\/posts\/731966\/revisions\/731985"}],"wp:featuredmedia":[{"embeddable":true,"href":"https:\/\/www.hashtag.al\/index.php\/wp-json\/wp\/v2\/media\/731967"}],"wp:attachment":[{"href":"https:\/\/www.hashtag.al\/index.php\/wp-json\/wp\/v2\/media?parent=731966"}],"wp:term":[{"taxonomy":"category","embeddable":true,"href":"https:\/\/www.hashtag.al\/index.php\/wp-json\/wp\/v2\/categories?post=731966"},{"taxonomy":"post_tag","embeddable":true,"href":"https:\/\/www.hashtag.al\/index.php\/wp-json\/wp\/v2\/tags?post=731966"}],"curies":[{"name":"wp","href":"https:\/\/api.w.org\/{rel}","templated":true}]}}