{"id":731583,"date":"2025-03-23T13:14:34","date_gmt":"2025-03-23T12:14:34","guid":{"rendered":"https:\/\/www.hashtag.al\/?p=731583"},"modified":"2025-03-23T13:20:10","modified_gmt":"2025-03-23T12:20:10","slug":"kryeministri-kinez-paralajmeron-paqendrueshmeri-ne-rritje-ne-forumin-kryesor-te-biznesit","status":"publish","type":"post","link":"https:\/\/www.hashtag.al\/index.php\/2025\/03\/23\/kryeministri-kinez-paralajmeron-paqendrueshmeri-ne-rritje-ne-forumin-kryesor-te-biznesit\/","title":{"rendered":"Kryeministri kinez paralajm\u00ebron \u201cpaq\u00ebndrueshm\u00ebri n\u00eb rritje\u201d n\u00eb forumin kryesor t\u00eb biznesit","gt_translate_keys":[{"key":"rendered","format":"text"}]},"content":{"rendered":"<p><span style=\"color: #000000;\"><img loading=\"lazy\" decoding=\"async\" class=\"aligncenter size-full wp-image-731584\" src=\"https:\/\/www.hashtag.al\/wp-content\/uploads\/2025\/03\/BVDZASQZMNPTLB3QVN3G5TPEBM-ezgif.com-avif-to-jpg-converter.jpg\" alt=\"\" width=\"960\" height=\"649\" srcset=\"https:\/\/www.hashtag.al\/wp-content\/uploads\/2025\/03\/BVDZASQZMNPTLB3QVN3G5TPEBM-ezgif.com-avif-to-jpg-converter.jpg 960w, https:\/\/www.hashtag.al\/wp-content\/uploads\/2025\/03\/BVDZASQZMNPTLB3QVN3G5TPEBM-ezgif.com-avif-to-jpg-converter-300x203.jpg 300w, https:\/\/www.hashtag.al\/wp-content\/uploads\/2025\/03\/BVDZASQZMNPTLB3QVN3G5TPEBM-ezgif.com-avif-to-jpg-converter-768x519.jpg 768w\" sizes=\"auto, (max-width: 960px) 100vw, 960px\" \/><\/span><\/p>\n<p><span style=\"color: #000000;\">Kryeministri kinez Li Qiang u k\u00ebrkoi vendeve t\u00eb hapin tregjet e tyre p\u00ebr t\u00eb luftuar &#8220;paq\u00ebndrueshm\u00ebrin\u00eb n\u00eb rritje dhe pasigurin\u00eb&#8221; n\u00eb nj\u00eb forum biznesi n\u00eb Pekin t\u00eb diel\u00ebn, nd\u00ebrsa Kina p\u00ebrgatitet p\u00ebr tarifa t\u00eb m\u00ebtejshme t\u00eb SHBA-s\u00eb.<\/span><\/p>\n<p><span style=\"color: #000000;\"><em>&#8220;N\u00eb bot\u00ebn e sotme gjithnj\u00eb e m\u00eb t\u00eb cop\u00ebzuar me paq\u00ebndrueshm\u00ebri dhe pasiguri n\u00eb rritje, \u00ebsht\u00eb m\u00eb e nevojshme q\u00eb vendet t\u00eb hapin tregjet dhe nd\u00ebrmarrjet e tyre p\u00ebr t&#8217;u rezistuar rreziqeve dhe sfidave,&#8221;<\/em> u tha Li dhjet\u00ebra shefave t\u00eb huaj dhe Senatorit republikan t\u00eb SHBA-s\u00eb Steve Daines n\u00eb Forumin e Zhvillimit t\u00eb Kin\u00ebs, njoftoi media shtet\u00ebrore.<\/span><\/p>\n<p><span style=\"color: #000000;\">Drejtor\u00ebt ekzekutiv\u00eb t\u00eb huaj duke p\u00ebrfshir\u00eb Tim Cook t\u00eb Apple, Cristiano Amon nga Qualcomm, Pascal Soriot i AstraZeneca dhe Amin Nasser nga Aramco e Arabis\u00eb Saudite t\u00eb diel\u00ebn dhe disa pritet t\u00eb takojn\u00eb presidentin kinez Xi Jinping, kan\u00eb th\u00ebn\u00eb burimet p\u00ebr Reuters.<\/span><\/p>\n<p><span style=\"color: #000000;\">Pekini \u00ebsht\u00eb i prirur t\u00eb t\u00ebrheq\u00eb investime t\u00eb huaja n\u00eb nj\u00eb koh\u00eb t\u00eb tensioneve gjeopolitike t\u00eb rritura, pasi politik\u00ebb\u00ebr\u00ebsit p\u00ebrpiqen t\u00eb nxisin konsumin e brendsh\u00ebm p\u00ebr t\u00eb kompensuar er\u00ebrat e reja t\u00eb tarifave t\u00eb SHBA-s\u00eb pa elaboruar mbi masat specifike stimuluese.<\/span><\/p>\n<p><span style=\"color: #000000;\">&#8220;Ne do zbatojm\u00eb politika makroekonomike m\u00eb aktive dhe premtuese, do t\u00eb intensifikojm\u00eb m\u00eb tej rregullimet kund\u00ebrciklike dhe do t\u00eb prezantojm\u00eb politika t\u00eb reja rrit\u00ebse kur \u00ebsht\u00eb e nevojshme.&#8221;<\/span><\/p>\n<p><span style=\"color: #000000;\">Li shprehu shpres\u00ebn se sip\u00ebrmarr\u00ebsit do t\u00eb jen\u00eb &#8220;mbrojt\u00ebs dhe nxit\u00ebs t\u00eb vendosur t\u00eb globalizimit&#8221; dhe &#8220;i rezistojn\u00eb unilateralizmit dhe proteksionizmit&#8221;.<\/span><\/p>\n<p><span style=\"color: #000000;\">Kishte m\u00eb pak shefa amerikan\u00eb q\u00eb mor\u00ebn pjes\u00eb n\u00eb samit sesa vitin e kaluar p\u00ebr shkak t\u00eb tensioneve t\u00eb rritura gjeopolitike midis Pekinit dhe Uashingtonit, sipas nj\u00eb burimi, shkruan <span style=\"color: #0000ff;\"><a style=\"color: #0000ff;\" href=\"https:\/\/www.reuters.com\/world\/china\/chinese-premier-warns-rising-instability-key-business-forum-2025-03-23\/\">Reuters<\/a><\/span>.<\/span><\/p>\n<p><span style=\"color: #000000;\">Li u takua me Daines dhe shtat\u00eb shefa t\u00eb tjer\u00eb amerikan\u00eb t\u00eb diel\u00ebn pasdite, t\u00eb cil\u00ebn Daines e faturoi si nj\u00eb mund\u00ebsi p\u00ebr ta p\u00ebr t\u00eb ndar\u00eb pik\u00ebpamjet e tyre p\u00ebr mjedisin e biznesit n\u00eb Kin\u00eb.<\/span><\/p>\n<p><span style=\"color: #000000;\">Ligjv\u00ebn\u00ebsi i Montan\u00ebs, nj\u00eb mb\u00ebshtet\u00ebs i fort\u00eb i Presidentit Donald Trump, u takua me z\u00ebvend\u00ebskryeministrin He Lifeng t\u00eb shtun\u00ebn n\u00eb vizit\u00ebn e par\u00eb n\u00eb Kin\u00eb nga nj\u00eb politikan amerikan q\u00eb kur Trump mori detyr\u00ebn n\u00eb janar.<\/span><\/p>\n<p><span style=\"color: #000000;\">Trump ka njoftuar nj\u00eb val\u00eb tarifash t\u00eb reja &#8220;t\u00eb nd\u00ebrsjella&#8221; q\u00eb do hyjn\u00eb n\u00eb fuqi m\u00eb 2 prill, duke synuar vendet me barriera tregtare p\u00ebr prodhimet amerikane, t\u00eb cilat mund t\u00eb p\u00ebrfshijn\u00eb Kin\u00ebn. Ai vendosi tarifa 20% mbi eksportet kineze k\u00ebt\u00eb muaj, duke e shtyr\u00eb Kin\u00ebn t\u00eb hakmerret me tarifa shtes\u00eb p\u00ebr produktet bujq\u00ebsore amerikane.<\/span><\/p>\n<p><span style=\"color: #000000;\">Administrata Trump do p\u00ebrfundoj\u00eb nj\u00eb rishikim deri m\u00eb 1 prill t\u00eb pajtueshm\u00ebris\u00eb s\u00eb Pekinit me nj\u00eb marr\u00ebveshje tregtare t\u00eb &#8220;faz\u00ebs s\u00eb par\u00eb&#8221; SHBA-Kin\u00eb t\u00eb arritur n\u00eb mandatin e tij t\u00eb par\u00eb.<\/span><\/p>\n<p><span style=\"color: #000000;\">Gjat\u00eb forumit, politik\u00ebb\u00ebr\u00ebsi ekonomik kinez Han Wenxiu u zotua p\u00ebr p\u00ebrpjekje t\u00eb m\u00ebtejshme p\u00ebr t\u00eb thelluar reformat n\u00eb an\u00ebn e ofert\u00ebs dhe p\u00ebr t\u00eb nxitur mb\u00ebshtetjen te vetja n\u00eb shkenc\u00eb dhe teknologji, sipas medias shtet\u00ebrore.<\/span><\/p>\n<p><span style=\"color: #000000;\">N\u00eb jav\u00ebt e fundit, zyrtar\u00ebt e Ministris\u00eb kineze t\u00eb Tregtis\u00eb jan\u00eb takuar me t\u00eb pakt\u00ebn nj\u00eb duzin\u00eb drejtuesish nga firma t\u00eb huaja, duke p\u00ebrfshir\u00eb gjigantin brazilian t\u00eb minierave Vale, Airbus, PepsiCo, Procter &amp; Gamble dhe Hotab.<\/span><\/p>\n<p><span style=\"color: #000000;\">K\u00ebto takime erdh\u00ebn pasi t\u00eb dh\u00ebnat zyrtare treguan se investimet e huaja direkte vitin e kaluar ran\u00eb m\u00eb s\u00eb shumti q\u00eb nga kriza financiare globale e vitit 2008.<\/span><\/p>\n<p><span style=\"color: #000000;\">K\u00ebshilli Shtet\u00ebror i Kin\u00ebs zbuloi nj\u00eb plan veprimi p\u00ebr t\u00eb t\u00ebrhequr investime t\u00eb huaja jav\u00ebn e kaluar, i cili premtoi masa t\u00eb tilla si zbutja e transfertave nd\u00ebrkufitare t\u00eb t\u00eb dh\u00ebnave.<\/span><\/p>\n<p><span style=\"color: #000000;\">Nd\u00ebrsa Kina p\u00ebrfundoi seanc\u00ebn e saj vjetore parlamentare k\u00ebt\u00eb muaj, qeveria u zotua t\u00eb &#8220;rris\u00eb fuqish\u00ebm&#8221; konsumin n\u00eb nj\u00eb ekonomi q\u00eb p\u00ebrballet me k\u00ebrkes\u00ebn e ngadalt\u00eb t\u00eb konsumatorit dhe nj\u00eb kriz\u00eb t\u00eb zgjatur pron\u00ebsie.<\/span><\/p>\n<p><span style=\"color: #000000;\">Megjithat\u00eb, analist\u00ebt kan\u00eb th\u00ebn\u00eb se politik\u00ebb\u00ebr\u00ebsit do duhet t\u00eb nd\u00ebrmarrin p\u00ebrpjekje m\u00eb t\u00eb m\u00ebdha stimuluese n\u00ebse Pekini p\u00ebrfshihet n\u00eb nj\u00eb luft\u00eb tregtare spirale me Uashingtonin k\u00ebt\u00eb vit.<\/span><\/p>\n","protected":false,"gt_translate_keys":[{"key":"rendered","format":"html"}]},"excerpt":{"rendered":"<p>Kryeministri kinez Li Qiang u k\u00ebrkoi vendeve t\u00eb hapin tregjet e tyre p\u00ebr t\u00eb luftuar &#8220;paq\u00ebndrueshm\u00ebrin\u00eb n\u00eb rritje dhe pasigurin\u00eb&#8221; n\u00eb nj\u00eb forum biznesi n\u00eb Pekin t\u00eb diel\u00ebn, nd\u00ebrsa Kina p\u00ebrgatitet p\u00ebr tarifa t\u00eb m\u00ebtejshme t\u00eb SHBA-s\u00eb. &#8220;N\u00eb bot\u00ebn e sotme gjithnj\u00eb e m\u00eb t\u00eb cop\u00ebzuar me paq\u00ebndrueshm\u00ebri dhe pasiguri n\u00eb rritje, \u00ebsht\u00eb m\u00eb e [&hellip;]<\/p>\n","protected":false,"gt_translate_keys":[{"key":"rendered","format":"html"}]},"author":51,"featured_media":731584,"comment_status":"closed","ping_status":"open","sticky":false,"template":"","format":"standard","meta":{"footnotes":""},"categories":[53],"tags":[],"class_list":["post-731583","post","type-post","status-publish","format-standard","has-post-thumbnail","hentry","category-fast-foodi"],"gt_translate_keys":[{"key":"link","format":"url"}],"_links":{"self":[{"href":"https:\/\/www.hashtag.al\/index.php\/wp-json\/wp\/v2\/posts\/731583","targetHints":{"allow":["GET"]}}],"collection":[{"href":"https:\/\/www.hashtag.al\/index.php\/wp-json\/wp\/v2\/posts"}],"about":[{"href":"https:\/\/www.hashtag.al\/index.php\/wp-json\/wp\/v2\/types\/post"}],"author":[{"embeddable":true,"href":"https:\/\/www.hashtag.al\/index.php\/wp-json\/wp\/v2\/users\/51"}],"replies":[{"embeddable":true,"href":"https:\/\/www.hashtag.al\/index.php\/wp-json\/wp\/v2\/comments?post=731583"}],"version-history":[{"count":99999,"href":"https:\/\/www.hashtag.al\/index.php\/wp-json\/wp\/v2\/posts\/731583\/revisions"}],"predecessor-version":[{"id":731589,"href":"https:\/\/www.hashtag.al\/index.php\/wp-json\/wp\/v2\/posts\/731583\/revisions\/731589"}],"wp:featuredmedia":[{"embeddable":true,"href":"https:\/\/www.hashtag.al\/index.php\/wp-json\/wp\/v2\/media\/731584"}],"wp:attachment":[{"href":"https:\/\/www.hashtag.al\/index.php\/wp-json\/wp\/v2\/media?parent=731583"}],"wp:term":[{"taxonomy":"category","embeddable":true,"href":"https:\/\/www.hashtag.al\/index.php\/wp-json\/wp\/v2\/categories?post=731583"},{"taxonomy":"post_tag","embeddable":true,"href":"https:\/\/www.hashtag.al\/index.php\/wp-json\/wp\/v2\/tags?post=731583"}],"curies":[{"name":"wp","href":"https:\/\/api.w.org\/{rel}","templated":true}]}}