{"id":731518,"date":"2025-03-22T20:29:17","date_gmt":"2025-03-22T19:29:17","guid":{"rendered":"https:\/\/www.hashtag.al\/?p=731518"},"modified":"2025-03-22T20:41:05","modified_gmt":"2025-03-22T19:41:05","slug":"ndodh-ne-tirane-mediat-e-majta-jane-entuziaste-pse-shba-ndeshkoi-te-besuaren-e-george-soros","status":"publish","type":"post","link":"https:\/\/www.hashtag.al\/index.php\/2025\/03\/22\/ndodh-ne-tirane-mediat-e-majta-jane-entuziaste-pse-shba-ndeshkoi-te-besuaren-e-george-soros\/","title":{"rendered":"Ndodh n\u00eb Tiran\u00eb &#8211; Mediat e majta jan\u00eb entuziaste pse SHBA nd\u00ebshkoi t\u00eb besuar\u00ebn\u00a0e\u00a0George\u00a0Soros","gt_translate_keys":[{"key":"rendered","format":"text"}]},"content":{"rendered":"<p><span style=\"color: #000000;\"><img decoding=\"async\" src=\"https:\/\/www.hashtag.al\/wp-content\/uploads\/2025\/03\/298230-31.jpg\" \/><\/span><\/p>\n<p><span style=\"color: #000000;\">Shtetet e Bashkuara shpall\u00ebn sot Non-Grata ish-presidenten e Argjentin\u00ebs Cristina Fern\u00e1ndez de Kirchner. <\/span><\/p>\n<p><span style=\"color: #000000;\">N\u00eb vitin 2014 ajo intensifikoi kontaktet me George Soros n\u00eb disa takime t\u00eb nivelit t\u00eb lart\u00eb. De Kirchner u akuzua se po b\u00ebnte loj\u00ebn e nj\u00eb spekulanti nd\u00ebrkomb\u00ebtar n\u00eb raport me problemin madhor t\u00eb borxhit argjentinas. <\/span><\/p>\n<p><span style=\"color: #000000;\">Cristina Fern\u00e1ndez de Kirchner \u00ebsht\u00eb nj\u00eb politikane e majt\u00eb, e krahut progresivo-liberal, dhe armike e betuar e Javier Gerardo Mileit, i cili \u00ebsht\u00eb presidenti aktual i Argjentin\u00ebs dhe zyrtari i par\u00eb q\u00eb Trump takoi pasi u zgjodh president, takim ky i raportuar m\u00eb her\u00ebt nga <span style=\"color: #0000ff;\"><a style=\"color: #0000ff;\" href=\"https:\/\/apnews.com\/article\/trump-milei-first-foreign-leader-meeting-postelection-bd1e4e1042cff30214a3ac3435756ca1\">AP<\/a><\/span>.<\/span><\/p>\n<p><span style=\"color: #000000;\">Kujtojm\u00eb se Javier Milei konsiderohet politikani m\u00eb pro-Trump n\u00eb glob. Trump \u00ebsht\u00eb nj\u00eb idhull p\u00ebr t\u00eb dhe nj\u00eb model q\u00eb ai ndjek.<\/span><\/p>\n<p><span style=\"color: #000000;\">Por deri k\u00ebtu jemi n\u00eb normalitet, fundja, k\u00ebto jan\u00eb zhvillime t\u00eb pritshme. \u00c7udia ndodhi n\u00eb Tiran\u00eb. <\/span><\/p>\n<p><span style=\"color: #000000;\">Sot, n\u00eb mediat proqeveritare u propogandua ideja se p\u00ebr Berish\u00ebn po zbehen shpresat p\u00ebr heqjen e Non-Grat\u00ebs, sepse Departamenti i Shtetit ka vendosur t\u00eb vijoj\u00eb t\u00eb sanksionoj\u00eb me Non-Grata politikan\u00eb t\u00eb tjer\u00eb n\u00eb vende t\u00eb ndryshme t\u00eb globit, p\u00ebrfshir\u00eb politikanen n\u00eb fjal\u00eb, t\u00eb lidhur me George Sorosin!<\/span><\/p>\n<p><span style=\"color: #000000;\">Kjo do t\u00eb ishte nj\u00ebsoj sikur jav\u00ebs tjet\u00ebr, miku tjet\u00ebr i George Soros, zoti Edi Rama, t\u00eb shpallej Non-Grata, nd\u00ebrsa mediat n\u00eb Tiran\u00eb t\u00eb raportonin lajme q\u00eb do t\u00eb hapeshin me tituj t\u00eb till\u00eb si: <\/span><\/p>\n<p><span style=\"color: #000000;\"><em>&#8220;Shuhen shpresat p\u00ebr Berish\u00ebn, SHBA-ja shpall non grata dhe nj\u00eb tjet\u00ebr politikan.&#8221;<\/em><\/span><\/p>\n<p><span style=\"color: #000000;\">Si ta b\u00ebjm\u00eb t\u00eb ket\u00eb kuptim?<\/span><\/p>\n","protected":false,"gt_translate_keys":[{"key":"rendered","format":"html"}]},"excerpt":{"rendered":"<p>Shtetet e Bashkuara shpall\u00ebn sot Non-Grata ish-presidenten e Argjentin\u00ebs Cristina Fern\u00e1ndez de Kirchner. N\u00eb vitin 2014 ajo intensifikoi kontaktet me George Soros n\u00eb disa takime t\u00eb nivelit t\u00eb lart\u00eb. De Kirchner u akuzua se po b\u00ebnte loj\u00ebn e nj\u00eb spekulanti nd\u00ebrkomb\u00ebtar n\u00eb raport me problemin madhor t\u00eb borxhit argjentinas. Cristina Fern\u00e1ndez de Kirchner \u00ebsht\u00eb nj\u00eb [&hellip;]<\/p>\n","protected":false,"gt_translate_keys":[{"key":"rendered","format":"html"}]},"author":32,"featured_media":731519,"comment_status":"closed","ping_status":"open","sticky":false,"template":"","format":"standard","meta":{"footnotes":""},"categories":[22],"tags":[],"class_list":["post-731518","post","type-post","status-publish","format-standard","has-post-thumbnail","hentry","category-ballina"],"gt_translate_keys":[{"key":"link","format":"url"}],"_links":{"self":[{"href":"https:\/\/www.hashtag.al\/index.php\/wp-json\/wp\/v2\/posts\/731518","targetHints":{"allow":["GET"]}}],"collection":[{"href":"https:\/\/www.hashtag.al\/index.php\/wp-json\/wp\/v2\/posts"}],"about":[{"href":"https:\/\/www.hashtag.al\/index.php\/wp-json\/wp\/v2\/types\/post"}],"author":[{"embeddable":true,"href":"https:\/\/www.hashtag.al\/index.php\/wp-json\/wp\/v2\/users\/32"}],"replies":[{"embeddable":true,"href":"https:\/\/www.hashtag.al\/index.php\/wp-json\/wp\/v2\/comments?post=731518"}],"version-history":[{"count":99999,"href":"https:\/\/www.hashtag.al\/index.php\/wp-json\/wp\/v2\/posts\/731518\/revisions"}],"predecessor-version":[{"id":731522,"href":"https:\/\/www.hashtag.al\/index.php\/wp-json\/wp\/v2\/posts\/731518\/revisions\/731522"}],"wp:featuredmedia":[{"embeddable":true,"href":"https:\/\/www.hashtag.al\/index.php\/wp-json\/wp\/v2\/media\/731519"}],"wp:attachment":[{"href":"https:\/\/www.hashtag.al\/index.php\/wp-json\/wp\/v2\/media?parent=731518"}],"wp:term":[{"taxonomy":"category","embeddable":true,"href":"https:\/\/www.hashtag.al\/index.php\/wp-json\/wp\/v2\/categories?post=731518"},{"taxonomy":"post_tag","embeddable":true,"href":"https:\/\/www.hashtag.al\/index.php\/wp-json\/wp\/v2\/tags?post=731518"}],"curies":[{"name":"wp","href":"https:\/\/api.w.org\/{rel}","templated":true}]}}