{"id":731501,"date":"2025-03-22T18:07:50","date_gmt":"2025-03-22T17:07:50","guid":{"rendered":"https:\/\/www.hashtag.al\/?p=731501"},"modified":"2025-03-22T18:07:50","modified_gmt":"2025-03-22T17:07:50","slug":"proteste-kunder-tenderit-per-plazhet-ulqini-nuk-eshte-ne-shitje","status":"publish","type":"post","link":"https:\/\/www.hashtag.al\/index.php\/2025\/03\/22\/proteste-kunder-tenderit-per-plazhet-ulqini-nuk-eshte-ne-shitje\/","title":{"rendered":"Protest\u00eb kund\u00ebr tenderit p\u00ebr plazhet: \u201cUlqini nuk \u00ebsht\u00eb n\u00eb shitje\u201d","gt_translate_keys":[{"key":"rendered","format":"text"}]},"content":{"rendered":"<p><span style=\"color: #000000;\"><img decoding=\"async\" src=\"https:\/\/www.hashtag.al\/wp-content\/uploads\/2021\/03\/ulqini-730x440-730x406.jpg\" \/><\/span><\/p>\n<p><span style=\"color: #000000;\">Qindra banor\u00eb, p\u00ebrfaq\u00ebsues t\u00eb autoriteteve lokale dhe biznesmen\u00eb nga Ulqini protestuan n\u00eb k\u00ebt\u00eb qytet n\u00eb jug t\u00eb Malit t\u00eb Zi, duke th\u00ebn\u00eb se \u201cUlqini nuk \u00ebsht\u00eb n\u00eb shitje\u201d, p\u00ebrcjell <a href=\"https:\/\/www.evropaelire.org\/a\/protesta-ne-ulqin-kunder-tenderit-per-plazhet\/33356034.html\"><span style=\"color: #0000ff;\">Radio Evropa e Lir\u00eb<\/span><\/a>.<\/span><\/p>\n<p><span style=\"color: #000000;\">Protesta e 22 marsit u thirr p\u00ebr shkak t\u00eb pak\u00ebnaq\u00ebsive lidhur me tenderin p\u00ebr dh\u00ebnien me qira t\u00eb plazheve t\u00eb Ulqinit, t\u00eb cilat vitet e fundit jan\u00eb marr\u00eb me qira nga biznesmen\u00ebt lokal\u00eb, por k\u00ebt\u00eb vit oferta m\u00eb e mir\u00eb e marrjes me qira t\u00eb plazheve u vler\u00ebsua t\u00eb ishte ajo e kompanis\u00eb arabe, Eagle Hills.<\/span><\/p>\n<p><span style=\"color: #000000;\">&#8220;Plazhi i Madh nuk \u00ebsht\u00eb nj\u00eb shkret\u00ebtir\u00eb q\u00eb dikush t\u00eb nd\u00ebrtoj\u00eb nj\u00eb Dubai. Plazhi i Madh \u00ebsht\u00eb nj\u00eb mrekulli e natyr\u00ebs, 20 kilometra bregdet i paprekur, me r\u00ebr\u00eb t\u00eb ngroht\u00eb dhe sh\u00ebruese. Krenaria dhe trash\u00ebgimia jon\u00eb\u201d, tha Dijana Pellinkoviq, presidente e shoqat\u00ebs &#8220;Ada Bojana&#8221;.<\/span><\/p>\n<p><span style=\"color: #000000;\">Sipas saj, banor\u00ebt e Ulqinit nuk jan\u00eb kund\u00ebr progresit, por jan\u00eb kund\u00ebr projekteve megalomane q\u00eb fshijn\u00eb identitetin lokal.<\/span><\/p>\n<p><span style=\"color: #000000;\">\u201cKomuniteti yn\u00eb duhet t\u00eb marr\u00eb pjes\u00eb n\u00eb vendimmarrje. Po ngrem\u00eb z\u00ebrin kund\u00ebr centralizmit\u201d, tha p\u00ebrfaq\u00ebsuesi i qiramarr\u00ebsve, Albert Kastrati.<\/span><\/p>\n<p><span style=\"color: #000000;\">Ai vler\u00ebsoi se tenderi p\u00ebr qiramarrjen e plazheve ka diskriminuar qiramarr\u00ebsit vendas dhe ka favorizuar investitor\u00ebt e huaj.<\/span><\/p>\n<p><span style=\"color: #000000;\">Protesta n\u00eb Ulqin u mbajt pavar\u00ebsisht nga fakti se kryeministri i Malit t\u00eb Zi, Millojko Spajiq, m\u00eb 20 mars njoftoi se Eagle Hills ka nd\u00ebrmend t\u00eb t\u00ebrhiqet dhe t&#8217;ua kaloj\u00eb plazhet qiramarr\u00ebsve lokal\u00eb.<\/span><\/p>\n<h4 class=\"wsw__h2\"><span style=\"color: #000000;\"><strong>Pak\u00ebnaq\u00ebsia nisi nga tenderi<\/strong><\/span><\/h4>\n<p><span style=\"color: #000000;\">Kompania arabe, Eagle Hills, m\u00eb 11 mars dor\u00ebzoi ofert\u00ebn m\u00eb t\u00eb mir\u00eb p\u00ebr dh\u00ebnien me qira p\u00ebr nj\u00eb periudh\u00eb kat\u00ebrvje\u00e7are t\u00eb n\u00ebnt\u00eb nga 19 plazhet n\u00eb Plazhin e Madh t\u00eb Ulqinit.<\/span><\/p>\n<p><span style=\"color: #000000;\">Kjo shkaktoi revolt\u00eb te qiramarr\u00ebsit aktual\u00eb t\u00eb plazheve dhe autoritetet lokale, t\u00eb cil\u00ebt deklaruan se plazhet po u jepen investitor\u00ebve t\u00eb huaj \u201cp\u00ebrmes marr\u00ebveshjeve t\u00eb dyshimta\u201d.<\/span><\/p>\n<p><span style=\"color: #000000;\">Pas k\u00ebsaj, si\u00e7 e ka b\u00ebr\u00eb t\u00eb ditur kryeministri Spajiq, presidenti i kompanis\u00eb arabe, Mohamed Alabar, ka hequr dor\u00eb nga oferta.<\/span><\/p>\n<p><span style=\"color: #000000;\">\u201cPersonalisht m\u00eb ka th\u00ebn\u00eb se p\u00ebr t\u00eb gjitha plazhet ku kan\u00eb konkurruar ulqinak\u00ebt, \u00ebsht\u00eb i gatsh\u00ebm t\u00eb heq\u00eb dor\u00eb ose t&#8217;i jap\u00eb me n\u00ebnqira, si\u00e7 \u00ebsht\u00eb e mundur edhe ligj\u00ebrisht\u201d, tha Spajiq.<\/span><\/p>\n<p><span style=\"color: #000000;\">Qeveria e Malit t\u00eb Zi njoftoi se, sipas nism\u00ebs s\u00eb Spajiqit, investitori ka vendosur q\u00eb plazhet q\u00eb i ka fituar p\u00ebrmes tenderit, q\u00eb m\u00eb par\u00eb ishin marr\u00eb me qira nga nd\u00ebrmarr\u00ebsit lokal\u00eb, t\u2019ua dor\u00ebzoj\u00eb atyre me \u00e7mimin q\u00eb ata kan\u00eb ofertuar n\u00eb tender.<\/span><\/p>\n<div data-owner-ct=\"News\" data-inline=\"False\">\n<div class=\"media-block also-read\">\n<div class=\"media-block__content also-read__body also-read__body--h\">\n<h4 class=\"media-block__title media-block__title--size-3 also-read__text p-0\"><span style=\"color: #000000;\">Ulqinak\u00ebt k\u00ebrkojn\u00eb anulimin e tenderit p\u00ebr dh\u00ebnien me qira t\u00eb plazheve<\/span><\/h4>\n<\/div>\n<\/div>\n<\/div>\n<p><span style=\"color: #000000;\">Eagle Hills, q\u00eb dha ofert\u00ebn m\u00eb t\u00eb lart\u00eb p\u00ebr plazhet, \u00ebsht\u00eb nj\u00eb kompani nd\u00ebrtimi nga Abu Dabi i Emirateve t\u00eb Bashkuara Arabe. Kjo kompani njihet p\u00ebr projekte rajonale, sikurse \u201cBelgrade Waterfront\u201d.<\/span><\/p>\n<p><span style=\"color: #000000;\">Kompania ka p\u00ebrfaq\u00ebsin\u00eb n\u00eb Mal t\u00eb Zi, q\u00eb \u00ebsht\u00eb regjistruar pas skadimit t\u00eb afatit fillestar p\u00ebr dor\u00ebzimin e ofertave n\u00eb tenderin p\u00ebr dh\u00ebnien me qira t\u00eb plazheve t\u00eb Ulqinit.<\/span><\/p>\n<p><span style=\"color: #000000;\">Afati p\u00ebr dor\u00ebzimin e ofertave, p\u00ebr tenderin e shpallur m\u00eb 19 shkurt, ishte 4 mars, por ai u zgjat p\u00ebr shtat\u00eb dit\u00eb.<\/span><\/p>\n<p><span style=\"color: #000000;\">Alabar regjistroi kompanin\u00eb e tij m\u00eb 6 mars n\u00eb Malin e Zi dhe aplikoi n\u00eb tender. Afatin e zgjati kompania shtet\u00ebrore q\u00eb menaxhon plazhet n\u00eb Mal t\u00eb Zi.<\/span><\/p>\n<h4 class=\"wsw__h2\"><span style=\"color: #000000;\"><strong>Plane p\u00ebr investime n\u00eb Ulqin<\/strong><\/span><\/h4>\n<p><span style=\"color: #000000;\">Spajiq u ka njoftuar ulqinak\u00ebt se p\u00ebrve\u00e7 t\u00ebrheqjes nga tenderi p\u00ebr dh\u00ebnien me qira t\u00eb plazheve, kompania nga Abu Dabi \u00ebsht\u00eb e interesuar q\u00eb t\u00eb b\u00ebj\u00eb investime n\u00eb Plazhin e Madh, i cili \u00ebsht\u00eb af\u00ebr 13 kilometra i gjat\u00eb dhe ende i pa nd\u00ebrtuar.<\/span><\/p>\n<p><span style=\"color: #000000;\">Ai tha se kompania \u00ebsht\u00eb e interesuar t\u00eb investojn\u00eb 30 miliard\u00eb euro n\u00eb nj\u00eb mega-projekt n\u00eb Ulqin, q\u00eb do t\u00eb p\u00ebrfshinte nd\u00ebrtimin e nj\u00eb aeroporti t\u00eb madh, spitalit m\u00eb modern n\u00eb Ballkan, nj\u00eb marin\u00eb dhe rinovimin e qytetit t\u00eb vjet\u00ebr t\u00eb Ulqinit.<\/span><\/p>\n<p><span style=\"color: #000000;\">Spajiq muajin e kaluar q\u00ebndroi n\u00eb nj\u00eb vizit\u00eb zyrtare n\u00eb Dubai, ku si\u00e7 u njoftua m\u00eb 13 shkurt, u n\u00ebnshkrua nj\u00eb Memorandum Mir\u00ebkuptimi mes Qeveris\u00eb s\u00eb Malit t\u00eb Zi dhe Emirateve, i cili parashikon shk\u00ebmbimin e p\u00ebrvojave p\u00ebr modernizimin e administrat\u00ebs dhe bashk\u00ebpunim ekonomik.<\/span><\/p>\n<div data-owner-ct=\"News\" data-inline=\"False\">\n<div class=\"media-block also-read\"><span style=\"color: #000000;\"><strong>Rregullat e reja t\u00eb qiras\u00eb s\u00eb plazheve godasin r\u00ebnd\u00eb Ulqinin<\/strong><\/span><\/div>\n<\/div>\n<h4 class=\"wsw__h2\"><span style=\"color: #000000;\"><strong>\u00c7far\u00eb i shqet\u00ebson politikan\u00ebt lokal\u00eb<\/strong><\/span><\/h4>\n<p><span style=\"color: #000000;\">Plani p\u00ebr investimet n\u00eb mega-projektin n\u00eb Ulqin nuk ka marr\u00eb miratimin e opozit\u00ebs dhe nj\u00eb pjese t\u00eb lider\u00ebve lokal\u00eb.<\/span><\/p>\n<p><span style=\"color: #000000;\">Deputeti i Bashkimit Demokratik t\u00eb Shqiptar\u00ebve, Mehmet Zenka, konfirmoi se gjat\u00eb nj\u00eb takimi, se Spajiq ka th\u00ebn\u00eb se q\u00ebllimi i investitor\u00ebve arab\u00eb \u00ebsht\u00eb t\u00eb marrin me qira t\u00eb gjith\u00eb Plazhin e Madh p\u00ebr 99 vjet.<\/span><\/p>\n<p><span style=\"color: #000000;\">Ai theksoi se kjo \u00ebsht\u00eb e papranueshme, pasi, edhe pse nuk jan\u00eb kund\u00ebr investimeve, \u201cUlqini nuk \u00ebsht\u00eb n\u00eb shitje\u201d.<\/span><\/p>\n<p><span style=\"color: #000000;\">Sipas tij, nj\u00eb qira p\u00ebr nj\u00eb periudh\u00eb 99-vje\u00e7are do t\u00eb thot\u00eb se p\u00ebr Plazhin e Madh do t\u00eb vendos\u00eb dikush tjet\u00ebr dhe jo komuniteti lokal. Ai shtoi se ekzistojn\u00eb edhe lokacione t\u00eb tjera p\u00ebr investime, por jo 20 milion\u00eb metra katror\u00eb t\u00eb Plazhit t\u00eb Madh dhe rrethin\u00ebs s\u00eb tij.<\/span><\/p>\n<p><span style=\"color: #000000;\">Spajiq, si\u00e7 tha Zenka, ka treguar vet\u00ebm nj\u00eb plan ideor t\u00eb investitor\u00ebve n\u00ebp\u00ebrmjet nj\u00eb fotografie, e cila nuk ishte e mjaftueshme p\u00ebr nj\u00eb vler\u00ebsim serioz.<\/span><\/p>\n<p><span style=\"color: #000000;\">Nj\u00eb dit\u00eb para protest\u00ebs, u mbajt edhe nj\u00eb mbledhje e Kuvendit t\u00eb Ulqinit, ku u miratuan n\u00eb parim projektet e reja p\u00ebr k\u00ebt\u00eb qytet.<\/span><\/p>\n<p><span style=\"color: #000000;\">Nd\u00ebr t\u00eb tjera, u miratua q\u00eb t\u00eb gjitha investimet t\u00eb jen\u00eb n\u00eb p\u00ebrputhje me parimet e zhvillimit t\u00eb q\u00ebndruesh\u00ebm, duke respektuar dokumentet planifikues dhe strategjike t\u00eb komun\u00ebs dhe shtetit, si dhe duke marr\u00eb parasysh q\u00ebndrueshm\u00ebrin\u00eb ekonomike, ekologjike dhe shoq\u00ebrore.<\/span><\/p>\n<h4 class=\"wsw__h2\"><span style=\"color: #000000;\"><strong>Abazoviq k\u00ebrkon q\u00eb Prokuroria Speciale t\u00eb reagoj\u00eb<\/strong><\/span><\/h4>\n<p><span style=\"color: #000000;\">Ish-kryeministri Dritan Abazoviq, i cili \u00ebsht\u00eb nga Ulqini, ka k\u00ebrkuar q\u00eb Prokuroria Speciale e shtetit t\u00eb hetoj\u00eb rastin e dh\u00ebnies s\u00eb qiras\u00eb p\u00ebr Plazhin e Madh, duke pretenduar se b\u00ebhet fjal\u00eb p\u00ebr nj\u00eb vep\u00ebr korruptive.<\/span><\/p>\n<p><span style=\"color: #000000;\">Ai tha se kryeministri Spajiq \u201cka premtuar pasuri shtet\u00ebrore dhe komunale pa iu n\u00ebnshtruar procedur\u00ebs p\u00ebrkat\u00ebse\u201d.<\/span><\/p>\n<p><span style=\"color: #000000;\">\u201cSpajiq ka prezantuar nj\u00eb projekt q\u00eb nuk \u00ebsht\u00eb parashikuar n\u00eb Planin Hap\u00ebsinor t\u00eb Malit t\u00eb Zi, dhe \u00ebsht\u00eb paraqitur si p\u00ebrfaq\u00ebsues i kompanis\u00eb q\u00eb fitoi qiran\u00eb. Procedura e tenderit ishte e dyshimt\u00eb dhe rregullat p\u00ebr garancin\u00eb bankare u ndryshuan n\u00eb momentin e fundit\u201d, tha Abazoviq p\u00ebr gazet\u00ebn &#8220;Vijesti&#8221;.<\/span><\/p>\n<div class=\"wsw__embed\">\n<figure class=\"media-image js-media-expand js-media-expand--ready\">\n<div class=\"img-wrap\">\n<div class=\"thumb\"><span style=\"color: #000000;\"><img loading=\"lazy\" decoding=\"async\" class=\" enhanced\" src=\"https:\/\/gdb.rferl.org\/b156fa2f-4005-48fb-e853-08dd6560d7b8_w650_r0_s.jpeg\" alt=\"Ish-kryeministri i Malit t\u00eb Zi, Dritan Abazoviq, gjat\u00eb protest\u00ebs n\u00eb Ulqin.\" width=\"650\" height=\"488\" \/><\/span><\/div>\n<\/div>\n<\/figure>\n<\/div>\n<p><span style=\"color: #000000;\">Mali i Zi nuk ka Plan Hap\u00ebsinor q\u00eb nga viti 2020.<\/span><\/p>\n<p><span style=\"color: #000000;\">Ai shtoi se sipas informacionit q\u00eb ka, Mohamed Alabar \u00ebsht\u00eb i pak\u00ebnaqur, duke theksuar se duke u t\u00ebrhequr nga qiraja, do t\u00eb humbiste 100 mij\u00eb euro garanci.<\/span><\/p>\n<p><span style=\"color: #000000;\">\u201cE vendos\u00ebn n\u00eb nj\u00eb pozicion t\u00eb v\u00ebshtir\u00eb. \u00cbsht\u00eb shum\u00eb i zem\u00ebruar dhe i gatsh\u00ebm t\u00eb humbas\u00eb para p\u00ebr t\u00eb ruajtur reputacionin e tij\u201d, tha Abazoviq.<\/span><\/p>\n<p><span style=\"color: #000000;\">Dyshimet p\u00ebr parregullsi n\u00eb tenderin p\u00ebr dh\u00ebnien me qira t\u00eb plazheve i kishin shprehur q\u00eb n\u00eb fillim edhe sip\u00ebrmarr\u00ebsit lokal\u00eb, t\u00eb cil\u00ebt thon\u00eb se nuk jan\u00eb kund\u00ebr investitor\u00ebve.<\/span><\/p>\n<p><span style=\"color: #000000;\">\u201cP\u00ebrmes tenderit, afati i t\u00eb cilit u shty, n\u00eb t\u00eb cilin mori pjes\u00eb Eagle Hills Montenegro, ndodhi nj\u00eb sulm i paprecedent i organizuar, i sinkronizuar me institucionet e sistemit\u201d, tha m\u00eb 18 mars, kryetari i Komun\u00ebs s\u00eb Ulqinit, Genci Nimanbegu.<\/span><\/p>\n<p><span style=\"color: #000000;\">Nga Qeveria e Malit t\u00eb Zi pohuan se tenderi \u00ebsht\u00eb realizuar n\u00eb m\u00ebnyr\u00eb ligjore dhe se \u00e7do veprim tjet\u00ebr i ofertuesve, p\u00ebrfshir\u00eb mund\u00ebsin\u00eb e t\u00ebrheqjes, \u00ebsht\u00eb nj\u00eb vendim q\u00eb u p\u00ebrket atyre.<\/span><\/p>\n<p><span style=\"color: #000000;\">Ulqinak\u00ebt kan\u00eb nisur nj\u00eb peticion, i cili \u00ebsht\u00eb n\u00ebnshkruar edhe gjat\u00eb protest\u00ebs, dhe p\u00ebrmes tij k\u00ebrkohet, ve\u00e7 tjerash, anulimi i tenderit p\u00ebr qiradh\u00ebnie.<\/span><\/p>\n<p><span style=\"color: #000000;\">Plazhi i Madh, i gjat\u00eb 13 kilometra dhe me nj\u00eb gjer\u00ebsi mesatare prej 60 metrash, ndodhet pes\u00eb kilometra nga Ulqini, qyteti m\u00eb jugor i bregdetit malazez, q\u00eb ndodhet n\u00eb kufi me Shqip\u00ebrin\u00eb.<\/span><\/p>\n","protected":false,"gt_translate_keys":[{"key":"rendered","format":"html"}]},"excerpt":{"rendered":"<p>Qindra banor\u00eb, p\u00ebrfaq\u00ebsues t\u00eb autoriteteve lokale dhe biznesmen\u00eb nga Ulqini protestuan n\u00eb k\u00ebt\u00eb qytet n\u00eb jug t\u00eb Malit t\u00eb Zi, duke th\u00ebn\u00eb se \u201cUlqini nuk \u00ebsht\u00eb n\u00eb shitje\u201d, p\u00ebrcjell Radio Evropa e Lir\u00eb. Protesta e 22 marsit u thirr p\u00ebr shkak t\u00eb pak\u00ebnaq\u00ebsive lidhur me tenderin p\u00ebr dh\u00ebnien me qira t\u00eb plazheve t\u00eb Ulqinit, t\u00eb [&hellip;]<\/p>\n","protected":false,"gt_translate_keys":[{"key":"rendered","format":"html"}]},"author":32,"featured_media":433948,"comment_status":"closed","ping_status":"open","sticky":false,"template":"","format":"standard","meta":{"footnotes":""},"categories":[149],"tags":[],"class_list":["post-731501","post","type-post","status-publish","format-standard","has-post-thumbnail","hentry","category-kosoverajon"],"gt_translate_keys":[{"key":"link","format":"url"}],"_links":{"self":[{"href":"https:\/\/www.hashtag.al\/index.php\/wp-json\/wp\/v2\/posts\/731501","targetHints":{"allow":["GET"]}}],"collection":[{"href":"https:\/\/www.hashtag.al\/index.php\/wp-json\/wp\/v2\/posts"}],"about":[{"href":"https:\/\/www.hashtag.al\/index.php\/wp-json\/wp\/v2\/types\/post"}],"author":[{"embeddable":true,"href":"https:\/\/www.hashtag.al\/index.php\/wp-json\/wp\/v2\/users\/32"}],"replies":[{"embeddable":true,"href":"https:\/\/www.hashtag.al\/index.php\/wp-json\/wp\/v2\/comments?post=731501"}],"version-history":[{"count":99999,"href":"https:\/\/www.hashtag.al\/index.php\/wp-json\/wp\/v2\/posts\/731501\/revisions"}],"predecessor-version":[{"id":731502,"href":"https:\/\/www.hashtag.al\/index.php\/wp-json\/wp\/v2\/posts\/731501\/revisions\/731502"}],"wp:featuredmedia":[{"embeddable":true,"href":"https:\/\/www.hashtag.al\/index.php\/wp-json\/wp\/v2\/media\/433948"}],"wp:attachment":[{"href":"https:\/\/www.hashtag.al\/index.php\/wp-json\/wp\/v2\/media?parent=731501"}],"wp:term":[{"taxonomy":"category","embeddable":true,"href":"https:\/\/www.hashtag.al\/index.php\/wp-json\/wp\/v2\/categories?post=731501"},{"taxonomy":"post_tag","embeddable":true,"href":"https:\/\/www.hashtag.al\/index.php\/wp-json\/wp\/v2\/tags?post=731501"}],"curies":[{"name":"wp","href":"https:\/\/api.w.org\/{rel}","templated":true}]}}