{"id":731378,"date":"2025-03-21T19:36:39","date_gmt":"2025-03-21T18:36:39","guid":{"rendered":"https:\/\/www.hashtag.al\/?p=731378"},"modified":"2025-03-21T19:36:39","modified_gmt":"2025-03-21T18:36:39","slug":"bardhi-do-kallezoj-ne-spak-majlinda-bufin-prokoruria-te-veproje-me-urgjence-ndaj-ballukut-dhe-bandes-se-saj-elektorale","status":"publish","type":"post","link":"https:\/\/www.hashtag.al\/index.php\/2025\/03\/21\/bardhi-do-kallezoj-ne-spak-majlinda-bufin-prokoruria-te-veproje-me-urgjence-ndaj-ballukut-dhe-bandes-se-saj-elektorale\/","title":{"rendered":"Bardhi: Do kall\u00ebzoj n\u00eb SPAK Majlinda Bufin, prokoruria t\u00eb veproj\u00eb me urgjenc\u00eb ndaj Ballukut dhe band\u00ebs s\u00eb saj elektorale","gt_translate_keys":[{"key":"rendered","format":"text"}]},"content":{"rendered":"<p><img loading=\"lazy\" decoding=\"async\" class=\"aligncenter size-full wp-image-731379\" src=\"https:\/\/www.hashtag.al\/wp-content\/uploads\/2025\/03\/bardhi-balluku-1.jpg\" alt=\"\" width=\"2000\" height=\"1000\" srcset=\"https:\/\/www.hashtag.al\/wp-content\/uploads\/2025\/03\/bardhi-balluku-1.jpg 2000w, https:\/\/www.hashtag.al\/wp-content\/uploads\/2025\/03\/bardhi-balluku-1-300x150.jpg 300w, https:\/\/www.hashtag.al\/wp-content\/uploads\/2025\/03\/bardhi-balluku-1-1024x512.jpg 1024w, https:\/\/www.hashtag.al\/wp-content\/uploads\/2025\/03\/bardhi-balluku-1-768x384.jpg 768w, https:\/\/www.hashtag.al\/wp-content\/uploads\/2025\/03\/bardhi-balluku-1-1536x768.jpg 1536w\" sizes=\"auto, (max-width: 2000px) 100vw, 2000px\" \/><\/p>\n<p><span style=\"color: #000000;\">Kreu i grupit parlamentar t\u00eb PD-s\u00eb Gazment Bardhi ka deklaruar se \u00ebsht\u00eb duke b\u00ebr\u00eb gati nj\u00eb kall\u00ebzim n\u00eb SPAK p\u00ebr kryebashkiaken e Roskovecit Majlinda Bufi. <\/span><\/p>\n<p><span style=\"color: #000000;\">N\u00eb nj\u00eb sh\u00ebnim n\u00eb Facebook ai shkruan se Bufi, q\u00eb \u00ebsht\u00eb pjes\u00eb e band\u00ebs elektorale t\u00eb Belinda Ballukut, vijon t\u00eb sfidoj\u00eb organet e drejt\u00ebsis\u00eb duke shp\u00ebrndarj\u00eb leje legalizimip\u00ebr 300 banor\u00eb t\u00eb Roskovecit dhe Strumit me q\u00ebllim manipulimin e vot\u00ebs p\u00ebr zgjedhjet e 11 majit.<\/span><\/p>\n<p><span style=\"color: #000000;\"><em>\u201cBanda elektorale e Belinda Ballukut, ku kryebashkiakja e Roskovecit z\u00eb nj\u00eb vend\u201d nderi\u201c, vijon t\u2019i b\u00ebj\u00eb karshillek dit\u00ebn p\u00ebr diell ligjit dhe organeve t\u00eb drejt\u00ebsis\u00eb. E trim\u00ebruar nga pand\u00ebshkueshm\u00ebria, Majlinda Bufi, kryetarja e rekordeve t\u00eb paligjshm\u00ebris\u00eb dhe korrupsionit, dit\u00ebn e djeshme shp\u00ebrndau fotot e grupeve t\u00eb terrenit q\u00eb po p\u00ebrgatisin lejet e legalizimit dhe certifikatat e pron\u00ebsis\u00eb p\u00ebr 300 banor\u00eb t\u00eb Roskovecit dhe Strumit, me t\u00eb vetmin q\u00ebllim tjet\u00ebrsimin dhe manipulimin e vullnetit t\u00eb tyre p\u00ebr zgjedhjet parlamentare t\u00eb 11 majit. Shp\u00ebrndarja e lejeve t\u00eb legalizimit dhe certifikatave t\u00eb pron\u00ebsis\u00eb \u00ebsht\u00eb n\u00eb shkelje flagrante t\u00eb Kodit Zgjedhor dhe Kodit Penal, dhe meriton nd\u00ebshkim shembullor nga organet ligjzbatuese.\u201d<\/em> &#8211; shkruan Bardhi.<\/span><\/p>\n<p><span style=\"color: #000000;\">Kandidati i PD-s\u00eb p\u00ebr qarkun e Fierit shton m\u00eb tej se deri tani drejt\u00ebsia nuk vepron\u00a0 p\u00ebr Belinda Ballukun dhe an\u00ebtar\u00ebt e band\u00ebs s\u00eb saj elektorale, me zyrtar\u00ebt q\u00eb kan\u00eb braktisur detyr\u00ebn dhe jan\u00eb v\u00ebn\u00eb n\u00eb sh\u00ebrbim t\u00eb band\u00ebs elektorale. <\/span><\/p>\n<p><span style=\"color: #000000;\">N\u00eb fund Bardhi shkruan se po b\u00ebn gati kall\u00ebzimin p\u00ebr Bufin nd\u00ebrkoh\u00eb q\u00eb i b\u00ebn thirrje SPAK-ut t\u00eb veproj\u00eb lidhur me denoncimet e PD-s\u00eb ndaj ministres Balluku dhe an\u00ebtar\u00ebve t\u00eb band\u00ebs s\u00eb saj.<\/span><\/p>\n<p><span style=\"color: #000000;\"><em>\u201cPor, sic duket p\u00ebr Belinda Ballukun dhe an\u00ebtar\u00ebt e band\u00ebs elektorale t\u00eb saj nuk vepron as ligji e as drejt\u00ebsia. P\u00ebrndryshe si mund t\u00eb shpjegohet q\u00eb t\u00eb gjitha zyrtar\u00ebt e shtetit n\u00eb qarkun e Fierit kan\u00eb braktisur detyr\u00ebn dhe sh\u00ebrbimin ndaj qytetar\u00ebve, duke u v\u00ebn\u00eb t\u00ebr\u00ebsisht n\u00ebn sh\u00ebrbimin e band\u00ebs elektorale, dhe gjith\u00eb k\u00ebt\u00eb e b\u00ebjn\u00eb dit\u00ebn p\u00ebr diell, pa u shqet\u00ebsuar se shkelin ligjin dhe konsumojn\u00eb haptazi vepra penalisht t\u00eb d\u00ebnueshme. Megjithat\u00eb, ne nuk do t\u00eb heshtim dhe as nuk stepemi p\u00ebrball\u00eb band\u00ebs dhe an\u00ebtar\u00ebve t\u00eb saj. Dit\u00ebn e sotme kam autorizuar ekipin ligjor q\u00eb t\u00eb p\u00ebrgatis\u00eb menj\u00ebher\u00eb kall\u00ebzimin penal t\u00eb rradh\u00ebs p\u00ebr Majlinda Bufin n\u00eb SPAK, nd\u00ebrkoh\u00eb q\u00eb presim q\u00eb prokuror\u00ebt e posa\u00e7\u00ebm t\u00eb veprojn\u00eb me urgjenc\u00eb mbi dhjet\u00ebra kall\u00ebzime dhe mij\u00ebra faqe prova q\u00eb kam dor\u00ebzuar k\u00ebto gjasht\u00eb muaj ndaj kryetares s\u00eb band\u00ebs elektorale, Belinda Balluku dhe secili an\u00ebtar t\u00eb band\u00ebs s\u00eb saj individualisht.\u201d<\/em> &#8211; mbyll sh\u00ebnimin Bardhi.<\/span><\/p>\n<p><iframe loading=\"lazy\" style=\"border: none; overflow: hidden;\" src=\"https:\/\/www.facebook.com\/plugins\/post.php?href=https%3A%2F%2Fwww.facebook.com%2Fgazmentbardhi.al%2Fposts%2Fpfbid02ZokcV7uRz47m1F3Ti47Mm4XPxDjoChjMBgwwcUwWWknE9dvcYeVeSWwtD3JtdBGAl&amp;show_text=true&amp;width=500\" width=\"500\" height=\"678\" frameborder=\"0\" scrolling=\"no\" allowfullscreen=\"allowfullscreen\"><\/iframe><\/p>\n","protected":false,"gt_translate_keys":[{"key":"rendered","format":"html"}]},"excerpt":{"rendered":"<p>Kreu i grupit parlamentar t\u00eb PD-s\u00eb Gazment Bardhi ka deklaruar se \u00ebsht\u00eb duke b\u00ebr\u00eb gati nj\u00eb kall\u00ebzim n\u00eb SPAK p\u00ebr kryebashkiaken e Roskovecit Majlinda Bufi. N\u00eb nj\u00eb sh\u00ebnim n\u00eb Facebook ai shkruan se Bufi, q\u00eb \u00ebsht\u00eb pjes\u00eb e band\u00ebs elektorale t\u00eb Belinda Ballukut, vijon t\u00eb sfidoj\u00eb organet e drejt\u00ebsis\u00eb duke shp\u00ebrndarj\u00eb leje legalizimip\u00ebr 300 banor\u00eb [&hellip;]<\/p>\n","protected":false,"gt_translate_keys":[{"key":"rendered","format":"html"}]},"author":51,"featured_media":731379,"comment_status":"closed","ping_status":"open","sticky":false,"template":"","format":"standard","meta":{"footnotes":""},"categories":[65],"tags":[],"class_list":["post-731378","post","type-post","status-publish","format-standard","has-post-thumbnail","hentry","category-lajme"],"gt_translate_keys":[{"key":"link","format":"url"}],"_links":{"self":[{"href":"https:\/\/www.hashtag.al\/index.php\/wp-json\/wp\/v2\/posts\/731378","targetHints":{"allow":["GET"]}}],"collection":[{"href":"https:\/\/www.hashtag.al\/index.php\/wp-json\/wp\/v2\/posts"}],"about":[{"href":"https:\/\/www.hashtag.al\/index.php\/wp-json\/wp\/v2\/types\/post"}],"author":[{"embeddable":true,"href":"https:\/\/www.hashtag.al\/index.php\/wp-json\/wp\/v2\/users\/51"}],"replies":[{"embeddable":true,"href":"https:\/\/www.hashtag.al\/index.php\/wp-json\/wp\/v2\/comments?post=731378"}],"version-history":[{"count":99999,"href":"https:\/\/www.hashtag.al\/index.php\/wp-json\/wp\/v2\/posts\/731378\/revisions"}],"predecessor-version":[{"id":731380,"href":"https:\/\/www.hashtag.al\/index.php\/wp-json\/wp\/v2\/posts\/731378\/revisions\/731380"}],"wp:featuredmedia":[{"embeddable":true,"href":"https:\/\/www.hashtag.al\/index.php\/wp-json\/wp\/v2\/media\/731379"}],"wp:attachment":[{"href":"https:\/\/www.hashtag.al\/index.php\/wp-json\/wp\/v2\/media?parent=731378"}],"wp:term":[{"taxonomy":"category","embeddable":true,"href":"https:\/\/www.hashtag.al\/index.php\/wp-json\/wp\/v2\/categories?post=731378"},{"taxonomy":"post_tag","embeddable":true,"href":"https:\/\/www.hashtag.al\/index.php\/wp-json\/wp\/v2\/tags?post=731378"}],"curies":[{"name":"wp","href":"https:\/\/api.w.org\/{rel}","templated":true}]}}