{"id":731274,"date":"2025-03-21T11:11:12","date_gmt":"2025-03-21T10:11:12","guid":{"rendered":"https:\/\/www.hashtag.al\/?p=731274"},"modified":"2025-03-21T11:13:00","modified_gmt":"2025-03-21T10:13:00","slug":"maturanteve-u-kane-nderprere-mesimin-per-aktivitetet-e-ballukut-bardhi-perdorimi-i-mesuesve-dhe-nxenesve-per-aktivitetet-politike-eshte-krim-spak-te-veproje","status":"publish","type":"post","link":"https:\/\/www.hashtag.al\/index.php\/2025\/03\/21\/maturanteve-u-kane-nderprere-mesimin-per-aktivitetet-e-ballukut-bardhi-perdorimi-i-mesuesve-dhe-nxenesve-per-aktivitetet-politike-eshte-krim-spak-te-veproje\/","title":{"rendered":"\u201cMaturant\u00ebve u kan\u00eb nd\u00ebrprer\u00eb m\u00ebsimin p\u00ebr aktivitetet e Ballukut\u201d- Bardhi: Krim, SPAK t\u00eb veproj\u00eb","gt_translate_keys":[{"key":"rendered","format":"text"}]},"content":{"rendered":"<p><span style=\"color: #000000;\"><img loading=\"lazy\" decoding=\"async\" class=\"aligncenter size-full wp-image-731275\" src=\"https:\/\/www.hashtag.al\/wp-content\/uploads\/2025\/03\/640-0-bardhi-balluku-1729250302-571x350-1.jpg\" alt=\"\" width=\"571\" height=\"350\" srcset=\"https:\/\/www.hashtag.al\/wp-content\/uploads\/2025\/03\/640-0-bardhi-balluku-1729250302-571x350-1.jpg 571w, https:\/\/www.hashtag.al\/wp-content\/uploads\/2025\/03\/640-0-bardhi-balluku-1729250302-571x350-1-300x184.jpg 300w\" sizes=\"auto, (max-width: 571px) 100vw, 571px\" \/><\/span><\/p>\n<p><span style=\"color: #000000;\">Kreu i Grupit Parlamentar t\u00eb Partis\u00eb Demokratike, Gazment Bardhi, ka denoncuar p\u00ebrdorimin e m\u00ebsuesve dhe nx\u00ebn\u00ebsve p\u00ebr aktivitete politike t\u00eb organizuara nga zv\/kryeministrja Belinda Balluku n\u00eb qytetin e Fierit.<\/span><\/p>\n<p><span style=\"color: #000000;\"> N\u00eb nj\u00eb postim n\u00eb Facebook, Bardhi e ka cil\u00ebsuar k\u00ebt\u00eb veprim nj\u00eb krim dhe ka k\u00ebrkuar nd\u00ebrhyrjen e SPAK p\u00ebr t\u00eb nd\u00ebshkuar ata q\u00eb shkelin ligjin dhe etik\u00ebn profesionale.<\/span><\/p>\n<p><span style=\"color: #000000;\">Bardhi ka ndar\u00eb nj\u00eb denoncim t\u00eb b\u00ebr\u00eb nga m\u00ebsues t\u00eb shkollave t\u00eb mesme n\u00eb Fier, sipas t\u00eb cil\u00ebve ata jan\u00eb detyruar t\u00eb braktisin m\u00ebsimin dhe t\u00eb shoq\u00ebrojn\u00eb nx\u00ebn\u00ebsit e maturave n\u00eb panairin e pun\u00ebs t\u00eb organizuar nga Balluku.<\/span><\/p>\n<p><span style=\"color: #000000;\"> Ai ka k\u00ebrkuar q\u00eb SPAK t\u00eb nd\u00ebrhyj\u00eb dhe t\u00eb marr\u00eb masa p\u00ebr t\u00eb hetuar dhe nd\u00ebshkuar ata q\u00eb jan\u00eb p\u00ebrgjegj\u00ebs p\u00ebr shfryt\u00ebzimin e m\u00ebsuesve dhe nx\u00ebn\u00ebsve n\u00eb k\u00ebto aktivitete.<\/span><\/p>\n<p><span style=\"color: #000000;\"><strong>Postimi i Bardhit:<\/strong><\/span><\/p>\n<p><em><span style=\"color: #000000;\">Keqp\u00ebrdorimi i m\u00ebsuesve dhe nx\u00ebn\u00ebsve p\u00ebr aktivitete t\u00eb stisura politike \u00ebsht\u00eb krim!<\/span><\/em><\/p>\n<p><em><span style=\"color: #000000;\">M\u00eb posht\u00eb denoncimi i m\u00ebsuesve t\u00eb shkollave t\u00eb mesme n\u00eb qytetin e Fierit, q\u00eb sot jan\u00eb detyruar t\u00eb braktisur m\u00ebsimin p\u00ebr aktivitetet e Belinda Ballukut! <\/span><\/em><\/p>\n<p><em><span style=\"color: #000000;\">Qytetar\u00ebt e Fierit i kan\u00eb braktisur dhe sot secili prej tyre pyet: Ku \u00ebsht\u00eb SPAK p\u00ebr t\u00eb nd\u00ebshkuar krimet elektorale?<\/span><\/em><\/p>\n<p><em><span style=\"color: #000000;\">Denoncimi i m\u00ebsuesve q\u00eb jan\u00eb detyruar t\u00eb veprojn\u00eb n\u00eb kund\u00ebrshtim me ligjin, me urdh\u00ebr politik t\u00eb drejtuesve t\u00eb shkollave:<\/span><\/em><\/p>\n<p><em><span style=\"color: #000000;\">Mir\u00ebm\u00ebngjes! Uroj t\u00eb jeni mir\u00eb! Dit\u00ebn e djeshme Belinda Balluku ka shp\u00ebrndar\u00eb n\u00eb facebook \u00e7eljen e panairit t\u00eb pun\u00ebs n\u00eb Fier. <\/span><\/em><\/p>\n<p><em><span style=\"color: #000000;\">Sot, drejtor\u00ebt e shkollave kan\u00eb njoftuar m\u00ebsuesit t\u00eb shoq\u00ebrojn\u00eb nx\u00ebn\u00ebsit e maturave, t\u00eb nd\u00ebrpresin m\u00ebsimin or\u00eb 3,4, dhe t\u00eb shoq\u00ebrojn\u00eb nx\u00ebn\u00ebsit n\u00eb panair. <\/span><\/em><\/p>\n<p><em><span style=\"color: #000000;\">Nd\u00ebrprerja e m\u00ebsimit nuk lejohet p\u00ebr \u00e7do lloj aktiviteti, por mesa di un\u00eb, edhe pjes\u00ebmarrja n\u00eb veprimtari ku marrin pjes\u00eb kandidat\u00ebt p\u00ebr deputet\u00eb q\u00eb jan\u00eb shpallur zyrtarisht nga KQZ. Faleminderit!<\/span><\/em><\/p>\n","protected":false,"gt_translate_keys":[{"key":"rendered","format":"html"}]},"excerpt":{"rendered":"<p>Kreu i Grupit Parlamentar t\u00eb Partis\u00eb Demokratike, Gazment Bardhi, ka denoncuar p\u00ebrdorimin e m\u00ebsuesve dhe nx\u00ebn\u00ebsve p\u00ebr aktivitete politike t\u00eb organizuara nga zv\/kryeministrja Belinda Balluku n\u00eb qytetin e Fierit. N\u00eb nj\u00eb postim n\u00eb Facebook, Bardhi e ka cil\u00ebsuar k\u00ebt\u00eb veprim nj\u00eb krim dhe ka k\u00ebrkuar nd\u00ebrhyrjen e SPAK p\u00ebr t\u00eb nd\u00ebshkuar ata q\u00eb shkelin ligjin [&hellip;]<\/p>\n","protected":false,"gt_translate_keys":[{"key":"rendered","format":"html"}]},"author":49,"featured_media":731275,"comment_status":"closed","ping_status":"open","sticky":false,"template":"","format":"standard","meta":{"footnotes":""},"categories":[65],"tags":[],"class_list":["post-731274","post","type-post","status-publish","format-standard","has-post-thumbnail","hentry","category-lajme"],"gt_translate_keys":[{"key":"link","format":"url"}],"_links":{"self":[{"href":"https:\/\/www.hashtag.al\/index.php\/wp-json\/wp\/v2\/posts\/731274","targetHints":{"allow":["GET"]}}],"collection":[{"href":"https:\/\/www.hashtag.al\/index.php\/wp-json\/wp\/v2\/posts"}],"about":[{"href":"https:\/\/www.hashtag.al\/index.php\/wp-json\/wp\/v2\/types\/post"}],"author":[{"embeddable":true,"href":"https:\/\/www.hashtag.al\/index.php\/wp-json\/wp\/v2\/users\/49"}],"replies":[{"embeddable":true,"href":"https:\/\/www.hashtag.al\/index.php\/wp-json\/wp\/v2\/comments?post=731274"}],"version-history":[{"count":99999,"href":"https:\/\/www.hashtag.al\/index.php\/wp-json\/wp\/v2\/posts\/731274\/revisions"}],"predecessor-version":[{"id":731278,"href":"https:\/\/www.hashtag.al\/index.php\/wp-json\/wp\/v2\/posts\/731274\/revisions\/731278"}],"wp:featuredmedia":[{"embeddable":true,"href":"https:\/\/www.hashtag.al\/index.php\/wp-json\/wp\/v2\/media\/731275"}],"wp:attachment":[{"href":"https:\/\/www.hashtag.al\/index.php\/wp-json\/wp\/v2\/media?parent=731274"}],"wp:term":[{"taxonomy":"category","embeddable":true,"href":"https:\/\/www.hashtag.al\/index.php\/wp-json\/wp\/v2\/categories?post=731274"},{"taxonomy":"post_tag","embeddable":true,"href":"https:\/\/www.hashtag.al\/index.php\/wp-json\/wp\/v2\/tags?post=731274"}],"curies":[{"name":"wp","href":"https:\/\/api.w.org\/{rel}","templated":true}]}}