{"id":731189,"date":"2025-03-20T19:57:05","date_gmt":"2025-03-20T18:57:05","guid":{"rendered":"https:\/\/www.hashtag.al\/?p=731189"},"modified":"2025-03-20T19:57:05","modified_gmt":"2025-03-20T18:57:05","slug":"erdogan-i-quan-teater-kritikat-per-arrestimin-e-kryebashkiakut-te-stambollit","status":"publish","type":"post","link":"https:\/\/www.hashtag.al\/index.php\/2025\/03\/20\/erdogan-i-quan-teater-kritikat-per-arrestimin-e-kryebashkiakut-te-stambollit\/","title":{"rendered":"Erdogan i quan teat\u00ebr kritikat p\u00ebr arrestimin e kryebashkiakut t\u00eb Stambollit","gt_translate_keys":[{"key":"rendered","format":"text"}]},"content":{"rendered":"<p><span style=\"color: #000000;\"><img loading=\"lazy\" decoding=\"async\" class=\"aligncenter wp-image-731190 size-full\" src=\"https:\/\/www.hashtag.al\/wp-content\/uploads\/2025\/03\/erdogan.png\" alt=\"\" width=\"1030\" height=\"590\" srcset=\"https:\/\/www.hashtag.al\/wp-content\/uploads\/2025\/03\/erdogan.png 1030w, https:\/\/www.hashtag.al\/wp-content\/uploads\/2025\/03\/erdogan-300x172.png 300w, https:\/\/www.hashtag.al\/wp-content\/uploads\/2025\/03\/erdogan-1024x587.png 1024w, https:\/\/www.hashtag.al\/wp-content\/uploads\/2025\/03\/erdogan-768x440.png 768w\" sizes=\"auto, (max-width: 1030px) 100vw, 1030px\" \/><\/span><\/p>\n<p><span style=\"color: #000000;\">Presidenti turk Recep Tayyip Erdogan tha t\u00eb enjten se partia kryesore e opozit\u00ebs po k\u00ebrkonte t\u00eb mbulonte gabimet e veta dhe t\u00eb mashtronte njer\u00ebzit me \u201cteat\u00ebr\u201d, n\u00eb komentet e tij t\u00eb para pas ndalimit t\u00eb kryebashkiakut t\u00eb Stambollit.<\/span><\/p>\n<p><span style=\"color: #000000;\">\u201cNe nuk kemi koh\u00eb p\u00ebr t\u00eb humbur n\u00eb debate t\u00eb kota dhe as pirgje parash p\u00ebr t\u2019i hedhur n\u00eb m\u00ebnyr\u00eb t\u00eb pamatur,\u201d tha Erdogan n\u00eb nj\u00eb fjalim n\u00eb Ankara, nj\u00eb dit\u00eb pasi kryebashkiaku Ekrem Imamoglu, rivali i tij kryesor politik, u arrestua.<\/span><\/p>\n<p><span style=\"color: #000000;\">\u00c7\u00ebshtjet e Partis\u00eb Popullore Republikane \u201cnuk jan\u00eb \u00e7\u00ebshtje t\u00eb vendit, por \u00e7\u00ebshtje t\u00eb nj\u00eb grushti oportunist\u00ebsh n\u00eb selit\u00eb e tyre,\u201d tha ai. \u201cNuk kemi koh\u00eb p\u00ebr t\u00eb humbur me teatrot e opozit\u00ebs\u201d, shkruan <span style=\"color: #3366ff;\"><a style=\"color: #3366ff;\" href=\"https:\/\/www.reuters.com\/world\/middle-east\/erdogan-dismisses-theatrics-criticism-istanbul-mayor-detention-2025-03-20\/\">Reuters<\/a><\/span>.<\/span><\/p>\n","protected":false,"gt_translate_keys":[{"key":"rendered","format":"html"}]},"excerpt":{"rendered":"<p>Presidenti turk Recep Tayyip Erdogan tha t\u00eb enjten se partia kryesore e opozit\u00ebs po k\u00ebrkonte t\u00eb mbulonte gabimet e veta dhe t\u00eb mashtronte njer\u00ebzit me \u201cteat\u00ebr\u201d, n\u00eb komentet e tij t\u00eb para pas ndalimit t\u00eb kryebashkiakut t\u00eb Stambollit. \u201cNe nuk kemi koh\u00eb p\u00ebr t\u00eb humbur n\u00eb debate t\u00eb kota dhe as pirgje parash p\u00ebr t\u2019i [&hellip;]<\/p>\n","protected":false,"gt_translate_keys":[{"key":"rendered","format":"html"}]},"author":32,"featured_media":731190,"comment_status":"closed","ping_status":"open","sticky":false,"template":"","format":"standard","meta":{"footnotes":""},"categories":[6,13],"tags":[],"class_list":["post-731189","post","type-post","status-publish","format-standard","has-post-thumbnail","hentry","category-nderkombetare","category-te-fundit"],"gt_translate_keys":[{"key":"link","format":"url"}],"_links":{"self":[{"href":"https:\/\/www.hashtag.al\/index.php\/wp-json\/wp\/v2\/posts\/731189","targetHints":{"allow":["GET"]}}],"collection":[{"href":"https:\/\/www.hashtag.al\/index.php\/wp-json\/wp\/v2\/posts"}],"about":[{"href":"https:\/\/www.hashtag.al\/index.php\/wp-json\/wp\/v2\/types\/post"}],"author":[{"embeddable":true,"href":"https:\/\/www.hashtag.al\/index.php\/wp-json\/wp\/v2\/users\/32"}],"replies":[{"embeddable":true,"href":"https:\/\/www.hashtag.al\/index.php\/wp-json\/wp\/v2\/comments?post=731189"}],"version-history":[{"count":99999,"href":"https:\/\/www.hashtag.al\/index.php\/wp-json\/wp\/v2\/posts\/731189\/revisions"}],"predecessor-version":[{"id":731191,"href":"https:\/\/www.hashtag.al\/index.php\/wp-json\/wp\/v2\/posts\/731189\/revisions\/731191"}],"wp:featuredmedia":[{"embeddable":true,"href":"https:\/\/www.hashtag.al\/index.php\/wp-json\/wp\/v2\/media\/731190"}],"wp:attachment":[{"href":"https:\/\/www.hashtag.al\/index.php\/wp-json\/wp\/v2\/media?parent=731189"}],"wp:term":[{"taxonomy":"category","embeddable":true,"href":"https:\/\/www.hashtag.al\/index.php\/wp-json\/wp\/v2\/categories?post=731189"},{"taxonomy":"post_tag","embeddable":true,"href":"https:\/\/www.hashtag.al\/index.php\/wp-json\/wp\/v2\/tags?post=731189"}],"curies":[{"name":"wp","href":"https:\/\/api.w.org\/{rel}","templated":true}]}}