{"id":731168,"date":"2025-03-20T18:18:13","date_gmt":"2025-03-20T17:18:13","guid":{"rendered":"https:\/\/www.hashtag.al\/?p=731168"},"modified":"2025-03-20T18:18:13","modified_gmt":"2025-03-20T17:18:13","slug":"veliaj-rikthen-anuela-ristanin-nuk-kam-asnje-perplasje-me-ramen","status":"publish","type":"post","link":"https:\/\/www.hashtag.al\/index.php\/2025\/03\/20\/veliaj-rikthen-anuela-ristanin-nuk-kam-asnje-perplasje-me-ramen\/","title":{"rendered":"Veliaj rikthen Anuela Ristanin: Nuk kam asnj\u00eb p\u00ebrplasje me Ram\u00ebn","gt_translate_keys":[{"key":"rendered","format":"text"}]},"content":{"rendered":"<p data-start=\"80\" data-end=\"229\"><span style=\"color: #000000;\"><img decoding=\"async\" src=\"https:\/\/www.hashtag.al\/wp-content\/uploads\/2025\/03\/640-0-1725700591xrama-veliaj-935_sd-1-600x600.jpg\" \/><\/span><\/p>\n<p data-start=\"80\" data-end=\"229\"><span style=\"color: #000000;\">Kryetari i Bashkis\u00eb s\u00eb Tiran\u00ebs, Erion Veliaj, ka reaguar nga burgu lidhur me debatin mbi em\u00ebrimin dhe shkarkimin e kryetares n\u00eb detyr\u00eb t\u00eb bashkis\u00eb.<\/span><\/p>\n<p data-start=\"231\" data-end=\"519\"><span style=\"color: #000000;\">Pas largimit t\u00eb Anuela Ristanit, Veliaj kishte deleguar p\u00ebrgjegj\u00ebsit\u00eb te Sara Goxhaj, por m\u00eb pas e ka anuluar k\u00ebt\u00eb vendim, duke e rikthyer Ristanin n\u00eb krye t\u00eb institucionit. Ai sqaroi se delegimi i m\u00ebparsh\u00ebm ishte b\u00ebr\u00eb pa u dakord\u00ebsuar me ekipin drejtues dhe p\u00ebr k\u00ebt\u00eb arsye u korrigjua.<\/span><\/p>\n<p data-start=\"521\" data-end=\"719\"><span style=\"color: #000000;\">Duke iu p\u00ebrgjigjur z\u00ebrave p\u00ebr nj\u00eb p\u00ebrplasje mes tij dhe kryeministrit Edi Rama, Veliaj i hodhi posht\u00eb k\u00ebto pretendime, duke theksuar se mes tyre ekziston nj\u00eb marr\u00ebdh\u00ebnie e konsoliduar prej vitesh.<\/span><\/p>\n<p data-start=\"721\" data-end=\"1005\"><span style=\"color: #000000;\"><em>&#8220;U informova q\u00eb paska plasur \u2018peshku\u2019 n\u00eb mo\u00e7alet mediatike p\u00ebr nj\u00eb p\u00ebrplasje mes meje dhe Ram\u00ebs p\u00ebr \u00e7\u00ebshtjen e delegimeve. Me Ram\u00ebn kam vet\u00ebm mall t\u00eb takohem dhe t\u00eb flas p\u00ebr pun\u00ebt si gjithmon\u00eb. Delegimi \u00ebsht\u00eb rikthyer aty ku ishte dhe k\u00ebtu mbyllet edhe keqkuptimi,&#8221;<\/em> u shpreh Veliaj.<\/span><\/p>\n<p data-start=\"1007\" data-end=\"1130\" data-is-last-node=\"\" data-is-only-node=\"\"><span style=\"color: #000000;\">Ai ironizoi interesimin e mediave p\u00ebr k\u00ebt\u00eb \u00e7\u00ebshtje, duke e cil\u00ebsuar si nj\u00eb &#8220;sport t\u00eb ri&#8221; t\u00eb krijuar fal\u00eb hetimeve ndaj tij.<\/span><\/p>\n","protected":false,"gt_translate_keys":[{"key":"rendered","format":"html"}]},"excerpt":{"rendered":"<p>Kryetari i Bashkis\u00eb s\u00eb Tiran\u00ebs, Erion Veliaj, ka reaguar nga burgu lidhur me debatin mbi em\u00ebrimin dhe shkarkimin e kryetares n\u00eb detyr\u00eb t\u00eb bashkis\u00eb. Pas largimit t\u00eb Anuela Ristanit, Veliaj kishte deleguar p\u00ebrgjegj\u00ebsit\u00eb te Sara Goxhaj, por m\u00eb pas e ka anuluar k\u00ebt\u00eb vendim, duke e rikthyer Ristanin n\u00eb krye t\u00eb institucionit. Ai sqaroi se [&hellip;]<\/p>\n","protected":false,"gt_translate_keys":[{"key":"rendered","format":"html"}]},"author":32,"featured_media":731087,"comment_status":"closed","ping_status":"open","sticky":false,"template":"","format":"standard","meta":{"footnotes":""},"categories":[65],"tags":[],"class_list":["post-731168","post","type-post","status-publish","format-standard","has-post-thumbnail","hentry","category-lajme"],"gt_translate_keys":[{"key":"link","format":"url"}],"_links":{"self":[{"href":"https:\/\/www.hashtag.al\/index.php\/wp-json\/wp\/v2\/posts\/731168","targetHints":{"allow":["GET"]}}],"collection":[{"href":"https:\/\/www.hashtag.al\/index.php\/wp-json\/wp\/v2\/posts"}],"about":[{"href":"https:\/\/www.hashtag.al\/index.php\/wp-json\/wp\/v2\/types\/post"}],"author":[{"embeddable":true,"href":"https:\/\/www.hashtag.al\/index.php\/wp-json\/wp\/v2\/users\/32"}],"replies":[{"embeddable":true,"href":"https:\/\/www.hashtag.al\/index.php\/wp-json\/wp\/v2\/comments?post=731168"}],"version-history":[{"count":99999,"href":"https:\/\/www.hashtag.al\/index.php\/wp-json\/wp\/v2\/posts\/731168\/revisions"}],"predecessor-version":[{"id":731170,"href":"https:\/\/www.hashtag.al\/index.php\/wp-json\/wp\/v2\/posts\/731168\/revisions\/731170"}],"wp:featuredmedia":[{"embeddable":true,"href":"https:\/\/www.hashtag.al\/index.php\/wp-json\/wp\/v2\/media\/731087"}],"wp:attachment":[{"href":"https:\/\/www.hashtag.al\/index.php\/wp-json\/wp\/v2\/media?parent=731168"}],"wp:term":[{"taxonomy":"category","embeddable":true,"href":"https:\/\/www.hashtag.al\/index.php\/wp-json\/wp\/v2\/categories?post=731168"},{"taxonomy":"post_tag","embeddable":true,"href":"https:\/\/www.hashtag.al\/index.php\/wp-json\/wp\/v2\/tags?post=731168"}],"curies":[{"name":"wp","href":"https:\/\/api.w.org\/{rel}","templated":true}]}}