{"id":731132,"date":"2025-03-20T14:17:28","date_gmt":"2025-03-20T13:17:28","guid":{"rendered":"https:\/\/www.hashtag.al\/?p=731132"},"modified":"2025-03-20T14:17:28","modified_gmt":"2025-03-20T13:17:28","slug":"konferenca-e-kryeparlamentareve-te-kie-spiropali-nga-strasburgu-shqiperia-po-ecen-shpejt-drejt-familjes-europiane","status":"publish","type":"post","link":"https:\/\/www.hashtag.al\/index.php\/2025\/03\/20\/konferenca-e-kryeparlamentareve-te-kie-spiropali-nga-strasburgu-shqiperia-po-ecen-shpejt-drejt-familjes-europiane\/","title":{"rendered":"Konferenca e kryeparlamentar\u00ebve t\u00eb KiE, Spiropali nga Strasburgu: Shqip\u00ebria po ec\u00ebn shpejt drejt familjes europiane","gt_translate_keys":[{"key":"rendered","format":"text"}]},"content":{"rendered":"<p>&nbsp;<\/p>\n<p><span style=\"color: #000000;\"><img loading=\"lazy\" decoding=\"async\" class=\"alignnone size-medium wp-image-731133\" src=\"https:\/\/www.hashtag.al\/wp-content\/uploads\/2025\/03\/Screenshot-2025-03-20-151440-300x197.png\" alt=\"\" width=\"300\" height=\"197\" srcset=\"https:\/\/www.hashtag.al\/wp-content\/uploads\/2025\/03\/Screenshot-2025-03-20-151440-300x197.png 300w, https:\/\/www.hashtag.al\/wp-content\/uploads\/2025\/03\/Screenshot-2025-03-20-151440.png 543w\" sizes=\"auto, (max-width: 300px) 100vw, 300px\" \/><\/span><\/p>\n<p><span style=\"color: #000000;\">Kryetarja e Kuvendit, Elisa Spiropali, po merr pjes\u00eb n\u00eb Konferenc\u00ebn e Kryetar\u00ebve t\u00eb Parlamenteve t\u00eb vendeve an\u00ebtare t\u00eb K\u00ebshillit t\u00eb Europ\u00ebs, e cila zhvillohet n\u00eb Strasburg sot dhe nes\u00ebr (20 dhe 21 mars).<\/span><\/p>\n<p><span style=\"color: #000000;\">Gjat\u00eb fjal\u00ebs s\u00eb saj n\u00eb sesionin e par\u00eb plenar \u201cMbrojtja e Demokracis\u00eb\u201d, e cila iu kushtua p\u00ebrpjekjeve t\u00eb shteteve an\u00ebtare p\u00ebr t\u00eb mbrojtur vlerat dhe konsoliduar institucionet demokratike, Spiropali n\u00ebnvizoi se \u201cdemokracia nuk dob\u00ebsohet brenda nat\u00ebs, dhe as nuk mbetet e fort\u00eb pa p\u00ebrpjekje\u201d.<\/span><\/p>\n<p><span style=\"color: #000000;\">Ajo tha se <em>\u201cn\u00ebp\u00ebr Evrop\u00eb tablot\u00eb politike po ndryshojn\u00eb, besimi tek institucionet po testohet dhe forcat e jashtme k\u00ebrkojn\u00eb t\u00eb manipulojn\u00eb opinionin publik\u201d.<\/em><\/span><\/p>\n<p><span style=\"color: #000000;\">Kryeparlamentarja foli edhe p\u00ebr procesin e integrimit t\u00eb BE duke th\u00ebn\u00eb se \u201c<em>30 vite m\u00eb par\u00eb, kur Shqip\u00ebria u pranua an\u00ebtare e K\u00ebshillit t\u00eb Europ\u00ebs, pas nj\u00eb izolimi absolut, demokracia p\u00ebr shqiptar\u00ebt ishte ende vet\u00ebm nj\u00eb ideal, sundimi i ligjit sapo kishte nisur t\u00eb z\u00ebvend\u00ebsonte partin\u00eb-shtet dhe partin\u00eb-ligj, dhe t\u00eb drejtat e njeriut, sidomos ato politike, fetare e t\u00eb pron\u00ebs kishin filluar t\u00eb shnd\u00ebrroheshin n\u00eb nj\u00eb aspirat\u00eb p\u00ebr qytetar\u00ebt.<\/em><\/span><\/p>\n<p><span style=\"color: #000000;\"><em>Shqip\u00ebria, 30 vjet pas an\u00ebtar\u00ebsimit n\u00eb K\u00ebshillin e Evrop\u00ebs, ka arritur para portave t\u00eb Bashkimit Europian, me arritje thelb\u00ebsore e t\u00eb prekshme n\u00eb tre shtyllat krysore t\u00eb organizat\u00ebs t\u00eb madhe europiane\u201d,<\/em> theksoi Spiropali.<\/span><\/p>\n<p>&nbsp;<\/p>\n<p><span style=\"color: #000000;\">Fjala e plot\u00eb:<\/span><\/p>\n<p><span style=\"color: #000000;\"><em>\u201cDemokracia nuk dob\u00ebsohet brenda nat\u00ebs, dhe as nuk mbetet e fort\u00eb pa p\u00ebrpjekje. N\u00ebp\u00ebr Evrop\u00eb tablot\u00eb politike po ndryshojn\u00eb, besimi tek institucionet po testohet dhe forcat e jashtme k\u00ebrkojn\u00eb t\u00eb manipulojn\u00eb opinionin publik.<\/em><\/span><\/p>\n<p><span style=\"color: #000000;\"><em>Rradh\u00eb her\u00eb ndodh q\u00eb k\u00ebto ndryshime t\u00eb njoftohen qart\u00ebsisht; ato shpalosen gradualisht, duke riformatuar normat, duke ndikuar tek qeverisja dhe duke sfiduar themelet ku ne mb\u00ebshtetemi. Shqip\u00ebria e ka p\u00ebrjetuar n\u00eb vet\u00eb t\u00eb par\u00eb sa e brisht\u00eb dhe nj\u00ebkoh\u00ebsisht sa e fort\u00eb mund t\u00eb jet\u00eb Demokracia.<\/em><\/span><\/p>\n<p><span style=\"color: #000000;\"><em>30 vite m\u00eb par\u00eb, kur Shqip\u00ebria u pranua an\u00ebtare e K\u00ebshillit t\u00eb Europ\u00ebs, pas nj\u00eb izolimi absolut, demokracia p\u00ebr shqiptar\u00ebt ishte ende vet\u00ebm nj\u00eb ideal, sundimi i ligjit sapo kishte nisur t\u00eb z\u00ebvend\u00ebsonte partin\u00eb-shtet dhe partin\u00eb-ligj, dhe t\u00eb drejtat e njeriut, sidomos ato politike, fetare e t\u00eb pron\u00ebs kishin filluar t\u00eb shnd\u00ebrroheshin n\u00eb nj\u00eb aspirat\u00eb p\u00ebr qytetar\u00ebt.<\/em><\/span><\/p>\n<p><span style=\"color: #000000;\"><em>Shqip\u00ebria, 30 vjet pas an\u00ebtar\u00ebsimit n\u00eb K\u00ebshillin e Evrop\u00ebs, ka arritur para portave t\u00eb Bashkimit Europian, me arritje thelb\u00ebsore e t\u00eb prekshme n\u00eb tre shtyllat krysore t\u00eb organizat\u00ebs t\u00eb madhe europiane.<\/em><\/span><\/p>\n<p><span style=\"color: #000000;\"><em>Vendimi i Asambles\u00eb Parlamentare i prillit 2024 p\u00ebr t\u00eb nxjerr\u00eb Shqip\u00ebrin\u00eb nga procedura e monitorimit t\u00eb plot\u00eb, \u00ebsht\u00eb nj\u00eb konfirmim i arritjeve tona.<\/em><\/span><\/p>\n<p><span style=\"color: #000000;\"><em>Objektivi strategjik komb\u00ebtar i Shqip\u00ebris\u00eb p\u00ebr an\u00ebtar\u00ebsimin n\u00eb Bashkimin Europian brenda vitit 2030 dhe p\u00ebrfundimin e negociatave teknike brenda vitit 2027 ka gjetur nj\u00eb mb\u00ebshtetje t\u00eb plot\u00eb nga Bashkimi Europian.<\/em><\/span><\/p>\n<p><span style=\"color: #000000;\"><em>Vendimi i Parlamentit Europian p\u00ebr hapjen n\u00eb Shqip\u00ebri t\u00eb Zyr\u00ebs Rajonale p\u00ebr Ballkanin Per\u00ebndimor \u00ebsht\u00eb nj\u00eb rikonfirmim i faktit se Shqip\u00ebria \u00ebsht\u00eb jo vet\u00ebm vendi kandidat me vizionin m\u00eb t\u00eb qart\u00eb, shpejt\u00ebsin\u00eb m\u00eb t\u00eb lart\u00eb dhe vendosm\u00ebrin\u00eb m\u00eb t\u00eb madhe drejt familjes europiane, por \u00ebsht\u00eb edhe nj\u00eb qend\u00ebr dhe lider n\u00eb nxitjen e bashk\u00ebpunimit rajonal dhe integrimin europian t\u00eb vendeve t\u00eb rajonit.<\/em><\/span><\/p>\n<p><span style=\"color: #000000;\"><em>Progresi i Shqip\u00ebris\u00eb drejt Bashkimin Europian \u00ebsht\u00eb edhe rezultat i bashk\u00ebpunimit t\u00eb ngusht\u00eb dhe njohjes nga K\u00ebshilli i Europ\u00ebs t\u00eb arritjeve tona, sidomos n\u00eb pavar\u00ebsin\u00eb e deg\u00ebve t\u00eb qeverisjes, reform\u00ebn e thell\u00eb dhe gjith\u00ebp\u00ebrfshir\u00ebse n\u00eb drejt\u00ebsi, luft\u00ebn kund\u00ebr korrupsionit dhe krimit t\u00eb organizuar, mbrojtjen e pakicave dhe t\u00eb t\u00eb drejatve t\u00eb njeriut, lirin\u00eb e medias etj.<\/em><\/span><\/p>\n<p><span style=\"color: #000000;\"><em>Kuvendi i Shqip\u00ebris\u00eb mbetet i pal\u00ebkundur n\u00eb lidershipin, garantimin e legjitimitetit demokratik dhe gjith\u00ebp\u00ebrfshirjen e procesit t\u00eb integrimit europian, n\u00eb avancimin dhe thellimin e refomave, mb\u00ebshtetjen e institucioneve t\u00eb drejt\u00ebsis\u00eb dhe t\u00eb pavar\u00ebsis\u00eb s\u00eb tyre dhe mbrojtjen e vlerave dhe konsolidimin e institucioneve demokratike.<\/em><\/span><\/p>\n<p><span style=\"color: #000000;\"><em>Ajo demokraci q\u00eb d\u00ebshton t\u00eb mbaj\u00eb balanc\u00ebn institucionale, rrezikon t\u00eb humbas\u00eb aft\u00ebsin\u00eb p\u00ebr ti sh\u00ebrbyer popullit t\u00eb vet.<\/em><\/span><\/p>\n<p><span style=\"color: #000000;\"><em>Kur parlamentet luftojn\u00eb p\u00ebr t\u00eb ushtruar kontrollin, kur kontrollet dhe balancat nisin t\u00eb dob\u00ebsohen, qeverisja largohet nga q\u00ebllimi i saj thelb\u00ebsor.<\/em><\/span><\/p>\n<p><span style=\"color: #000000;\"><em>Roli i organeve legjislative q\u00ebndron shum\u00eb p\u00ebrtej miratimit t\u00eb ligjeve; roli i tyre q\u00ebndron tek aft\u00ebsia e tyre p\u00ebr t\u00eb b\u00ebr\u00eb pyetje, p\u00ebr t\u00eb sfiduar dhe p\u00ebr t\u00eb b\u00ebr\u00eb qeverit\u00eb q\u00eb t\u00eb jen\u00eb llogaridh\u00ebn\u00ebse.<\/em><\/span><\/p>\n<p><span style=\"color: #000000;\"><em>N\u00eb Shqip\u00ebri jan\u00eb nd\u00ebrmarr\u00eb hapa p\u00ebr t\u00eb forcuar mbikqyrjen parlamentare, duke garantuar q\u00eb institucionet t\u00eb punojn\u00eb me nj\u00ebri tjetrin, dhe jo kundra nj\u00ebri tjetrit.<\/em><\/span><\/p>\n<p><span style=\"color: #000000;\"><em>Kuvendi ka ngritur koh\u00ebt e fundit dy komisione t\u00eb posa\u00e7me: Komisionin p\u00ebr thellimin e luft\u00ebs kund\u00ebr korrupsionit dhe p\u00ebrshpejtimin e ritmeve t\u00eb an\u00ebtar\u00ebsimit n\u00eb Bashkimin Europian dhe Komisionin p\u00ebr mbrojtjen e demokracis\u00eb nga dezinformimi dhe nd\u00ebrhyrjet e huaja n\u00eb procesin demokratik.<\/em><\/span><\/p>\n<p><span style=\"color: #000000;\"><em>Megjithat\u00eb, institucionet t\u00eb vetme nuk mund ta mb\u00ebshtesin demokracin\u00eb. Ligjet mund t\u00eb drejtojn\u00eb shoq\u00ebrit\u00eb, por besimi i publikut p\u00ebrcakton legjitimitetin e tyre. Shqip\u00ebria \u00ebsht\u00eb p\u00ebrpjekur q\u00eb vendim-marrjen ta afroj\u00eb tek njer\u00ebzit, duke hapur kanale t\u00eb reja p\u00ebr angazhim dhe duke ushqyer nj\u00eb kultur\u00eb politike q\u00eb nxit pjes\u00ebmarrjen p\u00ebrtej cikleve zgjedhore.<\/em><\/span><\/p>\n<p><span style=\"color: #000000;\"><em>Nj\u00eb sistem q\u00eb d\u00ebgjon ka shum\u00eb m\u00eb tep\u00ebr mund\u00ebsi t\u00eb zgjas\u00eb. Angazhimi publik varet jo vet\u00ebm nga aksesi, por nga nd\u00ebrgjegj\u00ebsimi.<\/em><\/span><\/p>\n<p><span style=\"color: #000000;\"><em>Individ\u00ebt pa aft\u00ebsin\u00eb p\u00ebr ta vler\u00ebsuar informacionin n\u00eb m\u00ebnyr\u00eb kritike b\u00ebhen m\u00eb vulnerab\u00ebl ndaj manipulimit, dhe debati publik humbet mb\u00ebshtetjen e tij tek diskursi i arsyetuar.<\/em><\/span><\/p>\n<p><span style=\"color: #000000;\"><em>Shqip\u00ebria ka zgjeruar p\u00ebrpjekjet p\u00ebr edukim t\u00eb medias, jo si nj\u00eb nism\u00eb akademike, por si nj\u00eb p\u00ebrgjigje praktike ndaj nj\u00eb bote ku keqinformimi mund t\u00eb shtremb\u00ebroj\u00eb realitetin.<\/em><\/span><\/p>\n<p><span style=\"color: #000000;\"><em>K\u00ebshilli i Europ\u00ebs nuk \u00ebsht\u00eb i plot\u00eb me munges\u00ebn e shtetit m\u00eb t\u00eb ri t\u00eb Europ\u00ebs, Kosov\u00ebs. V\u00ebshtir\u00eb t\u00eb gjendet nj\u00eb shtet tjet\u00ebr q\u00eb pas 26 vitesh liri dhe 17 vitesh pavar\u00ebsi t\u00eb ket\u00eb nd\u00ebrtuar nj\u00eb demokraci vibrante si Kosova. Prandaj pranimi i Kosov\u00ebs n\u00eb K\u00ebshillin e Europ\u00ebs, i cili ka mb\u00ebshtetjen e Asambles\u00eb Parlamentare, \u00ebsht\u00eb k\u00ebrkesa m\u00eb e r\u00ebnd\u00ebsishme e Kryetares s\u00eb Parlamentit t\u00eb Shqip\u00ebris\u00eb ndaj k\u00ebsaj Konference.<\/em><\/span><\/p>\n<p><span style=\"color: #000000;\"><em>Demokracit\u00eb n\u00eb vendet tona nuk mund t\u00eb lul\u00ebzojn\u00eb n\u00eb m\u00ebnyr\u00eb t\u00eb q\u00ebndrueshme nd\u00ebrkoh\u00eb q\u00eb sulmohen liria, sovraniteti dhe integriteti i kombeve. Prandaj mb\u00ebshtetja jon\u00eb e pal\u00ebkundur p\u00ebr Ukrain\u00ebn kund\u00ebr agresionit t\u00eb Rusis\u00eb nuk \u00ebsht\u00eb vet\u00ebm nj\u00eb kontribut p\u00ebr paqen e sigurin\u00eb, por edhe p\u00ebr mbrojtjen e vlerave dhe sistemin demokratik n\u00eb vendet tona.\u201d<\/em><\/span><\/p>\n","protected":false,"gt_translate_keys":[{"key":"rendered","format":"html"}]},"excerpt":{"rendered":"<p>&nbsp; Kryetarja e Kuvendit, Elisa Spiropali, po merr pjes\u00eb n\u00eb Konferenc\u00ebn e Kryetar\u00ebve t\u00eb Parlamenteve t\u00eb vendeve an\u00ebtare t\u00eb K\u00ebshillit t\u00eb Europ\u00ebs, e cila zhvillohet n\u00eb Strasburg sot dhe nes\u00ebr (20 dhe 21 mars). Gjat\u00eb fjal\u00ebs s\u00eb saj n\u00eb sesionin e par\u00eb plenar \u201cMbrojtja e Demokracis\u00eb\u201d, e cila iu kushtua p\u00ebrpjekjeve t\u00eb shteteve an\u00ebtare p\u00ebr [&hellip;]<\/p>\n","protected":false,"gt_translate_keys":[{"key":"rendered","format":"html"}]},"author":32,"featured_media":731133,"comment_status":"closed","ping_status":"open","sticky":false,"template":"","format":"standard","meta":{"footnotes":""},"categories":[65],"tags":[],"class_list":["post-731132","post","type-post","status-publish","format-standard","has-post-thumbnail","hentry","category-lajme"],"gt_translate_keys":[{"key":"link","format":"url"}],"_links":{"self":[{"href":"https:\/\/www.hashtag.al\/index.php\/wp-json\/wp\/v2\/posts\/731132","targetHints":{"allow":["GET"]}}],"collection":[{"href":"https:\/\/www.hashtag.al\/index.php\/wp-json\/wp\/v2\/posts"}],"about":[{"href":"https:\/\/www.hashtag.al\/index.php\/wp-json\/wp\/v2\/types\/post"}],"author":[{"embeddable":true,"href":"https:\/\/www.hashtag.al\/index.php\/wp-json\/wp\/v2\/users\/32"}],"replies":[{"embeddable":true,"href":"https:\/\/www.hashtag.al\/index.php\/wp-json\/wp\/v2\/comments?post=731132"}],"version-history":[{"count":99999,"href":"https:\/\/www.hashtag.al\/index.php\/wp-json\/wp\/v2\/posts\/731132\/revisions"}],"predecessor-version":[{"id":731134,"href":"https:\/\/www.hashtag.al\/index.php\/wp-json\/wp\/v2\/posts\/731132\/revisions\/731134"}],"wp:featuredmedia":[{"embeddable":true,"href":"https:\/\/www.hashtag.al\/index.php\/wp-json\/wp\/v2\/media\/731133"}],"wp:attachment":[{"href":"https:\/\/www.hashtag.al\/index.php\/wp-json\/wp\/v2\/media?parent=731132"}],"wp:term":[{"taxonomy":"category","embeddable":true,"href":"https:\/\/www.hashtag.al\/index.php\/wp-json\/wp\/v2\/categories?post=731132"},{"taxonomy":"post_tag","embeddable":true,"href":"https:\/\/www.hashtag.al\/index.php\/wp-json\/wp\/v2\/tags?post=731132"}],"curies":[{"name":"wp","href":"https:\/\/api.w.org\/{rel}","templated":true}]}}