{"id":731045,"date":"2025-03-20T08:53:05","date_gmt":"2025-03-20T07:53:05","guid":{"rendered":"https:\/\/www.hashtag.al\/?p=731045"},"modified":"2025-03-20T08:53:05","modified_gmt":"2025-03-20T07:53:05","slug":"me-11-maj-vota-eshte-gjeopolitike-per-te-ardhmen-e-shqiperise-ne-be-rama","status":"publish","type":"post","link":"https:\/\/www.hashtag.al\/index.php\/2025\/03\/20\/me-11-maj-vota-eshte-gjeopolitike-per-te-ardhmen-e-shqiperise-ne-be-rama\/","title":{"rendered":"&#8220;M\u00eb 11 maj vota \u00ebsht\u00eb gjeopolitike p\u00ebr t\u00eb ardhmen e Shqip\u00ebris\u00eb n\u00eb BE&#8221; &#8211; Rama","gt_translate_keys":[{"key":"rendered","format":"text"}]},"content":{"rendered":"<p><span style=\"color: #000000;\"><img loading=\"lazy\" decoding=\"async\" class=\"aligncenter size-full wp-image-731046\" src=\"https:\/\/www.hashtag.al\/wp-content\/uploads\/2025\/03\/1742456031_edirama.jpg\" alt=\"\" width=\"780\" height=\"440\" srcset=\"https:\/\/www.hashtag.al\/wp-content\/uploads\/2025\/03\/1742456031_edirama.jpg 780w, https:\/\/www.hashtag.al\/wp-content\/uploads\/2025\/03\/1742456031_edirama-300x169.jpg 300w, https:\/\/www.hashtag.al\/wp-content\/uploads\/2025\/03\/1742456031_edirama-768x433.jpg 768w\" sizes=\"auto, (max-width: 780px) 100vw, 780px\" \/><\/span><\/p>\n<p><span style=\"color: #000000;\">Kryeministri Edi Rama zhvilloi nj\u00eb komunikim me ndjek\u00ebsit virtual\u00eb n\u00eb rubrik\u00ebn \u201cSy m\u2019sy\u201d, ku u shpreh mbi r\u00ebnd\u00ebsin\u00eb e vot\u00ebs s\u00eb 11 majit, duke e cil\u00ebsuar at\u00eb si nj\u00eb \u201cvot\u00eb gjeopolitike\u201d p\u00ebr t\u00eb ardhmen e Shqip\u00ebris\u00eb n\u00eb Bashkimin Evropian.<\/span><\/p>\n<p><span style=\"color: #000000;\">Rama theksoi se an\u00ebtar\u00ebsimi n\u00eb BE \u00ebsht\u00eb nj\u00eb mund\u00ebsi e art\u00eb p\u00ebr vendin, duke e lidhur k\u00ebt\u00eb proces me aspiratat historike t\u00eb shqiptar\u00ebve p\u00ebr t\u00eb qen\u00eb pjes\u00eb e Europ\u00ebs. <\/span><\/p>\n<p><span style=\"color: #000000;\">Ai p\u00ebrmendi periudha t\u00eb ndryshme t\u00eb historis\u00eb, si koh\u00ebn e Sk\u00ebnderbeut, Rilindjes Komb\u00ebtare, Luft\u00ebs s\u00eb Dyt\u00eb Bot\u00ebrore dhe pas r\u00ebnies s\u00eb komunizmit, ku Shqip\u00ebria gjithmon\u00eb ka k\u00ebrkuar t\u00eb jet\u00eb pjes\u00eb e Europ\u00ebs.<\/span><\/p>\n<p><span style=\"color: #000000;\"><em>\u201cM\u00eb 11 maj \u00ebsht\u00eb nj\u00eb vot\u00eb gjeopolitike, e shikoni se \u00e7far\u00eb situate komplekse \u00ebsht\u00eb Europa dhe Bota dhe futja n\u00eb at\u00eb familje evropiane \u00ebsht\u00eb \u00e7\u00ebshtje ezistenciale, s\u2019mund t\u00eb rrim\u00eb jasht\u00eb, s\u2019mund t\u00eb jemi delja q\u00eb e ha ujku, aty duhet t\u00eb rrim\u00eb, aty e kemi vendin, aty kan\u00eb dashur ta shohin t\u00eb par\u00ebt tan\u00eb q\u00eb n\u00eb koh\u00ebn e Sk\u00ebnderbeut kur s\u2019kishte BE por kishte Europ\u00eb, n\u00eb koh\u00ebn e Rilindasve kur s\u2019kishte BE, por kishte Europ\u00eb kur Naim Frash\u00ebri thoshte dielli lind n\u00eb Per\u00ebndim, kur mbaroi lufta bot\u00ebrore Europa ishte aty, por s\u2019kishte BE, edhe kur ra komunizmi Europa ishte aty dhe e k\u00ebrkuam. Ndaj m\u00eb 11 maj t\u00eb votojm\u00eb p\u00ebr hyrjen n\u00eb Bashkimin Evropian, ka arsye politike por ka dhe arsye personale\u201d,<\/em> tha Rama.<\/span><\/p>\n","protected":false,"gt_translate_keys":[{"key":"rendered","format":"html"}]},"excerpt":{"rendered":"<p>Kryeministri Edi Rama zhvilloi nj\u00eb komunikim me ndjek\u00ebsit virtual\u00eb n\u00eb rubrik\u00ebn \u201cSy m\u2019sy\u201d, ku u shpreh mbi r\u00ebnd\u00ebsin\u00eb e vot\u00ebs s\u00eb 11 majit, duke e cil\u00ebsuar at\u00eb si nj\u00eb \u201cvot\u00eb gjeopolitike\u201d p\u00ebr t\u00eb ardhmen e Shqip\u00ebris\u00eb n\u00eb Bashkimin Evropian. Rama theksoi se an\u00ebtar\u00ebsimi n\u00eb BE \u00ebsht\u00eb nj\u00eb mund\u00ebsi e art\u00eb p\u00ebr vendin, duke e lidhur [&hellip;]<\/p>\n","protected":false,"gt_translate_keys":[{"key":"rendered","format":"html"}]},"author":49,"featured_media":731046,"comment_status":"closed","ping_status":"open","sticky":false,"template":"","format":"standard","meta":{"footnotes":""},"categories":[65],"tags":[],"class_list":["post-731045","post","type-post","status-publish","format-standard","has-post-thumbnail","hentry","category-lajme"],"gt_translate_keys":[{"key":"link","format":"url"}],"_links":{"self":[{"href":"https:\/\/www.hashtag.al\/index.php\/wp-json\/wp\/v2\/posts\/731045","targetHints":{"allow":["GET"]}}],"collection":[{"href":"https:\/\/www.hashtag.al\/index.php\/wp-json\/wp\/v2\/posts"}],"about":[{"href":"https:\/\/www.hashtag.al\/index.php\/wp-json\/wp\/v2\/types\/post"}],"author":[{"embeddable":true,"href":"https:\/\/www.hashtag.al\/index.php\/wp-json\/wp\/v2\/users\/49"}],"replies":[{"embeddable":true,"href":"https:\/\/www.hashtag.al\/index.php\/wp-json\/wp\/v2\/comments?post=731045"}],"version-history":[{"count":99999,"href":"https:\/\/www.hashtag.al\/index.php\/wp-json\/wp\/v2\/posts\/731045\/revisions"}],"predecessor-version":[{"id":731047,"href":"https:\/\/www.hashtag.al\/index.php\/wp-json\/wp\/v2\/posts\/731045\/revisions\/731047"}],"wp:featuredmedia":[{"embeddable":true,"href":"https:\/\/www.hashtag.al\/index.php\/wp-json\/wp\/v2\/media\/731046"}],"wp:attachment":[{"href":"https:\/\/www.hashtag.al\/index.php\/wp-json\/wp\/v2\/media?parent=731045"}],"wp:term":[{"taxonomy":"category","embeddable":true,"href":"https:\/\/www.hashtag.al\/index.php\/wp-json\/wp\/v2\/categories?post=731045"},{"taxonomy":"post_tag","embeddable":true,"href":"https:\/\/www.hashtag.al\/index.php\/wp-json\/wp\/v2\/tags?post=731045"}],"curies":[{"name":"wp","href":"https:\/\/api.w.org\/{rel}","templated":true}]}}